{"id":102426,"date":"2020-08-30T20:21:42","date_gmt":"2020-08-31T00:21:42","guid":{"rendered":"https:\/\/www.eltrabajo.cl\/portal\/?p=102426"},"modified":"2020-08-30T20:21:42","modified_gmt":"2020-08-31T00:21:42","slug":"este-martes-1-de-septiembre-se-inicia-vacunacion-escolar-2020-en-san-felipe","status":"publish","type":"post","link":"https:\/\/eltrabajo.cl\/portal\/este-martes-1-de-septiembre-se-inicia-vacunacion-escolar-2020-en-san-felipe\/","title":{"rendered":"Este martes 1 de septiembre se inicia vacunaci\u00f3n escolar 2020 en San Felipe"},"content":{"rendered":"<p style=\"text-align: justify;\">Desde este martes 1\u00ba de septiembre se iniciar\u00e1 el periodo de vacunaci\u00f3n escolar 2020 del Ministerio de Salud en San Felipe, por lo cual, los dispositivos de salud de la comuna ya se encuentran preparados para desarrollar este proceso sin eventualidades. Desde el Cesfam Segismundo Iturra desarrollaron un estricto protocolo, que incluye un ingreso diferenciado de los usuarios que asisten por sintomatolog\u00eda respiratoria, a fin que los escolares puedan recibir su vacuna sin problema y con toda seguridad.<\/p>\n<p style=\"text-align: justify;\">Para ello, tambi\u00e9n dispusieron dividirlos por cursos y en distintos horarios, para no generar aglomeraciones. As\u00ed lo se\u00f1al\u00f3 <strong>Catherine Serrano<\/strong>, encargada de epidemiolog\u00eda del Cesfam Segismundo Iturra, quien sostuvo que hace dos semanas se inici\u00f3 el trabajo informativo a los establecimientos para que ellos, a su vez, avisaran a sus apoderados.<\/p>\n<p style=\"text-align: justify;\">\u00ab<em>Comenzamos la campa\u00f1a escolar que siempre est\u00e1 programada para el segundo semestre del a\u00f1o. Este a\u00f1o, por la pandemia, citamos a los ni\u00f1os por cursos y horarios en el Cesfam. Lo que buscamos es que sea una vacunaci\u00f3n segura<\/em>\u00bb, afirm\u00f3 la profesional.<\/p>\n<p style=\"text-align: justify;\">En esa misma l\u00ednea, tanto el centro de salud familiar como el Cecosf Padre Hugo Cornelissen, ya coordinaron las fechas para que todo el proceso finalice en m\u00e1ximo una semana.<\/p>\n<p style=\"text-align: justify;\">\u00ab<em>Este proceso ya est\u00e1 coordinado y socializado con el colegio desde hace ya dos semanas, enviando carta y calendario para informarles a los apoderados qu\u00e9 d\u00eda deb\u00edan asistir, cu\u00e1les son las vacunas y para las enfermedades que protege<\/em>\u00bb, finaliz\u00f3. La profesional record\u00f3 que, debido a la pandemia, la vacunaci\u00f3n no se desarrollar\u00e1 en los establecimientos, sino que en los mismos centros de salud.<\/p>\n<p style=\"text-align: justify;\">\n<p style=\"text-align: justify;\"><span style=\"color: #c80000;\"><strong>VACUNACI\u00d3N 2020<\/strong><\/span><\/p>\n<p style=\"text-align: justify;\"><strong>Cesfam Segismundo Iturra<\/strong><\/p>\n<p style=\"text-align: justify;\"><strong>Liceo Bicentenario Cordillera<\/strong>: 11 de septiembre (octavos y primeros b\u00e1sicos): 09:00 a 12:00, de 13:30 a 15:30 horas. 2 de septiembre (quintos y cuartos b\u00e1sicos): 09:00 a 12:00, de 13:30 a 15:30 horas.<\/p>\n<p style=\"text-align: justify;\"><strong>Sunnyland School<\/strong>: 3 de septiembre (octavos y primeros b\u00e1sicos): 09:00 a 12:00, de 13:30 a 15:30 horas. 4 de septiembre (quintos y cuartos b\u00e1sicos) 09:00 a 12:00, de 13:30 a 15:30 horas. <strong>Escuela Manso de Velasco<\/strong>: 7 de septiembre (cuarto, quinto, octavo y primero b\u00e1sico) 09:00 a 12:00, de 13:30 a 15:30 horas. <strong>Escuela Bernardo O\u00b4Higgins<\/strong>: 8 de septiembre (quinto, octavo, primero y cuarto b\u00e1sico) 09:00 a 12:00, de 13:30 a 15:30 horas. <strong>Liceo San Felipe<\/strong>: 9 de septiembre (Cuarto, quinto, octavo y primero b\u00e1sico) 09:00 a 12:00, de 13:30 a 15:30 horas. Escuela Heriberto Berm\u00fadez 10 de septiembre (Primero, cuarto y quinto b\u00e1sico) 09:00 a 12:00 horas.<\/p>\n<p style=\"text-align: justify;\"><strong>Cecosf Padre Hugo Cornelissen<\/strong><\/p>\n<p style=\"text-align: justify;\"><strong>Escuela 21 de Mayo<\/strong>: 21 de septiembre (Primero y cuarto b\u00e1sico) 09.: 0 a 13:00 horas. 22 de septiembre (Quinto y octavo b\u00e1sico)\u00a0 09:30 a 13:00 horas.<\/p>\n<p style=\"text-align: justify;\"><strong>Escuela Jos\u00e9 Bernardo Su\u00e1rez<\/strong>: 23 de septiembre (Primero y cuarto b\u00e1sico) 09:00 a 13:00 horas. 24 de septiembre (Quinto y octavo b\u00e1sico) 09:30 a 13:00 horas.<\/p>\n<p style=\"text-align: justify;\"><strong>Escuela Carolina Ocampo<\/strong>: 25 de septiembre (Primero y cuarto b\u00e1sico) 09:30 a 13:00 horas. 28 de septiembre (Quinto y octavo b\u00e1sico) 09:30 a 13:00 horas.<\/p>\n<figure id=\"attachment_102427\" aria-describedby=\"caption-attachment-102427\" style=\"width: 579px\" class=\"wp-caption alignnone\"><img data-recalc-dims=\"1\" loading=\"lazy\" decoding=\"async\" class=\"size-full wp-image-102427\" src=\"https:\/\/i0.wp.com\/eltrabajo.cl\/portal\/wp-content\/uploads\/2020\/08\/VACUNACION1.jpg?resize=579%2C435&#038;ssl=1\" alt=\"Escolares desde primero a octavo b\u00e1sico deber\u00e1n asistir a los centros de salud, donde ya se dise\u00f1\u00f3 un estricto protocolo para evitar posibles contagios de coronavirus.\" width=\"579\" height=\"435\" srcset=\"https:\/\/i0.wp.com\/eltrabajo.cl\/portal\/wp-content\/uploads\/2020\/08\/VACUNACION1.jpg?w=579&amp;ssl=1 579w, https:\/\/i0.wp.com\/eltrabajo.cl\/portal\/wp-content\/uploads\/2020\/08\/VACUNACION1.jpg?resize=300%2C225&amp;ssl=1 300w, https:\/\/i0.wp.com\/eltrabajo.cl\/portal\/wp-content\/uploads\/2020\/08\/VACUNACION1.jpg?resize=200%2C150&amp;ssl=1 200w\" sizes=\"auto, (max-width: 579px) 100vw, 579px\" \/><figcaption id=\"caption-attachment-102427\" class=\"wp-caption-text\">Escolares desde primero a octavo b\u00e1sico deber\u00e1n asistir a los centros de salud, donde ya se dise\u00f1\u00f3 un estricto protocolo para evitar posibles contagios de coronavirus.<\/figcaption><\/figure>\n","protected":false},"excerpt":{"rendered":"<p>Desde este martes 1\u00ba de septiembre se iniciar\u00e1 el periodo de vacunaci\u00f3n escolar 2020 del Ministerio de Salud en San Felipe, por lo cual, los dispositivos de salud de la comuna ya&#8230;<\/p>\n","protected":false},"author":482,"featured_media":102427,"comment_status":"closed","ping_status":"open","sticky":false,"template":"","format":"standard","meta":{"advanced_seo_description":"","jetpack_seo_html_title":"","jetpack_seo_noindex":false,"_jetpack_memberships_contains_paid_content":false,"footnotes":""},"categories":[105,103],"tags":[],"class_list":["post-102426","post","type-post","status-publish","format-standard","has-post-thumbnail","hentry","category-covid-19","category-cronica-2"],"jetpack_featured_media_url":"https:\/\/i0.wp.com\/eltrabajo.cl\/portal\/wp-content\/uploads\/2020\/08\/VACUNACION1.jpg?fit=579%2C435&ssl=1","jetpack_sharing_enabled":true,"jetpack_likes_enabled":true,"jetpack-related-posts":[],"_links":{"self":[{"href":"https:\/\/eltrabajo.cl\/portal\/wp-json\/wp\/v2\/posts\/102426","targetHints":{"allow":["GET"]}}],"collection":[{"href":"https:\/\/eltrabajo.cl\/portal\/wp-json\/wp\/v2\/posts"}],"about":[{"href":"https:\/\/eltrabajo.cl\/portal\/wp-json\/wp\/v2\/types\/post"}],"author":[{"embeddable":true,"href":"https:\/\/eltrabajo.cl\/portal\/wp-json\/wp\/v2\/users\/482"}],"replies":[{"embeddable":true,"href":"https:\/\/eltrabajo.cl\/portal\/wp-json\/wp\/v2\/comments?post=102426"}],"version-history":[{"count":0,"href":"https:\/\/eltrabajo.cl\/portal\/wp-json\/wp\/v2\/posts\/102426\/revisions"}],"wp:featuredmedia":[{"embeddable":true,"href":"https:\/\/eltrabajo.cl\/portal\/wp-json\/wp\/v2\/media\/102427"}],"wp:attachment":[{"href":"https:\/\/eltrabajo.cl\/portal\/wp-json\/wp\/v2\/media?parent=102426"}],"wp:term":[{"taxonomy":"category","embeddable":true,"href":"https:\/\/eltrabajo.cl\/portal\/wp-json\/wp\/v2\/categories?post=102426"},{"taxonomy":"post_tag","embeddable":true,"href":"https:\/\/eltrabajo.cl\/portal\/wp-json\/wp\/v2\/tags?post=102426"}],"curies":[{"name":"wp","href":"https:\/\/api.w.org\/{rel}","templated":true}]}}