{"id":102430,"date":"2020-08-30T20:24:39","date_gmt":"2020-08-31T00:24:39","guid":{"rendered":"https:\/\/www.eltrabajo.cl\/portal\/?p=102430"},"modified":"2020-08-30T20:24:39","modified_gmt":"2020-08-31T00:24:39","slug":"alcaldes-deciden-no-retomar-clases-presenciales-este-2020-en-aconcagua","status":"publish","type":"post","link":"https:\/\/eltrabajo.cl\/portal\/alcaldes-deciden-no-retomar-clases-presenciales-este-2020-en-aconcagua\/","title":{"rendered":"Alcaldes deciden no retomar clases presenciales este 2020 en Aconcagua"},"content":{"rendered":"<p style=\"text-align: justify;\">Por la seguridad de los ni\u00f1os y sus familias, como tambi\u00e9n de las comunidades educativas, los alcaldes que forman parte de la Asociaci\u00f3n de Municipalidades Regi\u00f3n de Aconcagua, decidieron el no retorno a clases presenciales durante 2020, en los establecimientos educacionales municipalizados del Valle de Aconcagua.<\/p>\n<p style=\"text-align: justify;\">En una reuni\u00f3n realizada de forma remota, los ediles tomaron esta determinaci\u00f3n, entregando as\u00ed mayor seguridad y claridad a los padres, madres y apoderados, ante los anuncios del Ministerio de Educaci\u00f3n sobre una eventual vuelta a clases de los establecimientos.<\/p>\n<p style=\"text-align: justify;\">\u00ab<em>Los alcaldes decidimos suspender el retorno de las clases presenciales durante este a\u00f1o. No podemos mantener a los alumnos, alumnas y apoderados en este grado de incertidumbre en el que se encontraban. Para nosotros la seguridad de todos ellos est\u00e1 primero y es por eso que tomamos esta determinaci\u00f3n como alcaldes del Valle de Aconcagua<\/em>\u00bb, sostuvo <strong>Nelson Venegas<\/strong>, alcalde de Calle Larga y presidente de la Asociaci\u00f3n de Municipalidades Regi\u00f3n de Aconcagua.<\/p>\n<p style=\"text-align: justify;\">Cabe se\u00f1alar que la falta de infraestructura en los establecimientos educacionales que asegure la distancia social entre los estudiantes, como tambi\u00e9n la poca certeza que existe de que los alumnos no se contagien al interior de las escuelas y colegios, motivaron a la toma de esta decisi\u00f3n. Adem\u00e1s, tal como lo han sostenido especialistas, los m\u00e1s peque\u00f1os son los principales vectores quienes en su mayor\u00eda, al no presentar s\u00edntomas del Covid-19, traspasan el virus a sus familias, sin saber que est\u00e1n contagiados.<\/p>\n<figure id=\"attachment_102431\" aria-describedby=\"caption-attachment-102431\" style=\"width: 580px\" class=\"wp-caption alignnone\"><img data-recalc-dims=\"1\" loading=\"lazy\" decoding=\"async\" class=\"size-full wp-image-102431\" src=\"https:\/\/i0.wp.com\/eltrabajo.cl\/portal\/wp-content\/uploads\/2020\/08\/Clases_Nelson-Venegas_.jpg?resize=580%2C478&#038;ssl=1\" alt=\"Nelson Venegas, alcalde de Calle Larga y presidente de la Asociaci\u00f3n de Municipalidades Regi\u00f3n de Aconcagua.\" width=\"580\" height=\"478\" srcset=\"https:\/\/i0.wp.com\/eltrabajo.cl\/portal\/wp-content\/uploads\/2020\/08\/Clases_Nelson-Venegas_.jpg?w=580&amp;ssl=1 580w, https:\/\/i0.wp.com\/eltrabajo.cl\/portal\/wp-content\/uploads\/2020\/08\/Clases_Nelson-Venegas_.jpg?resize=300%2C247&amp;ssl=1 300w, https:\/\/i0.wp.com\/eltrabajo.cl\/portal\/wp-content\/uploads\/2020\/08\/Clases_Nelson-Venegas_.jpg?resize=182%2C150&amp;ssl=1 182w\" sizes=\"auto, (max-width: 580px) 100vw, 580px\" \/><figcaption id=\"caption-attachment-102431\" class=\"wp-caption-text\">Nelson Venegas, alcalde de Calle Larga y presidente de la Asociaci\u00f3n de Municipalidades Regi\u00f3n de Aconcagua.<\/figcaption><\/figure>\n<figure id=\"attachment_102432\" aria-describedby=\"caption-attachment-102432\" style=\"width: 579px\" class=\"wp-caption alignnone\"><img data-recalc-dims=\"1\" loading=\"lazy\" decoding=\"async\" class=\"size-full wp-image-102432\" src=\"https:\/\/i0.wp.com\/eltrabajo.cl\/portal\/wp-content\/uploads\/2020\/08\/Clases1.jpg?resize=579%2C408&#038;ssl=1\" alt=\"Los miles de estudiantes del Valle de Aconcagua especialmente los de escuelas municipalizadas, no volver\u00e1n a clases presenciales este a\u00f1o en lo que resta de 2020. (Archivo)\" width=\"579\" height=\"408\" srcset=\"https:\/\/i0.wp.com\/eltrabajo.cl\/portal\/wp-content\/uploads\/2020\/08\/Clases1.jpg?w=579&amp;ssl=1 579w, https:\/\/i0.wp.com\/eltrabajo.cl\/portal\/wp-content\/uploads\/2020\/08\/Clases1.jpg?resize=300%2C211&amp;ssl=1 300w, https:\/\/i0.wp.com\/eltrabajo.cl\/portal\/wp-content\/uploads\/2020\/08\/Clases1.jpg?resize=200%2C141&amp;ssl=1 200w\" sizes=\"auto, (max-width: 579px) 100vw, 579px\" \/><figcaption id=\"caption-attachment-102432\" class=\"wp-caption-text\">Los miles de estudiantes del Valle de Aconcagua especialmente los de escuelas municipalizadas, no volver\u00e1n a clases presenciales este a\u00f1o en lo que resta de 2020. (Archivo)<\/figcaption><\/figure>\n","protected":false},"excerpt":{"rendered":"<p>Por la seguridad de los ni\u00f1os y sus familias, como tambi\u00e9n de las comunidades educativas, los alcaldes que forman parte de la Asociaci\u00f3n de Municipalidades Regi\u00f3n de Aconcagua, decidieron el no retorno&#8230;<\/p>\n","protected":false},"author":482,"featured_media":102432,"comment_status":"closed","ping_status":"open","sticky":false,"template":"","format":"standard","meta":{"advanced_seo_description":"","jetpack_seo_html_title":"","jetpack_seo_noindex":false,"_jetpack_memberships_contains_paid_content":false,"footnotes":""},"categories":[105,103],"tags":[],"class_list":["post-102430","post","type-post","status-publish","format-standard","has-post-thumbnail","hentry","category-covid-19","category-cronica-2"],"jetpack_featured_media_url":"https:\/\/i0.wp.com\/eltrabajo.cl\/portal\/wp-content\/uploads\/2020\/08\/Clases1.jpg?fit=579%2C408&ssl=1","jetpack_sharing_enabled":true,"jetpack_likes_enabled":true,"jetpack-related-posts":[],"_links":{"self":[{"href":"https:\/\/eltrabajo.cl\/portal\/wp-json\/wp\/v2\/posts\/102430","targetHints":{"allow":["GET"]}}],"collection":[{"href":"https:\/\/eltrabajo.cl\/portal\/wp-json\/wp\/v2\/posts"}],"about":[{"href":"https:\/\/eltrabajo.cl\/portal\/wp-json\/wp\/v2\/types\/post"}],"author":[{"embeddable":true,"href":"https:\/\/eltrabajo.cl\/portal\/wp-json\/wp\/v2\/users\/482"}],"replies":[{"embeddable":true,"href":"https:\/\/eltrabajo.cl\/portal\/wp-json\/wp\/v2\/comments?post=102430"}],"version-history":[{"count":0,"href":"https:\/\/eltrabajo.cl\/portal\/wp-json\/wp\/v2\/posts\/102430\/revisions"}],"wp:featuredmedia":[{"embeddable":true,"href":"https:\/\/eltrabajo.cl\/portal\/wp-json\/wp\/v2\/media\/102432"}],"wp:attachment":[{"href":"https:\/\/eltrabajo.cl\/portal\/wp-json\/wp\/v2\/media?parent=102430"}],"wp:term":[{"taxonomy":"category","embeddable":true,"href":"https:\/\/eltrabajo.cl\/portal\/wp-json\/wp\/v2\/categories?post=102430"},{"taxonomy":"post_tag","embeddable":true,"href":"https:\/\/eltrabajo.cl\/portal\/wp-json\/wp\/v2\/tags?post=102430"}],"curies":[{"name":"wp","href":"https:\/\/api.w.org\/{rel}","templated":true}]}}