{"id":102435,"date":"2020-08-31T07:40:56","date_gmt":"2020-08-31T11:40:56","guid":{"rendered":"https:\/\/www.eltrabajo.cl\/portal\/?p=102435"},"modified":"2020-08-30T20:26:25","modified_gmt":"2020-08-31T00:26:25","slug":"ante-everton-el-uni-uni-tuvo-su-ultimo-apronte-antes-del-regreso","status":"publish","type":"post","link":"https:\/\/eltrabajo.cl\/portal\/ante-everton-el-uni-uni-tuvo-su-ultimo-apronte-antes-del-regreso\/","title":{"rendered":"Ante Everton el Un\u00ed Un\u00ed tuvo su \u00faltimo apronte antes del regreso"},"content":{"rendered":"<p style=\"text-align: justify;\">En el campo de entrenamiento del club ruletero en Vi\u00f1a del Mar, Uni\u00f3n San Felipe, realiz\u00f3 su \u00faltimo ensayo antes de reiniciar su participaci\u00f3n en el torneo oficial de la Primera B que se producir\u00e1 este s\u00e1bado frente a Deportes Melipilla en la capital.<\/p>\n<p style=\"text-align: justify;\">El juego de ensayo con los \u2018oro y cielo\u2019 finaliz\u00f3 igualado a 1. El gol sanfelipe\u00f1o fue obra del ariete argentino <strong>Lautaro Palacios<\/strong>, quien anot\u00f3 mediante un certero cabezazo tras un lanzamiento de esquina servido por el volante <strong>Pablo Vergara<\/strong>.<\/p>\n<p style=\"text-align: justify;\">Nota tambi\u00e9n destacada en el duelo de entrenamiento fue el que el golero <strong>Andr\u00e9s Fern\u00e1ndez<\/strong>, tap\u00f3 un penal, adem\u00e1s de quedar de manifiesto que el t\u00e9cnico <strong>Erwin Dur\u00e1n<\/strong> tiene pr\u00e1cticamente decidida la formaci\u00f3n que reiniciar\u00e1 el campeonato este fin de semana en el Estadio Bicentenario de La Florida.<\/p>\n<p style=\"text-align: justify;\">La formaci\u00f3n que el t\u00e9cnico par\u00f3 ante Everton fue la siguiente:<\/p>\n<p style=\"text-align: justify;\"><strong>Andr\u00e9s Fern\u00e1ndez<\/strong> en el arco; <strong>Torres<\/strong>, <strong>Jes\u00fas Pino<\/strong>, <strong>Gonzalo Villegas<\/strong> y <strong>Jos\u00e9 Vargas<\/strong>, conformaron el bloque defensivo; la zona de volantes se compuso por: <strong>Leandro Fioravanti<\/strong>, <strong>Tom\u00e1s Lanzini<\/strong>, <strong>Matt Lagos<\/strong> y <strong>Pablo Vergara<\/strong>; quedando en funciones netas de ataque <strong>Gonzalo \u00c1lvarez<\/strong> y <strong>Lautaro Palacios<\/strong>.<\/p>\n<p style=\"text-align: justify;\">Ya bien adentro en el juego tuvieron su oportunidad: <strong>Nicol\u00e1s Rodr\u00edguez<\/strong> (arquero), <strong>Mat\u00edas Silva<\/strong>, <strong>V\u00edctor Morales<\/strong>, <strong>Azocar<\/strong>, <strong>Carrasco<\/strong>, <strong>Byro Rivero<\/strong>, <strong>Jimmy Cisterna <\/strong>y el goleador <strong>Julio Castro<\/strong>.<\/p>\n<figure id=\"attachment_102436\" aria-describedby=\"caption-attachment-102436\" style=\"width: 579px\" class=\"wp-caption alignnone\"><img data-recalc-dims=\"1\" loading=\"lazy\" decoding=\"async\" class=\"size-full wp-image-102436\" src=\"https:\/\/i0.wp.com\/eltrabajo.cl\/portal\/wp-content\/uploads\/2020\/08\/everton-uni-1.jpg?resize=579%2C341&#038;ssl=1\" alt=\"El duelo de ensayo frente al conjunto de Everton dej\u00f3 en claro que ya el Un\u00ed Un\u00ed tiene listo a su equipo titular.\" width=\"579\" height=\"341\" srcset=\"https:\/\/i0.wp.com\/eltrabajo.cl\/portal\/wp-content\/uploads\/2020\/08\/everton-uni-1.jpg?w=579&amp;ssl=1 579w, https:\/\/i0.wp.com\/eltrabajo.cl\/portal\/wp-content\/uploads\/2020\/08\/everton-uni-1.jpg?resize=300%2C177&amp;ssl=1 300w, https:\/\/i0.wp.com\/eltrabajo.cl\/portal\/wp-content\/uploads\/2020\/08\/everton-uni-1.jpg?resize=200%2C118&amp;ssl=1 200w\" sizes=\"auto, (max-width: 579px) 100vw, 579px\" \/><figcaption id=\"caption-attachment-102436\" class=\"wp-caption-text\">El duelo de ensayo frente al conjunto de Everton dej\u00f3 en claro que ya el Un\u00ed Un\u00ed tiene listo a su equipo titular.<\/figcaption><\/figure>\n<figure id=\"attachment_102437\" aria-describedby=\"caption-attachment-102437\" style=\"width: 579px\" class=\"wp-caption alignnone\"><img data-recalc-dims=\"1\" loading=\"lazy\" decoding=\"async\" class=\"size-full wp-image-102437\" src=\"https:\/\/i0.wp.com\/eltrabajo.cl\/portal\/wp-content\/uploads\/2020\/08\/villegas-1.jpg?resize=579%2C397&#038;ssl=1\" alt=\"Gonzalo Villegas intenta frenar el avance de un delantero de Everton.\" width=\"579\" height=\"397\" srcset=\"https:\/\/i0.wp.com\/eltrabajo.cl\/portal\/wp-content\/uploads\/2020\/08\/villegas-1.jpg?w=579&amp;ssl=1 579w, https:\/\/i0.wp.com\/eltrabajo.cl\/portal\/wp-content\/uploads\/2020\/08\/villegas-1.jpg?resize=300%2C206&amp;ssl=1 300w, https:\/\/i0.wp.com\/eltrabajo.cl\/portal\/wp-content\/uploads\/2020\/08\/villegas-1.jpg?resize=200%2C137&amp;ssl=1 200w, https:\/\/i0.wp.com\/eltrabajo.cl\/portal\/wp-content\/uploads\/2020\/08\/villegas-1.jpg?resize=218%2C150&amp;ssl=1 218w\" sizes=\"auto, (max-width: 579px) 100vw, 579px\" \/><figcaption id=\"caption-attachment-102437\" class=\"wp-caption-text\">Gonzalo Villegas intenta frenar el avance de un delantero de Everton.<\/figcaption><\/figure>\n","protected":false},"excerpt":{"rendered":"<p>En el campo de entrenamiento del club ruletero en Vi\u00f1a del Mar, Uni\u00f3n San Felipe, realiz\u00f3 su \u00faltimo ensayo antes de reiniciar su participaci\u00f3n en el torneo oficial de la Primera B&#8230;<\/p>\n","protected":false},"author":482,"featured_media":102437,"comment_status":"closed","ping_status":"open","sticky":false,"template":"","format":"standard","meta":{"advanced_seo_description":"","jetpack_seo_html_title":"","jetpack_seo_noindex":false,"_jetpack_memberships_contains_paid_content":false,"footnotes":""},"categories":[19],"tags":[],"class_list":["post-102435","post","type-post","status-publish","format-standard","has-post-thumbnail","hentry","category-deportes"],"jetpack_featured_media_url":"https:\/\/i0.wp.com\/eltrabajo.cl\/portal\/wp-content\/uploads\/2020\/08\/villegas-1.jpg?fit=579%2C397&ssl=1","jetpack_sharing_enabled":true,"jetpack_likes_enabled":true,"jetpack-related-posts":[],"_links":{"self":[{"href":"https:\/\/eltrabajo.cl\/portal\/wp-json\/wp\/v2\/posts\/102435","targetHints":{"allow":["GET"]}}],"collection":[{"href":"https:\/\/eltrabajo.cl\/portal\/wp-json\/wp\/v2\/posts"}],"about":[{"href":"https:\/\/eltrabajo.cl\/portal\/wp-json\/wp\/v2\/types\/post"}],"author":[{"embeddable":true,"href":"https:\/\/eltrabajo.cl\/portal\/wp-json\/wp\/v2\/users\/482"}],"replies":[{"embeddable":true,"href":"https:\/\/eltrabajo.cl\/portal\/wp-json\/wp\/v2\/comments?post=102435"}],"version-history":[{"count":0,"href":"https:\/\/eltrabajo.cl\/portal\/wp-json\/wp\/v2\/posts\/102435\/revisions"}],"wp:featuredmedia":[{"embeddable":true,"href":"https:\/\/eltrabajo.cl\/portal\/wp-json\/wp\/v2\/media\/102437"}],"wp:attachment":[{"href":"https:\/\/eltrabajo.cl\/portal\/wp-json\/wp\/v2\/media?parent=102435"}],"wp:term":[{"taxonomy":"category","embeddable":true,"href":"https:\/\/eltrabajo.cl\/portal\/wp-json\/wp\/v2\/categories?post=102435"},{"taxonomy":"post_tag","embeddable":true,"href":"https:\/\/eltrabajo.cl\/portal\/wp-json\/wp\/v2\/tags?post=102435"}],"curies":[{"name":"wp","href":"https:\/\/api.w.org\/{rel}","templated":true}]}}