{"id":102440,"date":"2020-08-31T07:45:19","date_gmt":"2020-08-31T11:45:19","guid":{"rendered":"https:\/\/www.eltrabajo.cl\/portal\/?p=102440"},"modified":"2020-08-30T20:33:27","modified_gmt":"2020-08-31T00:33:27","slug":"inician-sumario-por-compra-de-cajas-con-mercaderia-para-la-comunidad","status":"publish","type":"post","link":"https:\/\/eltrabajo.cl\/portal\/inician-sumario-por-compra-de-cajas-con-mercaderia-para-la-comunidad\/","title":{"rendered":"Inician Sumario por compra de cajas con mercader\u00eda para la comunidad"},"content":{"rendered":"<p style=\"text-align: justify;\">Era un secreto a voces que algo pasaba con la compra de las cajas con mercader\u00eda por parte de la Municipalidad de San Felipe para la gente que lo necesitaba. Es por eso que el alcalde subrogante de San Felipe, el profesor de historia <strong>Claudio Paredes<\/strong>, luego de recibir el resultado de la investigaci\u00f3n sumaria por la irregularidad en la compra de cajas con mercader\u00eda, decidi\u00f3 instruir un Sumario porque hay elementos para determinar dicha acci\u00f3n.<\/p>\n<p style=\"text-align: justify;\">Esto lo dijo en conversaci\u00f3n con Radio Aconcagua, luego de saberse que hab\u00eda finalizado la etapa de investigaci\u00f3n sumaria tambi\u00e9n solicitada por \u00e9l como dice m\u00e1s abajo.<\/p>\n<p style=\"text-align: justify;\">\u00ab<em>Lo que se solicit\u00f3 fue una investigaci\u00f3n sumaria, que es el proceso previo a un Sumario para determinar si hay elementos o alg\u00fan tema administrativo que revisar y si hay elementos para hacer un Sumario, eso se termin\u00f3, el fiscal que estaba a cargo nombrado por el alcalde Freire termin\u00f3 su investigaci\u00f3n sumaria, me entreg\u00f3 los resultados el d\u00eda mi\u00e9rcoles, el resultado de su investigaci\u00f3n, yo una vez que la revis\u00e9 concienzudamente instru\u00ed ayer mismo un Sumario<\/em>\u00bb, dijo Claudio Paredes alcalde (S). Dijo que decidi\u00f3 hacer el sumario por los antecedentes que hab\u00eda. Por eso obr\u00f3 as\u00ed.<\/p>\n<p style=\"text-align: justify;\">&#8211; <strong>Consultado sobre los antecedentes que hay para tomar tal acci\u00f3n, porque hay informaci\u00f3n sobre facturas fraudulentas, que la empresa no era de la zona, que no cumpl\u00eda con los requisitos de antig\u00fcedad \u00bfqu\u00e9 puede decir al respecto?<\/strong><\/p>\n<p style=\"text-align: justify;\">&#8211; No le puedo decir nada, porque las investigaciones sumarias son, son eh reservadas, mientras se realizan.<\/p>\n<p style=\"text-align: justify;\">Pero al insistirle si son esos los puntos que se est\u00e1n investigando, Paredes indic\u00f3: \u00ab<em>O sea se est\u00e1 investigando todo el proceso, no solamente esos puntos u otros, aqu\u00ed lo que yo tengo que velar como subrogante en representaci\u00f3n del alcalde Freire, es de que haya la mayor transparencia en todos los actos administrativos del municipio y que se investigue de manera de poder esclarecer efectivamente si se cumplieron todos los procedimientos administrativos, \u00bfcu\u00e1les se cumplieron? Y si se hicieron como corresponde, por eso instru\u00ed ayer<\/em> (jueves) <em>un sumario<\/em>\u00bb.<\/p>\n<p style=\"text-align: justify;\">Paredes fue claro en decir que se est\u00e1 investigando todo lo que tiene que ver con el proceso de la compra de los productos, la adquisici\u00f3n que se hizo, \u00ab<em>si lo que ven\u00eda era lo que correspond\u00eda en t\u00e9rminos de referencia, en fin todo el procedimiento<\/em>\u00bb, indic\u00f3 Paredes.<\/p>\n<p style=\"text-align: justify;\">Lo otro que se est\u00e1 investigando es el cumplimiento de antig\u00fcedad por parte de la empresa.<\/p>\n<p style=\"text-align: justify;\">&#8211;<strong> \u00bfHay alguna factura fraudulenta?<\/strong><\/p>\n<p style=\"text-align: justify;\">&#8211; No tengo ninguna informaci\u00f3n que haya una factura fraudulenta, pero el proceso est\u00e1 en investigaci\u00f3n y ah\u00ed va a arrojar el resultado definitivo.<\/p>\n<p style=\"text-align: justify;\">Respecto a que estos antecedentes puedan ser puestos a disposici\u00f3n del Ministerio P\u00fablico, coment\u00f3 que siempre y cuando haya una sanci\u00f3n de la investigaci\u00f3n \u00ab<em>los procesos de investigaci\u00f3n sumaria lo que hacen es esclarecer si hay o no responsabilidad administrativa; una cosa son las responsabilidades administrativas que tienen que ver con procedimientos y otro tipo de cosas, en este caso la investigaci\u00f3n lo que hace es determinar y entregar ciertos niveles de sanci\u00f3n, distinto es cuando hay alg\u00fan tipo de delito porque ah\u00ed est\u00e1 la obligaci\u00f3n de la municipalidad en presentar los antecedentes a la fiscal\u00eda como lo ha hecho en otras oportunidades<\/em>\u00bb.<\/p>\n<p style=\"text-align: justify;\">Al preguntarle si descartaba alg\u00fan tipo de delito, Paredes manifest\u00f3 que \u00e9l no debiera pronunciarse, \u00ab<em>pero por lo que vi no hay delito en ning\u00fan caso, puede que haya algunas faltas administrativas s\u00ed, pero la verdad no debiera pronunciarme porque hoy d\u00eda es el Sumario que tiene que arrojar la informaci\u00f3n y en este caso como alcalde, como jefe superior de servicio despu\u00e9s tengo que aplicar la sanci\u00f3n, por lo tanto no puedo pronunciarme al respecto<\/em>\u00bb, dijo Claudio Paredes, alcalde (S).<\/p>\n<figure id=\"attachment_102441\" aria-describedby=\"caption-attachment-102441\" style=\"width: 580px\" class=\"wp-caption alignnone\"><img data-recalc-dims=\"1\" loading=\"lazy\" decoding=\"async\" class=\"size-full wp-image-102441\" src=\"https:\/\/i0.wp.com\/eltrabajo.cl\/portal\/wp-content\/uploads\/2020\/08\/Familias_Claudio-Paredes.jpg?resize=580%2C533&#038;ssl=1\" alt=\"El alcalde (S) Claudio Paredes orden\u00f3 una investigaci\u00f3n sumaria para transparentar el proceso de compras de cajas de mercader\u00eda.\" width=\"580\" height=\"533\" srcset=\"https:\/\/i0.wp.com\/eltrabajo.cl\/portal\/wp-content\/uploads\/2020\/08\/Familias_Claudio-Paredes.jpg?w=580&amp;ssl=1 580w, https:\/\/i0.wp.com\/eltrabajo.cl\/portal\/wp-content\/uploads\/2020\/08\/Familias_Claudio-Paredes.jpg?resize=300%2C276&amp;ssl=1 300w, https:\/\/i0.wp.com\/eltrabajo.cl\/portal\/wp-content\/uploads\/2020\/08\/Familias_Claudio-Paredes.jpg?resize=163%2C150&amp;ssl=1 163w\" sizes=\"auto, (max-width: 580px) 100vw, 580px\" \/><figcaption id=\"caption-attachment-102441\" class=\"wp-caption-text\">El alcalde (S) Claudio Paredes orden\u00f3 una investigaci\u00f3n sumaria para transparentar el proceso de compras de cajas de mercader\u00eda.<\/figcaption><\/figure>\n","protected":false},"excerpt":{"rendered":"<p>Era un secreto a voces que algo pasaba con la compra de las cajas con mercader\u00eda por parte de la Municipalidad de San Felipe para la gente que lo necesitaba. Es por&#8230;<\/p>\n","protected":false},"author":482,"featured_media":102441,"comment_status":"closed","ping_status":"open","sticky":false,"template":"","format":"standard","meta":{"advanced_seo_description":"","jetpack_seo_html_title":"","jetpack_seo_noindex":false,"_jetpack_memberships_contains_paid_content":false,"footnotes":""},"categories":[105,103],"tags":[],"class_list":["post-102440","post","type-post","status-publish","format-standard","has-post-thumbnail","hentry","category-covid-19","category-cronica-2"],"jetpack_featured_media_url":"https:\/\/i0.wp.com\/eltrabajo.cl\/portal\/wp-content\/uploads\/2020\/08\/Familias_Claudio-Paredes.jpg?fit=580%2C533&ssl=1","jetpack_sharing_enabled":true,"jetpack_likes_enabled":true,"jetpack-related-posts":[],"_links":{"self":[{"href":"https:\/\/eltrabajo.cl\/portal\/wp-json\/wp\/v2\/posts\/102440","targetHints":{"allow":["GET"]}}],"collection":[{"href":"https:\/\/eltrabajo.cl\/portal\/wp-json\/wp\/v2\/posts"}],"about":[{"href":"https:\/\/eltrabajo.cl\/portal\/wp-json\/wp\/v2\/types\/post"}],"author":[{"embeddable":true,"href":"https:\/\/eltrabajo.cl\/portal\/wp-json\/wp\/v2\/users\/482"}],"replies":[{"embeddable":true,"href":"https:\/\/eltrabajo.cl\/portal\/wp-json\/wp\/v2\/comments?post=102440"}],"version-history":[{"count":0,"href":"https:\/\/eltrabajo.cl\/portal\/wp-json\/wp\/v2\/posts\/102440\/revisions"}],"wp:featuredmedia":[{"embeddable":true,"href":"https:\/\/eltrabajo.cl\/portal\/wp-json\/wp\/v2\/media\/102441"}],"wp:attachment":[{"href":"https:\/\/eltrabajo.cl\/portal\/wp-json\/wp\/v2\/media?parent=102440"}],"wp:term":[{"taxonomy":"category","embeddable":true,"href":"https:\/\/eltrabajo.cl\/portal\/wp-json\/wp\/v2\/categories?post=102440"},{"taxonomy":"post_tag","embeddable":true,"href":"https:\/\/eltrabajo.cl\/portal\/wp-json\/wp\/v2\/tags?post=102440"}],"curies":[{"name":"wp","href":"https:\/\/api.w.org\/{rel}","templated":true}]}}