{"id":102444,"date":"2020-08-31T07:50:58","date_gmt":"2020-08-31T11:50:58","guid":{"rendered":"https:\/\/www.eltrabajo.cl\/portal\/?p=102444"},"modified":"2020-08-30T20:36:33","modified_gmt":"2020-08-31T00:36:33","slug":"masiva-despedida-este-sabado-al-querido-alma-pura-fuenzalida","status":"publish","type":"post","link":"https:\/\/eltrabajo.cl\/portal\/masiva-despedida-este-sabado-al-querido-alma-pura-fuenzalida\/","title":{"rendered":"Masiva despedida este s\u00e1bado al querido \u2018Alma Pura\u2019 Fuenzalida"},"content":{"rendered":"<p style=\"text-align: left;\"><span style=\"color: #c80000;\"><strong>Carlos Fuenzalida Arratia fue sepultado en Putaendo:<\/strong><\/span><\/p>\n<p style=\"text-align: justify;\">Con hondo pesar y entre muchos sollozos, amigos y familiares de <strong>Carlos Humberto Fuenzalida Arratia<\/strong>, de 73 a\u00f1os de edad, lo despidieron la tarde de este s\u00e1bado a su \u00faltima morada en el Cementerio Parroquial de Putaendo, luego que \u2018<strong>Alma Pura<\/strong>\u2019, como era conocido don Carlos, falleciera la tarde del jueves tras sufrir un accidente laboral en \u2018El Pantanal\u2019, una de sus propiedades en el pasaje Corea sector Borde Estero Quilpu\u00e9, en Villa Argelia.<\/p>\n<p style=\"text-align: justify;\">La tr\u00e1gica noticia enmudeci\u00f3 a muchos e hizo llorar a sus m\u00e1s cercanos amigos y tambi\u00e9n a sus familiares, quienes a\u00fan apenas logran digerir el amargo trago. El velatorio y funerales se realizaron en una de sus viviendas, ubicada en Dos Norte 96, Poblaci\u00f3n Santa Elisa.<\/p>\n<p style=\"text-align: justify;\">\n<p style=\"text-align: justify;\"><span style=\"color: #c80000;\"><strong>HOMBRE DE ESFUERZO<\/strong><\/span><\/p>\n<p style=\"text-align: justify;\"><strong>Diario El Trabajo<\/strong> habl\u00f3 con uno de los yernos de \u2018Alma Pura\u2019, <strong>Jos\u00e9 Araya<\/strong>, esposo de M\u00f3nica, hija de\u00a0 Carlos. \u00ab<em>Les puedo decir que mi suegro y amigo Carlos con mucho esfuerzo logr\u00f3 formar y sacar adelante a toda su familia, fue un hombre sacrificado y de mucho trabajo, toda su vida la dedic\u00f3 al mundo del ripio a la arena a los trabajos de construcci\u00f3n, al transporte a la maquinaria, con su familia \u00e9l siempre estuvo en ese rubro<\/em>\u00bb.<\/p>\n<p style=\"text-align: justify;\">&#8211; <strong>\u00bfCu\u00e1ntos hijos tuvo don Carlos?<\/strong><\/p>\n<p style=\"text-align: justify;\">&#8211; \u00c9l tuvo varias hijas, s\u00f3lo un hijo var\u00f3n: <strong>Pamela<\/strong>, <strong>M\u00f3nica<\/strong> que es mi esposa, <strong>Ana Mar\u00eda<\/strong>, <strong>Roxana<\/strong>, <strong>Angi<\/strong>, <strong>Carlitos<\/strong> y la <strong>Paty<\/strong>. Carlos era quien laboraba con \u00e9l directamente en terreno con la maquinaria y el transporte, Carlos Fuenzalida contaba tambi\u00e9n con sus hermanos.<\/p>\n<p style=\"text-align: justify;\">&#8211; <strong>\u00bfC\u00f3mo ocurri\u00f3 este fatal accidente?<\/strong><\/p>\n<p style=\"text-align: justify;\">&#8211; Yo quiero aclarar que el accidente ocurri\u00f3 cuando la pala cay\u00f3 sobre \u00e9l, la pala no le golpe\u00f3 la cabeza, m\u00e1s bien fue su pecho y abdomen donde golpe\u00f3 la pala, lo que pas\u00f3 es que una de las cu\u00f1as que \u00e9l hab\u00eda puesto, se baj\u00f3 la pala y lo apret\u00f3 en la parte abdominal lo cual le provoc\u00f3 un derrame interno, lo que no pudo superar, caus\u00e1ndole la muerte en el lugar. \u00c9l fue muy tranquilo, apasionado por sus m\u00e1quinas, buen amigo, buen padre, sacrificado.<\/p>\n<p style=\"text-align: justify;\">&#8211; <strong>\u00bfC\u00f3mo era \u00e9l fuera de su tiempo laboral con ustedes la familia?<\/strong><\/p>\n<p style=\"text-align: justify;\">&#8211; \u00c9l y yo aparte de ser mi suegro, \u00e9ramos muy buenos amigos, le encantaba jugar domin\u00f3 en familia, le encantaba visitar las playas y tambi\u00e9n ten\u00eda su caba\u00f1ita all\u00e1.<\/p>\n<p style=\"text-align: justify;\">&#8211; <strong>\u00bfPor qu\u00e9 fue sepultado en Putaendo?<\/strong><\/p>\n<p style=\"text-align: justify;\">&#8211; All\u00e1 est\u00e1 sepultada su madre, <strong>Hilda Arratia<\/strong>, su \u2018<strong>MamiHilda<\/strong>\u2019 como \u00e9l la llamaba, \u00e9l nos dijo que quer\u00eda ser sepultado a su lado el d\u00eda que correspondiera.<\/p>\n<p style=\"text-align: justify;\"><strong>Roberto Gonz\u00e1lez Short<\/strong><\/p>\n<figure id=\"attachment_102445\" aria-describedby=\"caption-attachment-102445\" style=\"width: 579px\" class=\"wp-caption alignnone\"><img data-recalc-dims=\"1\" loading=\"lazy\" decoding=\"async\" class=\"size-full wp-image-102445\" src=\"https:\/\/i0.wp.com\/eltrabajo.cl\/portal\/wp-content\/uploads\/2020\/08\/Pala1-1.jpg?resize=579%2C387&#038;ssl=1\" alt=\"RESPONSO Y DESPEDIDA.- El velatorio de Carlos Alberto Fuenzalida se realiz\u00f3 en una de sus viviendas, en Dos Norte 96, Poblaci\u00f3n Santa Elisa.\" width=\"579\" height=\"387\" srcset=\"https:\/\/i0.wp.com\/eltrabajo.cl\/portal\/wp-content\/uploads\/2020\/08\/Pala1-1.jpg?w=579&amp;ssl=1 579w, https:\/\/i0.wp.com\/eltrabajo.cl\/portal\/wp-content\/uploads\/2020\/08\/Pala1-1.jpg?resize=300%2C201&amp;ssl=1 300w, https:\/\/i0.wp.com\/eltrabajo.cl\/portal\/wp-content\/uploads\/2020\/08\/Pala1-1.jpg?resize=200%2C134&amp;ssl=1 200w\" sizes=\"auto, (max-width: 579px) 100vw, 579px\" \/><figcaption id=\"caption-attachment-102445\" class=\"wp-caption-text\">RESPONSO Y DESPEDIDA.- El velatorio de Carlos Alberto Fuenzalida se realiz\u00f3 en una de sus viviendas, en Dos Norte 96, Poblaci\u00f3n Santa Elisa.<\/figcaption><\/figure>\n<figure id=\"attachment_102446\" aria-describedby=\"caption-attachment-102446\" style=\"width: 579px\" class=\"wp-caption alignnone\"><img data-recalc-dims=\"1\" loading=\"lazy\" decoding=\"async\" class=\"size-full wp-image-102446\" src=\"https:\/\/i0.wp.com\/eltrabajo.cl\/portal\/wp-content\/uploads\/2020\/08\/Pala2.jpg?resize=579%2C366&#038;ssl=1\" alt=\"AMIGOS CERCANOS.- Decenas de vecinos y familiares presentaron su P\u00e9same a la familia, pues Carlos era muy querido en San Felipe.\" width=\"579\" height=\"366\" srcset=\"https:\/\/i0.wp.com\/eltrabajo.cl\/portal\/wp-content\/uploads\/2020\/08\/Pala2.jpg?w=579&amp;ssl=1 579w, https:\/\/i0.wp.com\/eltrabajo.cl\/portal\/wp-content\/uploads\/2020\/08\/Pala2.jpg?resize=300%2C190&amp;ssl=1 300w, https:\/\/i0.wp.com\/eltrabajo.cl\/portal\/wp-content\/uploads\/2020\/08\/Pala2.jpg?resize=200%2C126&amp;ssl=1 200w\" sizes=\"auto, (max-width: 579px) 100vw, 579px\" \/><figcaption id=\"caption-attachment-102446\" class=\"wp-caption-text\">AMIGOS CERCANOS.- Decenas de vecinos y familiares presentaron su P\u00e9same a la familia, pues Carlos era muy querido en San Felipe.<\/figcaption><\/figure>\n<figure id=\"attachment_102447\" aria-describedby=\"caption-attachment-102447\" style=\"width: 580px\" class=\"wp-caption alignnone\"><img data-recalc-dims=\"1\" loading=\"lazy\" decoding=\"async\" class=\"size-full wp-image-102447\" src=\"https:\/\/i0.wp.com\/eltrabajo.cl\/portal\/wp-content\/uploads\/2020\/08\/Pala3.jpg?resize=580%2C370&#038;ssl=1\" alt=\"DOLOROSA PARTIDA.- Al filo de las 17:00 horas de este s\u00e1bado el cortejo f\u00fanebre sali\u00f3 de San Felipe hacia el Cementerio Parroquial de Putaendo.\" width=\"580\" height=\"370\" srcset=\"https:\/\/i0.wp.com\/eltrabajo.cl\/portal\/wp-content\/uploads\/2020\/08\/Pala3.jpg?w=580&amp;ssl=1 580w, https:\/\/i0.wp.com\/eltrabajo.cl\/portal\/wp-content\/uploads\/2020\/08\/Pala3.jpg?resize=300%2C191&amp;ssl=1 300w, https:\/\/i0.wp.com\/eltrabajo.cl\/portal\/wp-content\/uploads\/2020\/08\/Pala3.jpg?resize=200%2C128&amp;ssl=1 200w\" sizes=\"auto, (max-width: 580px) 100vw, 580px\" \/><figcaption id=\"caption-attachment-102447\" class=\"wp-caption-text\">DOLOROSA PARTIDA.- Al filo de las 17:00 horas de este s\u00e1bado el cortejo f\u00fanebre sali\u00f3 de San Felipe hacia el Cementerio Parroquial de Putaendo.<\/figcaption><\/figure>\n<figure id=\"attachment_102449\" aria-describedby=\"caption-attachment-102449\" style=\"width: 579px\" class=\"wp-caption alignnone\"><img data-recalc-dims=\"1\" loading=\"lazy\" decoding=\"async\" class=\"size-full wp-image-102449\" src=\"https:\/\/i0.wp.com\/eltrabajo.cl\/portal\/wp-content\/uploads\/2020\/08\/Pala_Jose-Araya.jpg?resize=579%2C597&#038;ssl=1\" alt=\"Jos\u00e9 Araya, yerno de Carlos, habl\u00f3 por la familia.\" width=\"579\" height=\"597\" srcset=\"https:\/\/i0.wp.com\/eltrabajo.cl\/portal\/wp-content\/uploads\/2020\/08\/Pala_Jose-Araya.jpg?w=579&amp;ssl=1 579w, https:\/\/i0.wp.com\/eltrabajo.cl\/portal\/wp-content\/uploads\/2020\/08\/Pala_Jose-Araya.jpg?resize=291%2C300&amp;ssl=1 291w, https:\/\/i0.wp.com\/eltrabajo.cl\/portal\/wp-content\/uploads\/2020\/08\/Pala_Jose-Araya.jpg?resize=145%2C150&amp;ssl=1 145w\" sizes=\"auto, (max-width: 579px) 100vw, 579px\" \/><figcaption id=\"caption-attachment-102449\" class=\"wp-caption-text\">Jos\u00e9 Araya, yerno de Carlos, habl\u00f3 por la familia.<\/figcaption><\/figure>\n<figure id=\"attachment_102448\" aria-describedby=\"caption-attachment-102448\" style=\"width: 579px\" class=\"wp-caption alignnone\"><img data-recalc-dims=\"1\" loading=\"lazy\" decoding=\"async\" class=\"size-full wp-image-102448\" src=\"https:\/\/i0.wp.com\/eltrabajo.cl\/portal\/wp-content\/uploads\/2020\/08\/Pala_Carlos-Fuenzalida.jpg?resize=579%2C743&#038;ssl=1\" alt=\"Carlos Humberto Fuenzalida Arratia falleci\u00f3 a los 73 a\u00f1os de edad en un tr\u00e1gico accidente en su taller.\" width=\"579\" height=\"743\" srcset=\"https:\/\/i0.wp.com\/eltrabajo.cl\/portal\/wp-content\/uploads\/2020\/08\/Pala_Carlos-Fuenzalida.jpg?w=579&amp;ssl=1 579w, https:\/\/i0.wp.com\/eltrabajo.cl\/portal\/wp-content\/uploads\/2020\/08\/Pala_Carlos-Fuenzalida.jpg?resize=234%2C300&amp;ssl=1 234w, https:\/\/i0.wp.com\/eltrabajo.cl\/portal\/wp-content\/uploads\/2020\/08\/Pala_Carlos-Fuenzalida.jpg?resize=117%2C150&amp;ssl=1 117w\" sizes=\"auto, (max-width: 579px) 100vw, 579px\" \/><figcaption id=\"caption-attachment-102448\" class=\"wp-caption-text\">Carlos Humberto Fuenzalida Arratia falleci\u00f3 a los 73 a\u00f1os de edad en un tr\u00e1gico accidente en su taller.<\/figcaption><\/figure>\n","protected":false},"excerpt":{"rendered":"<p>Carlos Fuenzalida Arratia fue sepultado en Putaendo: Con hondo pesar y entre muchos sollozos, amigos y familiares de Carlos Humberto Fuenzalida Arratia, de 73 a\u00f1os de edad, lo despidieron la tarde de&#8230;<\/p>\n","protected":false},"author":482,"featured_media":102445,"comment_status":"closed","ping_status":"open","sticky":false,"template":"","format":"standard","meta":{"advanced_seo_description":"","jetpack_seo_html_title":"","jetpack_seo_noindex":false,"_jetpack_memberships_contains_paid_content":false,"footnotes":""},"categories":[15],"tags":[],"class_list":["post-102444","post","type-post","status-publish","format-standard","has-post-thumbnail","hentry","category-comunidad"],"jetpack_featured_media_url":"https:\/\/i0.wp.com\/eltrabajo.cl\/portal\/wp-content\/uploads\/2020\/08\/Pala1-1.jpg?fit=579%2C387&ssl=1","jetpack_sharing_enabled":true,"jetpack_likes_enabled":true,"jetpack-related-posts":[],"_links":{"self":[{"href":"https:\/\/eltrabajo.cl\/portal\/wp-json\/wp\/v2\/posts\/102444","targetHints":{"allow":["GET"]}}],"collection":[{"href":"https:\/\/eltrabajo.cl\/portal\/wp-json\/wp\/v2\/posts"}],"about":[{"href":"https:\/\/eltrabajo.cl\/portal\/wp-json\/wp\/v2\/types\/post"}],"author":[{"embeddable":true,"href":"https:\/\/eltrabajo.cl\/portal\/wp-json\/wp\/v2\/users\/482"}],"replies":[{"embeddable":true,"href":"https:\/\/eltrabajo.cl\/portal\/wp-json\/wp\/v2\/comments?post=102444"}],"version-history":[{"count":0,"href":"https:\/\/eltrabajo.cl\/portal\/wp-json\/wp\/v2\/posts\/102444\/revisions"}],"wp:featuredmedia":[{"embeddable":true,"href":"https:\/\/eltrabajo.cl\/portal\/wp-json\/wp\/v2\/media\/102445"}],"wp:attachment":[{"href":"https:\/\/eltrabajo.cl\/portal\/wp-json\/wp\/v2\/media?parent=102444"}],"wp:term":[{"taxonomy":"category","embeddable":true,"href":"https:\/\/eltrabajo.cl\/portal\/wp-json\/wp\/v2\/categories?post=102444"},{"taxonomy":"post_tag","embeddable":true,"href":"https:\/\/eltrabajo.cl\/portal\/wp-json\/wp\/v2\/tags?post=102444"}],"curies":[{"name":"wp","href":"https:\/\/api.w.org\/{rel}","templated":true}]}}