{"id":102452,"date":"2020-08-31T07:55:53","date_gmt":"2020-08-31T11:55:53","guid":{"rendered":"https:\/\/www.eltrabajo.cl\/portal\/?p=102452"},"modified":"2020-08-30T20:39:09","modified_gmt":"2020-08-31T00:39:09","slug":"denuncian-despidos-e-irregularidades-en-obra-de-alcantarillado-en-la-troya","status":"publish","type":"post","link":"https:\/\/eltrabajo.cl\/portal\/denuncian-despidos-e-irregularidades-en-obra-de-alcantarillado-en-la-troya\/","title":{"rendered":"Denuncian despidos e irregularidades en obra de alcantarillado en La Troya"},"content":{"rendered":"<p style=\"text-align: justify;\">Este d\u00eda viernes a la entrada de la copa de agua del APR de La Troya, un grupo de trabajadores encendi\u00f3 una barricada en forma de protesta por abruptos despidos que seg\u00fan ellos se enteraron sin previo aviso. <strong>Ram\u00f3n Jabia<\/strong>, uno de los contratistas, convers\u00f3 con nuestro medio explicando los motivos de esta manifestaci\u00f3n, indicando que <em>\u00abayer (jueves) ocurri\u00f3 un tema que fue un administrativo de la empresa que es don <strong>C\u00e9sar Quiroz Silva<\/strong> a sacar la firma del libro de asistencia, y no permiti\u00f3 que firmaran unas personas que es la se\u00f1ora <strong>Lesly<\/strong>, quien trabaja como cinco meses con nosotros y don <strong>Juan Morales<\/strong>, motivo por el cual la gente se enoj\u00f3 y le pregunt\u00f3 \u00bfpor qu\u00e9 ellos no pod\u00edan firmar el libro si es legal?, est\u00e1 grabado, bueno la gente se molest\u00f3 y bueno el tipo lleg\u00f3 ac\u00e1 hoy aparecieron en la empresa todos los trabajadores desvinculados \u00bfpor qu\u00e9?, lo que pasa es que nosotros nos fuimos dando cuenta que hay muchas irregularidades en esta empresa.<\/em><\/p>\n<p style=\"text-align: justify;\">&#8211; <strong>\u00bfC\u00f3mo cu\u00e1les?<\/strong><\/p>\n<p style=\"text-align: justify;\">&#8211; Por ejemplo, una de las irregularidades es aqu\u00ed todos est\u00e1n contratados por la empresa Felipe de la Paz, pero aqu\u00ed habemos cuatro contratistas que tenemos facturas, estados de pago, pero ocurre que no tenemos trabajadores, entonces es raro porque somos contratistas y la gente nos trabaja a nosotros, ellos descuentan en los estados de pago las imposiciones a favor de ellos y las liquidaciones de sueldo de los trabajadores, los hacen que las firmen por el m\u00ednimo a favor de ellos; los materiales que llegan a la obra llegan a nombre de Felipe Paz, tenemos que timbrar nosotros y nos descuentan los materiales; hay una montonera de irregularidades que nos fuimos dando cuenta, los trabajadores aqu\u00ed se dan cuenta, ya esto rebas\u00f3 el vaso, porque hoy d\u00eda salen despedidos, pero de palabra, les dicen que est\u00e1n desvinculados de la empresa, pero tiene que haber alg\u00fan documento, aqu\u00ed se le inform\u00f3 al ATO (Asesor T\u00e9cnico de la Obra) de la Municipalidad, ayer en la tarde y \u00e9l ha comprendido y est\u00e1 aqu\u00ed exigi\u00e9ndole a la empresa que salga a dar la cara, la gente en forma espont\u00e1nea ha hecho una manifestaci\u00f3n, no hay des\u00f3rdenes, no hay desmanes como se puede ver, lo que la gente quiere es que esto se regularice. Si la empresa est\u00e1 en su libertad de despedir, pero todo se hace como corresponde, se le informa a la gente con un documento que est\u00e1n despedidos, se tiene que pagar el mes de aviso m\u00e1s fondos de AFP, que tampoco se ha pagado, pero como digo aqu\u00ed la empresa que est\u00e1 que somos dos empresas que estamos con acciones judiciales, porque aqu\u00ed pr\u00e1cticamente estamos viendo que aqu\u00ed hay una estafa, porque hay un enga\u00f1o, se hacen pasar trabajadores que son de otras empresas por la empresa de ellos y eso es falso, porque los trabajadores son en este caso algunos de la empresa Oxime y alguno de otra empresa.<\/p>\n<p style=\"text-align: justify;\">Agreg\u00f3 que por contrato la empresa Felipe de Paz S.A. no puede subcontratar. Eso quiere decir que los trabajos deben hacerlos ellos como empresa. Seg\u00fan lo indicado por Ram\u00f3n Jabia.<\/p>\n<p style=\"text-align: justify;\">\n<p style=\"text-align: justify;\"><span style=\"color: #c80000;\"><strong>OTROS PROBLEMAS<\/strong><\/span><\/p>\n<p style=\"text-align: justify;\">Otra de las quejas que hizo p\u00fablica, tiene que ver con el indemnizado, que no es otra cosa que el trabajo a realizar, \u00ab<em>\u00e9l manda un requerimiento donde quiere que hagamos excavaciones, colocaci\u00f3n de tubos y tiene un valor, nosotros les respondimos el d\u00eda 11 con un total de aproximadamente 43 millones en el caso nuestro, no respondi\u00f3 el indemnizado en ning\u00fan momento, pero el d\u00eda 1 de julio \u00e9l da el Vamos a la obra, lo que da a entender que \u00e9l acept\u00f3 el indemnizado, pero el d\u00eda 15 de julio cuando ya llev\u00e1bamos m\u00e1s del 60% de la obra, me llama que yo soy el representante de la empresa Oxim y me dice que lo baj\u00f3 <\/em>(indemnizado) <em>de 43 a 20 millones de pesos, cuando ya llev\u00e1bamos un porcentaje alto de la obra donde los materiales que suponen los tenemos que poner nosotros los traen ellos, ellos bajan el IVA nos entregan los materiales a nosotros, nos descuentan y en el fondo para ellos es negocio redondo, tienen gastos que son falsos, los trabajadores son nuestros, los materiales los pagamos nosotros, pero la factura viene a nombre de ellos, nos descuentan a nosotros las imposiciones. Aqu\u00ed hay una serie de irregularidades, la gente tampoco gana el m\u00ednimo, nosotros aqu\u00ed le pagan a una persona $620.000 a un maestro $550.000 a otro maestro y la gente no recibe sus imposiciones como corresponde, entonces es de una gravedad tremenda el tema, nosotros estamos hablando con abogados para demandar, queremos pedir a la Municipalidad que intervenga, porque resulta como no puede subcontratar nos enteramos ahora, \u00bfqu\u00e9 hacemos nosotros aqu\u00ed?, entonces alguien tendr\u00e1 que poner la cara<\/em>\u00bb, dijo Jabia.<\/p>\n<p style=\"text-align: justify;\">&#8211; <strong>\u00bfEst\u00e1n paralizadas las obras?<\/strong><\/p>\n<p style=\"text-align: justify;\">&#8211; Las obras nuestras en estos momentos est\u00e1n paralizadas.<\/p>\n<p style=\"text-align: justify;\">&#8211; <strong>\u00bfCu\u00e1les son las suyas?<\/strong><\/p>\n<p style=\"text-align: justify;\">&#8211; El tramo 8, ya hicimos el 1, donde tambi\u00e9n hay una irregularidad por ejemplo ellos en el indemnizado ponen 480 metros de excavaci\u00f3n y realizamos 1.400, nos deben 1.000 metros; en el tapado que hay distintos tramos de obra, por ejemplo en la evacuaci\u00f3n de materiales tenemos m\u00e1s de 1.700 metros c\u00fabicos y pagan como 200, o sea, hay una serie de irregularidades.<\/p>\n<p style=\"text-align: justify;\">&#8211; <strong>\u00bfEst\u00e1n paralizadas las obras en este momento?<\/strong><\/p>\n<p style=\"text-align: justify;\">&#8211; Est\u00e1n paralizadas en este momento porque nos desvincularon, ah\u00ed est\u00e1n las obras botadas, entonces queremos que las cosas se hagan como corresponde el ATO de la Municipalidad, don <strong>Andr\u00e9s C\u00e1diz<\/strong>, muy profesional, ha pedido que las cosas se hagan como corresponde, se le est\u00e1 exigiendo a la empresa que haga las cosas como corresponde y que nosotros hagamos las cosas bien, es decir, entregar los materiales que est\u00e1n en obra, porque no podemos dejarlos botados y que nos desvinculen como corresponde, nosotros como empresa despu\u00e9s tomaremos las acciones legales y que es lo que estamos haciendo, ya para poder revertir esta situaci\u00f3n y nos paguen los trabajos que ya hemos realizado, en eso estamos.<\/p>\n<p style=\"text-align: justify;\">Por su parte <strong>Humberto Gonz\u00e1lez<\/strong>, del APR La Troya, se extra\u00f1\u00f3 por la situaci\u00f3n que estaba viviendo en ese momento en el lugar y que iba a averiguar sobre lo sucedido. Tambi\u00e9n estaba presente en el lugar el ATO de la Municipalidad de San Felipe, Andr\u00e9s C\u00e1diz. Carabineros tambi\u00e9n se constituy\u00f3 en el lugar.<\/p>\n<p style=\"text-align: justify;\">Al lugar seg\u00fan lo indicado por Ram\u00f3n Jabia, hab\u00eda llegado un representante de la empresa, estaban reunidos al interior de las oficinas. Por lo que hasta el cierre de esta nota no hab\u00eda un pronunciamiento de la empresa Felipe de Paz S.A.<\/p>\n<p style=\"text-align: justify;\">Se\u00f1alar que esta obra corresponde a \u00abConstrucci\u00f3n Alcantarillado Aguas Servidas, La Troya, San Felipe\u00bb, con una inversi\u00f3n de $1.749.431.000 (Gobierno Regional). Plazo corrido 347 d\u00edas. Fecha de entrega 5 de marzo de 2021. Empresa Contratista Felipe de Paz S.A. Unidad T\u00e9cnica Municipalidad de San Felipe.<\/p>\n<figure id=\"attachment_102453\" aria-describedby=\"caption-attachment-102453\" style=\"width: 579px\" class=\"wp-caption alignnone\"><img data-recalc-dims=\"1\" loading=\"lazy\" decoding=\"async\" class=\"size-full wp-image-102453\" src=\"https:\/\/i0.wp.com\/eltrabajo.cl\/portal\/wp-content\/uploads\/2020\/08\/La-Troya-2.jpg?resize=579%2C385&#038;ssl=1\" alt=\"Carabineros conversa con los representantes de los trabajadores despedidos.\" width=\"579\" height=\"385\" srcset=\"https:\/\/i0.wp.com\/eltrabajo.cl\/portal\/wp-content\/uploads\/2020\/08\/La-Troya-2.jpg?w=579&amp;ssl=1 579w, https:\/\/i0.wp.com\/eltrabajo.cl\/portal\/wp-content\/uploads\/2020\/08\/La-Troya-2.jpg?resize=300%2C199&amp;ssl=1 300w, https:\/\/i0.wp.com\/eltrabajo.cl\/portal\/wp-content\/uploads\/2020\/08\/La-Troya-2.jpg?resize=200%2C133&amp;ssl=1 200w\" sizes=\"auto, (max-width: 579px) 100vw, 579px\" \/><figcaption id=\"caption-attachment-102453\" class=\"wp-caption-text\">Carabineros conversa con los representantes de los trabajadores despedidos.<\/figcaption><\/figure>\n<figure id=\"attachment_102454\" aria-describedby=\"caption-attachment-102454\" style=\"width: 579px\" class=\"wp-caption alignnone\"><img data-recalc-dims=\"1\" loading=\"lazy\" decoding=\"async\" class=\"size-full wp-image-102454\" src=\"https:\/\/i0.wp.com\/eltrabajo.cl\/portal\/wp-content\/uploads\/2020\/08\/la-troya-Letrero.jpg?resize=579%2C386&#038;ssl=1\" alt=\"Ac\u00e1 el letrero con los datos de la obra.\" width=\"579\" height=\"386\" srcset=\"https:\/\/i0.wp.com\/eltrabajo.cl\/portal\/wp-content\/uploads\/2020\/08\/la-troya-Letrero.jpg?w=579&amp;ssl=1 579w, https:\/\/i0.wp.com\/eltrabajo.cl\/portal\/wp-content\/uploads\/2020\/08\/la-troya-Letrero.jpg?resize=300%2C200&amp;ssl=1 300w, https:\/\/i0.wp.com\/eltrabajo.cl\/portal\/wp-content\/uploads\/2020\/08\/la-troya-Letrero.jpg?resize=200%2C133&amp;ssl=1 200w\" sizes=\"auto, (max-width: 579px) 100vw, 579px\" \/><figcaption id=\"caption-attachment-102454\" class=\"wp-caption-text\">Ac\u00e1 el letrero con los datos de la obra.<\/figcaption><\/figure>\n<figure id=\"attachment_102455\" aria-describedby=\"caption-attachment-102455\" style=\"width: 578px\" class=\"wp-caption alignnone\"><img data-recalc-dims=\"1\" loading=\"lazy\" decoding=\"async\" class=\"size-full wp-image-102455\" src=\"https:\/\/i0.wp.com\/eltrabajo.cl\/portal\/wp-content\/uploads\/2020\/08\/La-Troya.jpg?resize=578%2C387&#038;ssl=1\" alt=\"Los trabajadores encendieron una fogata al frente de las oficinas de la empresa que realiza las obras de alcantarillado en La Troya.\" width=\"578\" height=\"387\" srcset=\"https:\/\/i0.wp.com\/eltrabajo.cl\/portal\/wp-content\/uploads\/2020\/08\/La-Troya.jpg?w=578&amp;ssl=1 578w, https:\/\/i0.wp.com\/eltrabajo.cl\/portal\/wp-content\/uploads\/2020\/08\/La-Troya.jpg?resize=300%2C201&amp;ssl=1 300w, https:\/\/i0.wp.com\/eltrabajo.cl\/portal\/wp-content\/uploads\/2020\/08\/La-Troya.jpg?resize=200%2C134&amp;ssl=1 200w\" sizes=\"auto, (max-width: 578px) 100vw, 578px\" \/><figcaption id=\"caption-attachment-102455\" class=\"wp-caption-text\">Los trabajadores encendieron una fogata al frente de las oficinas de la empresa que realiza las obras de alcantarillado en La Troya.<\/figcaption><\/figure>\n","protected":false},"excerpt":{"rendered":"<p>Este d\u00eda viernes a la entrada de la copa de agua del APR de La Troya, un grupo de trabajadores encendi\u00f3 una barricada en forma de protesta por abruptos despidos que seg\u00fan&#8230;<\/p>\n","protected":false},"author":482,"featured_media":102453,"comment_status":"closed","ping_status":"open","sticky":false,"template":"","format":"standard","meta":{"advanced_seo_description":"","jetpack_seo_html_title":"","jetpack_seo_noindex":false,"_jetpack_memberships_contains_paid_content":false,"footnotes":""},"categories":[103],"tags":[],"class_list":["post-102452","post","type-post","status-publish","format-standard","has-post-thumbnail","hentry","category-cronica-2"],"jetpack_featured_media_url":"https:\/\/i0.wp.com\/eltrabajo.cl\/portal\/wp-content\/uploads\/2020\/08\/La-Troya-2.jpg?fit=579%2C385&ssl=1","jetpack_sharing_enabled":true,"jetpack_likes_enabled":true,"jetpack-related-posts":[],"_links":{"self":[{"href":"https:\/\/eltrabajo.cl\/portal\/wp-json\/wp\/v2\/posts\/102452","targetHints":{"allow":["GET"]}}],"collection":[{"href":"https:\/\/eltrabajo.cl\/portal\/wp-json\/wp\/v2\/posts"}],"about":[{"href":"https:\/\/eltrabajo.cl\/portal\/wp-json\/wp\/v2\/types\/post"}],"author":[{"embeddable":true,"href":"https:\/\/eltrabajo.cl\/portal\/wp-json\/wp\/v2\/users\/482"}],"replies":[{"embeddable":true,"href":"https:\/\/eltrabajo.cl\/portal\/wp-json\/wp\/v2\/comments?post=102452"}],"version-history":[{"count":0,"href":"https:\/\/eltrabajo.cl\/portal\/wp-json\/wp\/v2\/posts\/102452\/revisions"}],"wp:featuredmedia":[{"embeddable":true,"href":"https:\/\/eltrabajo.cl\/portal\/wp-json\/wp\/v2\/media\/102453"}],"wp:attachment":[{"href":"https:\/\/eltrabajo.cl\/portal\/wp-json\/wp\/v2\/media?parent=102452"}],"wp:term":[{"taxonomy":"category","embeddable":true,"href":"https:\/\/eltrabajo.cl\/portal\/wp-json\/wp\/v2\/categories?post=102452"},{"taxonomy":"post_tag","embeddable":true,"href":"https:\/\/eltrabajo.cl\/portal\/wp-json\/wp\/v2\/tags?post=102452"}],"curies":[{"name":"wp","href":"https:\/\/api.w.org\/{rel}","templated":true}]}}