{"id":102480,"date":"2020-09-01T07:40:18","date_gmt":"2020-09-01T11:40:18","guid":{"rendered":"https:\/\/www.eltrabajo.cl\/portal\/?p=102480"},"modified":"2020-08-31T19:46:09","modified_gmt":"2020-08-31T23:46:09","slug":"a-las-1500-horas-de-este-este-sabado-el-uni-uni-retorna-a-la-competencia","status":"publish","type":"post","link":"https:\/\/eltrabajo.cl\/portal\/a-las-1500-horas-de-este-este-sabado-el-uni-uni-retorna-a-la-competencia\/","title":{"rendered":"A las 15:00 horas de este este s\u00e1bado el Un\u00ed Un\u00ed retorna a la competencia"},"content":{"rendered":"<p style=\"text-align: justify;\">Despu\u00e9s de haber quedado libre en la fecha cinco del torneo B del f\u00fatbol profesional, este s\u00e1bado Uni\u00f3n San Felipe retornar\u00e1 al ruedo competitivo enfrentando como visitante a Deportes Melipilla, en un partido que se agend\u00f3 para las tres de la tarde en el estadio Bicentenario de La Florida.<\/p>\n<p style=\"text-align: justify;\">El duelo entre melipillanos y aconcag\u00fcinos ser\u00e1 el \u00fanico de la serie B que se jugar\u00e1 durante la jornada sabatina, y no ir\u00e1 por las pantallas del CDF.<\/p>\n<p style=\"text-align: justify;\">La escuadra comandada t\u00e9cnicamente por el profesor <strong>Erwin Dur\u00e1n<\/strong>, llegar\u00e1 al duelo del retorno con 6 puntos, que son producto de un triunfo y tres empates en los cuatro partidos que hasta ahora ha diputado.<\/p>\n<p style=\"text-align: justify;\">\n<p style=\"text-align: justify;\"><span style=\"color: #c80000;\"><strong>Programaci\u00f3n fecha 6\u00aa<\/strong><\/span><\/p>\n<p style=\"text-align: justify;\">Jueves 3 de septiembre<\/p>\n<p style=\"text-align: justify;\">13:30 horas: San Luis \u2013 San Marcos de Arica<\/p>\n<p style=\"text-align: justify;\">Viernes 4 de septiembre<\/p>\n<p style=\"text-align: justify;\">13:30 horas: Temuco \u2013 Valdivia<\/p>\n<p style=\"text-align: justify;\">S\u00e1bado 5 de septiembre<\/p>\n<p style=\"text-align: justify;\">15:00 horas: Melipilla \u2013 Uni\u00f3n San Felipe<\/p>\n<p style=\"text-align: justify;\">Domingo 6 de septiembre<\/p>\n<p style=\"text-align: justify;\">12:00 horas: Puerto Montt \u2013 Rangers<\/p>\n<p style=\"text-align: justify;\">12:00 horas: Barnechea \u2013 Deportes Copiap\u00f3<\/p>\n<p style=\"text-align: justify;\">12:00 horas: Cobreloa \u2013 Santa Cruz<\/p>\n<p style=\"text-align: justify;\">18:00 horas: \u00d1ublense \u2013 Santiago Morning<\/p>\n<p style=\"text-align: justify;\">Libre: Magallanes<\/p>\n<p style=\"text-align: justify;\">\n<p style=\"text-align: justify;\"><span style=\"color: #c80000;\"><strong>Tabla de Posiciones<\/strong><\/span><\/p>\n<p style=\"text-align: justify;\"><strong>Lugar\u00a0 \u00a0 \u00a0 \u00a0 \u00a0 \u00a0 \u00a0Ptos.<\/strong><\/p>\n<p style=\"text-align: justify;\">\u00d1ublense \u00a0\u00a0\u00a0\u00a0\u00a0\u00a0\u00a0\u00a0\u00a0\u00a0 12<\/p>\n<p style=\"text-align: justify;\">Rangers \u00a0\u00a0\u00a0\u00a0\u00a0\u00a0\u00a0\u00a0\u00a0\u00a0\u00a0\u00a0\u00a0 10<\/p>\n<p style=\"text-align: justify;\">Cobreloa \u00a0\u00a0\u00a0\u00a0\u00a0\u00a0\u00a0\u00a0\u00a0\u00a0\u00a0 10<\/p>\n<p style=\"text-align: justify;\">Magallanes *\u00a0\u00a0\u00a0\u00a0 9<\/p>\n<p style=\"text-align: justify;\">Valdivia \u00a0\u00a0\u00a0\u00a0\u00a0\u00a0\u00a0\u00a0\u00a0\u00a0\u00a0\u00a0\u00a0\u00a0 \u00a07<\/p>\n<p style=\"text-align: justify;\"><strong>Uni\u00f3n San Felipe \u00a0\u00a0\u00a0\u00a0\u00a0\u00a0\u00a0\u00a0\u00a0\u00a0\u00a0 \u00a06<\/strong><\/p>\n<p style=\"text-align: justify;\">Melipilla *\u00a0\u00a0\u00a0\u00a0\u00a0\u00a0\u00a0\u00a0\u00a0\u00a0 6<\/p>\n<p style=\"text-align: justify;\">San Luis \u00a0\u00a0\u00a0\u00a0\u00a0\u00a0\u00a0\u00a0\u00a0\u00a0\u00a0\u00a0\u00a0 \u00a05<\/p>\n<p style=\"text-align: justify;\">Santiago Morning \u00a0\u00a0\u00a0\u00a0\u00a0\u00a0\u00a0\u00a0\u00a0 \u00a05<\/p>\n<p style=\"text-align: justify;\">Temuco \u00a0\u00a0\u00a0\u00a0\u00a0\u00a0\u00a0\u00a0\u00a0\u00a0\u00a0\u00a0\u00a0 \u00a04<\/p>\n<p style=\"text-align: justify;\">Puerto Montt \u00a0 \u00a04<\/p>\n<p style=\"text-align: justify;\">Copiap\u00f3 \u00a0\u00a0\u00a0\u00a0\u00a0\u00a0\u00a0\u00a0\u00a0\u00a0\u00a0\u00a0\u00a0 \u00a04<\/p>\n<p style=\"text-align: justify;\">San Marcos \u00a0\u00a0\u00a0\u00a0\u00a0\u00a0 \u00a03<\/p>\n<p style=\"text-align: justify;\">Deportes Santa Cruz *\u00a0 1<\/p>\n<p style=\"text-align: justify;\">Barnechea *\u00a0\u00a0\u00a0\u00a0\u00a0 1<\/p>\n<p style=\"text-align: justify;\">*Jugaban ayer<\/p>\n<figure id=\"attachment_102481\" aria-describedby=\"caption-attachment-102481\" style=\"width: 578px\" class=\"wp-caption alignnone\"><img data-recalc-dims=\"1\" loading=\"lazy\" decoding=\"async\" class=\"size-full wp-image-102481\" src=\"https:\/\/i0.wp.com\/eltrabajo.cl\/portal\/wp-content\/uploads\/2020\/08\/uni-uni-2.jpg?resize=578%2C399&#038;ssl=1\" alt=\"El conjunto sanfelipe\u00f1o volver\u00e1 al ruedo competitivo este s\u00e1bado ante Melipilla.\" width=\"578\" height=\"399\" srcset=\"https:\/\/i0.wp.com\/eltrabajo.cl\/portal\/wp-content\/uploads\/2020\/08\/uni-uni-2.jpg?w=578&amp;ssl=1 578w, https:\/\/i0.wp.com\/eltrabajo.cl\/portal\/wp-content\/uploads\/2020\/08\/uni-uni-2.jpg?resize=300%2C207&amp;ssl=1 300w, https:\/\/i0.wp.com\/eltrabajo.cl\/portal\/wp-content\/uploads\/2020\/08\/uni-uni-2.jpg?resize=200%2C138&amp;ssl=1 200w, https:\/\/i0.wp.com\/eltrabajo.cl\/portal\/wp-content\/uploads\/2020\/08\/uni-uni-2.jpg?resize=218%2C150&amp;ssl=1 218w\" sizes=\"auto, (max-width: 578px) 100vw, 578px\" \/><figcaption id=\"caption-attachment-102481\" class=\"wp-caption-text\">El conjunto sanfelipe\u00f1o volver\u00e1 al ruedo competitivo este s\u00e1bado ante Melipilla.<\/figcaption><\/figure>\n","protected":false},"excerpt":{"rendered":"<p>Despu\u00e9s de haber quedado libre en la fecha cinco del torneo B del f\u00fatbol profesional, este s\u00e1bado Uni\u00f3n San Felipe retornar\u00e1 al ruedo competitivo enfrentando como visitante a Deportes Melipilla, en un&#8230;<\/p>\n","protected":false},"author":482,"featured_media":102481,"comment_status":"closed","ping_status":"open","sticky":false,"template":"","format":"standard","meta":{"advanced_seo_description":"","jetpack_seo_html_title":"","jetpack_seo_noindex":false,"_jetpack_memberships_contains_paid_content":false,"footnotes":""},"categories":[19],"tags":[],"class_list":["post-102480","post","type-post","status-publish","format-standard","has-post-thumbnail","hentry","category-deportes"],"jetpack_featured_media_url":"https:\/\/i0.wp.com\/eltrabajo.cl\/portal\/wp-content\/uploads\/2020\/08\/uni-uni-2.jpg?fit=578%2C399&ssl=1","jetpack_sharing_enabled":true,"jetpack_likes_enabled":true,"jetpack-related-posts":[],"_links":{"self":[{"href":"https:\/\/eltrabajo.cl\/portal\/wp-json\/wp\/v2\/posts\/102480","targetHints":{"allow":["GET"]}}],"collection":[{"href":"https:\/\/eltrabajo.cl\/portal\/wp-json\/wp\/v2\/posts"}],"about":[{"href":"https:\/\/eltrabajo.cl\/portal\/wp-json\/wp\/v2\/types\/post"}],"author":[{"embeddable":true,"href":"https:\/\/eltrabajo.cl\/portal\/wp-json\/wp\/v2\/users\/482"}],"replies":[{"embeddable":true,"href":"https:\/\/eltrabajo.cl\/portal\/wp-json\/wp\/v2\/comments?post=102480"}],"version-history":[{"count":0,"href":"https:\/\/eltrabajo.cl\/portal\/wp-json\/wp\/v2\/posts\/102480\/revisions"}],"wp:featuredmedia":[{"embeddable":true,"href":"https:\/\/eltrabajo.cl\/portal\/wp-json\/wp\/v2\/media\/102481"}],"wp:attachment":[{"href":"https:\/\/eltrabajo.cl\/portal\/wp-json\/wp\/v2\/media?parent=102480"}],"wp:term":[{"taxonomy":"category","embeddable":true,"href":"https:\/\/eltrabajo.cl\/portal\/wp-json\/wp\/v2\/categories?post=102480"},{"taxonomy":"post_tag","embeddable":true,"href":"https:\/\/eltrabajo.cl\/portal\/wp-json\/wp\/v2\/tags?post=102480"}],"curies":[{"name":"wp","href":"https:\/\/api.w.org\/{rel}","templated":true}]}}