{"id":102512,"date":"2020-09-02T07:35:44","date_gmt":"2020-09-02T11:35:44","guid":{"rendered":"https:\/\/www.eltrabajo.cl\/portal\/?p=102512"},"modified":"2020-09-01T19:56:59","modified_gmt":"2020-09-01T23:56:59","slug":"los-puntos-clave-del-protocolo-de-retorno-del-futbol-amateur","status":"publish","type":"post","link":"https:\/\/eltrabajo.cl\/portal\/los-puntos-clave-del-protocolo-de-retorno-del-futbol-amateur\/","title":{"rendered":"Los puntos clave del protocolo de retorno del f\u00fatbol amateur"},"content":{"rendered":"<p style=\"text-align: justify;\">Tema de discusi\u00f3n y debate por esto d\u00edas en el ambiente del balompi\u00e9 amateur del valle de Aconcagua es el borrador de protocolo sanitario que hace pocos d\u00edas hizo llegar el directorio de ARFA Quinta a los presidentes de las asociaciones de la regi\u00f3n.<\/p>\n<p style=\"text-align: justify;\">Si bien es cierto no existen dos opiniones respecto a que el documento es un gran avance y habla de la seriedad con que se est\u00e1n haciendo las cosas en el f\u00fatbol amateur, tambi\u00e9n ha quedado de manifiesto que el retorno ser\u00e1 m\u00e1s complejo de lo esperado ya que no todos podr\u00e1n cumplir con lo que exigir\u00e1 el protocolo.<\/p>\n<p style=\"text-align: justify;\"><strong>El Trabajo Deportivo<\/strong> tuvo acceso exclusivo al borrador, y tras leerlo detenidamente y de acuerdo a lo conversado con algunos dirigentes, dar\u00e1 a conocer los puntos m\u00e1s importantes y que para muchos son la piedra de tope para un hipot\u00e9tico retorno. <em>\u00abCon esto el \u00fanico torneo que volver\u00e1 ser\u00e1n las Copas de Campeones\u00bb,<\/em> es la frase que m\u00e1s se reitera entre los directivos.<\/p>\n<p style=\"text-align: justify;\">Entre las normas que se impondr\u00e1n destacan las siguientes:<\/p>\n<p style=\"text-align: justify;\">&#8211; Los partidos se desarrollar\u00e1n en estadios que deber\u00e1n obligatoriamente cumplir con la condici\u00f3n de cerrar y prohibir el acceso de los hinchas al recinto.<\/p>\n<p style=\"text-align: justify;\">&#8211; Solo podr\u00e1n ingresar al recinto: 18 jugadores (as), 1 t\u00e9cnico, 1 ayudante, 1 preparador f\u00edsico y un dirigente previamente acreditado.<\/p>\n<p style=\"text-align: justify;\">&#8211; En caso que 3 \u00f3 m\u00e1s integrantes de una delegaci\u00f3n tengan m\u00e1s de 37.5\u00ba C no se autorizar\u00e1 el ingreso de nadie, por lo que ese equipo no podr\u00e1 participar del encuentro deportivo, perdiendo los puntos en disputa.<\/p>\n<p style=\"text-align: justify;\">&#8211; Si en un recinto se juega m\u00e1s de un partido, el siguiente deber\u00e1 disputarse una despu\u00e9s del encuentro preliminar.<\/p>\n<p style=\"text-align: justify;\">&#8211; Cada delegaci\u00f3n (equipo) tendr\u00e1 25 minutos para hacer abandono del recinto.<\/p>\n<p style=\"text-align: justify;\">&#8211; Cada delegaci\u00f3n deber\u00e1 disponer de botellas individuales para la hidrataci\u00f3n, ya que se proh\u00edbe estrictamente compartirlas.<\/p>\n<figure id=\"attachment_102513\" aria-describedby=\"caption-attachment-102513\" style=\"width: 580px\" class=\"wp-caption alignnone\"><img data-recalc-dims=\"1\" loading=\"lazy\" decoding=\"async\" class=\"size-full wp-image-102513\" src=\"https:\/\/i0.wp.com\/eltrabajo.cl\/portal\/wp-content\/uploads\/2020\/09\/borrador.jpg?resize=580%2C450&#038;ssl=1\" alt=\"El protocolo entregado por ARFA Quinta es sumamente estricto y dif\u00edcil de cumplir para muchos.\" width=\"580\" height=\"450\" srcset=\"https:\/\/i0.wp.com\/eltrabajo.cl\/portal\/wp-content\/uploads\/2020\/09\/borrador.jpg?w=580&amp;ssl=1 580w, https:\/\/i0.wp.com\/eltrabajo.cl\/portal\/wp-content\/uploads\/2020\/09\/borrador.jpg?resize=300%2C233&amp;ssl=1 300w, https:\/\/i0.wp.com\/eltrabajo.cl\/portal\/wp-content\/uploads\/2020\/09\/borrador.jpg?resize=193%2C150&amp;ssl=1 193w\" sizes=\"auto, (max-width: 580px) 100vw, 580px\" \/><figcaption id=\"caption-attachment-102513\" class=\"wp-caption-text\">El protocolo entregado por ARFA Quinta es sumamente estricto y dif\u00edcil de cumplir para muchos.<\/figcaption><\/figure>\n","protected":false},"excerpt":{"rendered":"<p>Tema de discusi\u00f3n y debate por esto d\u00edas en el ambiente del balompi\u00e9 amateur del valle de Aconcagua es el borrador de protocolo sanitario que hace pocos d\u00edas hizo llegar el directorio&#8230;<\/p>\n","protected":false},"author":482,"featured_media":102513,"comment_status":"closed","ping_status":"open","sticky":false,"template":"","format":"standard","meta":{"advanced_seo_description":"","jetpack_seo_html_title":"","jetpack_seo_noindex":false,"_jetpack_memberships_contains_paid_content":false,"footnotes":""},"categories":[105,19],"tags":[],"class_list":["post-102512","post","type-post","status-publish","format-standard","has-post-thumbnail","hentry","category-covid-19","category-deportes"],"jetpack_featured_media_url":"https:\/\/i0.wp.com\/eltrabajo.cl\/portal\/wp-content\/uploads\/2020\/09\/borrador.jpg?fit=580%2C450&ssl=1","jetpack_sharing_enabled":true,"jetpack_likes_enabled":true,"jetpack-related-posts":[],"_links":{"self":[{"href":"https:\/\/eltrabajo.cl\/portal\/wp-json\/wp\/v2\/posts\/102512","targetHints":{"allow":["GET"]}}],"collection":[{"href":"https:\/\/eltrabajo.cl\/portal\/wp-json\/wp\/v2\/posts"}],"about":[{"href":"https:\/\/eltrabajo.cl\/portal\/wp-json\/wp\/v2\/types\/post"}],"author":[{"embeddable":true,"href":"https:\/\/eltrabajo.cl\/portal\/wp-json\/wp\/v2\/users\/482"}],"replies":[{"embeddable":true,"href":"https:\/\/eltrabajo.cl\/portal\/wp-json\/wp\/v2\/comments?post=102512"}],"version-history":[{"count":0,"href":"https:\/\/eltrabajo.cl\/portal\/wp-json\/wp\/v2\/posts\/102512\/revisions"}],"wp:featuredmedia":[{"embeddable":true,"href":"https:\/\/eltrabajo.cl\/portal\/wp-json\/wp\/v2\/media\/102513"}],"wp:attachment":[{"href":"https:\/\/eltrabajo.cl\/portal\/wp-json\/wp\/v2\/media?parent=102512"}],"wp:term":[{"taxonomy":"category","embeddable":true,"href":"https:\/\/eltrabajo.cl\/portal\/wp-json\/wp\/v2\/categories?post=102512"},{"taxonomy":"post_tag","embeddable":true,"href":"https:\/\/eltrabajo.cl\/portal\/wp-json\/wp\/v2\/tags?post=102512"}],"curies":[{"name":"wp","href":"https:\/\/api.w.org\/{rel}","templated":true}]}}