{"id":102531,"date":"2020-09-02T07:50:10","date_gmt":"2020-09-02T11:50:10","guid":{"rendered":"https:\/\/www.eltrabajo.cl\/portal\/?p=102531"},"modified":"2020-09-01T20:06:42","modified_gmt":"2020-09-02T00:06:42","slug":"union-san-felipe-pierde-a-uno-de-sus-puntales-de-cara-a-su-inicio-del-retorno","status":"publish","type":"post","link":"https:\/\/eltrabajo.cl\/portal\/union-san-felipe-pierde-a-uno-de-sus-puntales-de-cara-a-su-inicio-del-retorno\/","title":{"rendered":"Uni\u00f3n San Felipe pierde a uno de sus puntales de cara a su inicio del retorno"},"content":{"rendered":"<p style=\"text-align: justify;\">Como un verdadero mazazo que seguramente ser\u00e1 dif\u00edcil de digerir porque se trata de un jugador muy importante que estaba llamado a convertirse en puntal esta temporada en la tienda sanfelipe\u00f1a, fue recibida la noticia de la seria lesi\u00f3n que sufri\u00f3 el volante argentino <strong>Hern\u00e1n Fredes<\/strong>.<\/p>\n<p style=\"text-align: justify;\">La herida del <strong>\u2018Mago\u2019<\/strong> Fredes es de las m\u00e1s graves que existen en el f\u00fatbol, ya que una Rotura del Ligamento Cruzado significa en la pr\u00e1ctica que el jugador se perder\u00e1 todo lo que resta de torneo, tal como lo reconoci\u00f3 el entrenador <strong>Erwin Dur\u00e1n<\/strong>: <em>\u00ab\u00c9l (Fredes) es un jugador muy importante tanto dentro como fuera de la cancha, adem\u00e1s que esper\u00e1bamos mucho de \u00e9l, y lo necesit\u00e1bamos para lograr todo lo que pretendemos. Tenemos completa claridad que no jugar\u00e1 por lo que resta de campeonato\u00bb,<\/em> se\u00f1al\u00f3 el hombre encargado de guiar t\u00e9cnicamente al Un\u00ed Un\u00ed.<\/p>\n<p style=\"text-align: justify;\">El estratego no asegur\u00f3 que sume un nuevo \u2018enganche\u2019 a su escuadra, pese a que podr\u00eda hacerlo. <em>\u00abEso depender\u00e1 de una conversaci\u00f3n que sostendremos con los directivos, pero iremos con calma ya que no se tratar\u00e1 de reemplazar por reemplazar. Por ahora y a una semana de comenzar a jugar me preocupa m\u00e1s la persona de Fredes que s\u00e9 que no lo est\u00e1 pasando bien, as\u00ed que no quiero hablar de reemplazos\u00bb,<\/em> explic\u00f3.<\/p>\n<figure id=\"attachment_102532\" aria-describedby=\"caption-attachment-102532\" style=\"width: 580px\" class=\"wp-caption alignnone\"><img data-recalc-dims=\"1\" loading=\"lazy\" decoding=\"async\" class=\"size-full wp-image-102532\" src=\"https:\/\/i0.wp.com\/eltrabajo.cl\/portal\/wp-content\/uploads\/2020\/09\/fredes.jpg?resize=580%2C512&#038;ssl=1\" alt=\"El volante trasandino Hern\u00e1n Fredes se perder\u00e1 el resto de la temporada de la Primera B.\" width=\"580\" height=\"512\" srcset=\"https:\/\/i0.wp.com\/eltrabajo.cl\/portal\/wp-content\/uploads\/2020\/09\/fredes.jpg?w=580&amp;ssl=1 580w, https:\/\/i0.wp.com\/eltrabajo.cl\/portal\/wp-content\/uploads\/2020\/09\/fredes.jpg?resize=300%2C265&amp;ssl=1 300w, https:\/\/i0.wp.com\/eltrabajo.cl\/portal\/wp-content\/uploads\/2020\/09\/fredes.jpg?resize=170%2C150&amp;ssl=1 170w\" sizes=\"auto, (max-width: 580px) 100vw, 580px\" \/><figcaption id=\"caption-attachment-102532\" class=\"wp-caption-text\">El volante trasandino Hern\u00e1n Fredes se perder\u00e1 el resto de la temporada de la Primera B.<\/figcaption><\/figure>\n","protected":false},"excerpt":{"rendered":"<p>Como un verdadero mazazo que seguramente ser\u00e1 dif\u00edcil de digerir porque se trata de un jugador muy importante que estaba llamado a convertirse en puntal esta temporada en la tienda sanfelipe\u00f1a, fue&#8230;<\/p>\n","protected":false},"author":482,"featured_media":102532,"comment_status":"closed","ping_status":"open","sticky":false,"template":"","format":"standard","meta":{"advanced_seo_description":"","jetpack_seo_html_title":"","jetpack_seo_noindex":false,"_jetpack_memberships_contains_paid_content":false,"footnotes":""},"categories":[19],"tags":[],"class_list":["post-102531","post","type-post","status-publish","format-standard","has-post-thumbnail","hentry","category-deportes"],"jetpack_featured_media_url":"https:\/\/i0.wp.com\/eltrabajo.cl\/portal\/wp-content\/uploads\/2020\/09\/fredes.jpg?fit=580%2C512&ssl=1","jetpack_sharing_enabled":true,"jetpack_likes_enabled":true,"jetpack-related-posts":[],"_links":{"self":[{"href":"https:\/\/eltrabajo.cl\/portal\/wp-json\/wp\/v2\/posts\/102531","targetHints":{"allow":["GET"]}}],"collection":[{"href":"https:\/\/eltrabajo.cl\/portal\/wp-json\/wp\/v2\/posts"}],"about":[{"href":"https:\/\/eltrabajo.cl\/portal\/wp-json\/wp\/v2\/types\/post"}],"author":[{"embeddable":true,"href":"https:\/\/eltrabajo.cl\/portal\/wp-json\/wp\/v2\/users\/482"}],"replies":[{"embeddable":true,"href":"https:\/\/eltrabajo.cl\/portal\/wp-json\/wp\/v2\/comments?post=102531"}],"version-history":[{"count":0,"href":"https:\/\/eltrabajo.cl\/portal\/wp-json\/wp\/v2\/posts\/102531\/revisions"}],"wp:featuredmedia":[{"embeddable":true,"href":"https:\/\/eltrabajo.cl\/portal\/wp-json\/wp\/v2\/media\/102532"}],"wp:attachment":[{"href":"https:\/\/eltrabajo.cl\/portal\/wp-json\/wp\/v2\/media?parent=102531"}],"wp:term":[{"taxonomy":"category","embeddable":true,"href":"https:\/\/eltrabajo.cl\/portal\/wp-json\/wp\/v2\/categories?post=102531"},{"taxonomy":"post_tag","embeddable":true,"href":"https:\/\/eltrabajo.cl\/portal\/wp-json\/wp\/v2\/tags?post=102531"}],"curies":[{"name":"wp","href":"https:\/\/api.w.org\/{rel}","templated":true}]}}