{"id":102558,"date":"2020-09-03T07:45:04","date_gmt":"2020-09-03T11:45:04","guid":{"rendered":"https:\/\/www.eltrabajo.cl\/portal\/?p=102558"},"modified":"2020-09-02T20:17:03","modified_gmt":"2020-09-03T00:17:03","slug":"jovenes-de-poblacion-santa-brigida-lideran-iniciativa-de-ayuda-social","status":"publish","type":"post","link":"https:\/\/eltrabajo.cl\/portal\/jovenes-de-poblacion-santa-brigida-lideran-iniciativa-de-ayuda-social\/","title":{"rendered":"J\u00f3venes de Poblaci\u00f3n Santa Br\u00edgida lideran iniciativa de ayuda social"},"content":{"rendered":"<p style=\"text-align: left;\"><span style=\"color: #c80000;\"><strong>Ignacio C\u00f3rdova invita a sus pares a participar:<\/strong><\/span><\/p>\n<p style=\"text-align: justify;\">Definitivamente este mes de septiembre lo iniciamos en <strong>Diario El Trabajo<\/strong> con muchas buenas noticias, los j\u00f3venes la llevan y este mes estamos dando a conocer muchos de los proyectos que en estos tiempos de Pandemia ellos est\u00e1n desarrollando silenciosamente. Hoy es el caso de <strong>Ignacio C\u00f3rdova Segura<\/strong>, joven destacado por el Municipio de San Felipe a ra\u00edz de su proyecto social realizado en Poblaci\u00f3n Santa Br\u00edgida, en donde \u00e9l y varios de sus amigos est\u00e1n influyendo positivamente en la vida de sus vecinos.<\/p>\n<p style=\"text-align: justify;\">\n<p style=\"text-align: justify;\"><span style=\"color: #c80000;\"><strong>MANOS A LA OBRA<\/strong><\/span><\/p>\n<p style=\"text-align: justify;\">El galvano que recibi\u00f3 esta semana lo destac\u00f3 en la categor\u00eda \u2018<strong>Compromiso Sectorial<\/strong>\u2019, ya que \u00e9l convoc\u00f3 a sus amigos y juntos se maquillaron de payasos, de figuras de la televisi\u00f3n, y se pusieron a recolectar cajas de mercader\u00eda y repartirlas en su barrio a las personas que m\u00e1s mal lo est\u00e1n pasando.<\/p>\n<p style=\"text-align: justify;\">Ignacio pertenece a la directiva de la junta de vecinos de Poblaci\u00f3n Santa Br\u00edgida, \u00e9l desde su gesti\u00f3n se ha destacado por impulsar la participaci\u00f3n de sus vecinos en actividades y ayudas sociales.<\/p>\n<p style=\"text-align: justify;\"><strong>Diario El Trabajo<\/strong> habl\u00f3 con Ignacio, as\u00ed nos describi\u00f3 su iniciativa. \u00ab<em>Soy nacido y criado en San Felipe en Poblaci\u00f3n Santa Br\u00edgida, la ayuda social que yo realizo es en beneficio de personas que hoy est\u00e1n necesitando ayuda tanto en mi barrio como en otros sectores de nuestra comuna. Con un grupo de amigos desde hace alg\u00fan tiempo atr\u00e1s decidimos recolectar cajas de mercader\u00eda para donarlas de manera an\u00f3nima a quienes est\u00e1n viviendo momentos dif\u00edciles<\/em> (\u2026) <em>Tambi\u00e9n para el D\u00eda del Ni\u00f1o con nuestro desarrollamos una actividad en la que regalamos a los ni\u00f1os m\u00e1s de 350 bolsas de dulces, 350 globos con diferentes monos animados y payasos; en una camioneta salimos a repartir por toda la Poblaci\u00f3n Santa Br\u00edgida en busca de poder tambi\u00e9n sacarle una sonrisa a nuestros ni\u00f1os<\/em>\u00bb, dijo C\u00f3rdova Segura a <strong>Diario El Trabajo<\/strong>.<\/p>\n<p style=\"text-align: justify;\">&#8211; <strong>\u00bfQu\u00e9 mensaje buscan ustedes transmitir con estas intervenciones urbanas?<\/strong><\/p>\n<p style=\"text-align: justify;\">&#8211; Buscamos que los j\u00f3venes y ni\u00f1os se motiven, que busquemos ayudar con un granito de arena, mam\u00e1s solteras, adultos mayores y familias enteras, todo el trabajo que nosotros realizamos nos nace del coraz\u00f3n, no lo hacemos por vanidad porque nos sentimos bien con esta labor, sin esperar algo a cambio. La idea tambi\u00e9n que las personas favorecidas se sientan c\u00f3modas y acogidas con esta iniciativa. La invitaci\u00f3n queda abierta a otros j\u00f3venes para que nos apoyen en este proyecto, pueden llamar al <strong>+56 9 4260 6699<\/strong>.<\/p>\n<p style=\"text-align: justify;\"><strong>Roberto Gonz\u00e1lez Short<\/strong><\/p>\n<figure id=\"attachment_102559\" aria-describedby=\"caption-attachment-102559\" style=\"width: 579px\" class=\"wp-caption alignnone\"><img data-recalc-dims=\"1\" loading=\"lazy\" decoding=\"async\" class=\"size-full wp-image-102559\" src=\"https:\/\/i0.wp.com\/eltrabajo.cl\/portal\/wp-content\/uploads\/2020\/09\/Nacho1.jpg?resize=579%2C382&#038;ssl=1\" alt=\"ESPECTACULARES.- Aqu\u00ed vemos a los j\u00f3venes voluntarios interpretando a personajes infantiles, hace pocos d\u00edas celebrando el Mes del Ni\u00f1o.\" width=\"579\" height=\"382\" srcset=\"https:\/\/i0.wp.com\/eltrabajo.cl\/portal\/wp-content\/uploads\/2020\/09\/Nacho1.jpg?w=579&amp;ssl=1 579w, https:\/\/i0.wp.com\/eltrabajo.cl\/portal\/wp-content\/uploads\/2020\/09\/Nacho1.jpg?resize=300%2C198&amp;ssl=1 300w, https:\/\/i0.wp.com\/eltrabajo.cl\/portal\/wp-content\/uploads\/2020\/09\/Nacho1.jpg?resize=200%2C132&amp;ssl=1 200w\" sizes=\"auto, (max-width: 579px) 100vw, 579px\" \/><figcaption id=\"caption-attachment-102559\" class=\"wp-caption-text\">ESPECTACULARES.- Aqu\u00ed vemos a los j\u00f3venes voluntarios interpretando a personajes infantiles, hace pocos d\u00edas celebrando el Mes del Ni\u00f1o.<\/figcaption><\/figure>\n<figure id=\"attachment_102560\" aria-describedby=\"caption-attachment-102560\" style=\"width: 580px\" class=\"wp-caption alignnone\"><img data-recalc-dims=\"1\" loading=\"lazy\" decoding=\"async\" class=\"size-full wp-image-102560\" src=\"https:\/\/i0.wp.com\/eltrabajo.cl\/portal\/wp-content\/uploads\/2020\/09\/Nacho2.jpg?resize=580%2C580&#038;ssl=1\" alt=\"APOYO SOCIAL.- Aqu\u00ed vemos muchas de las cajas de mercader\u00eda que fueron repartidas en Poblaci\u00f3n Santa Br\u00edgida, y la tarea no termina.\" width=\"580\" height=\"580\" srcset=\"https:\/\/i0.wp.com\/eltrabajo.cl\/portal\/wp-content\/uploads\/2020\/09\/Nacho2.jpg?w=580&amp;ssl=1 580w, https:\/\/i0.wp.com\/eltrabajo.cl\/portal\/wp-content\/uploads\/2020\/09\/Nacho2.jpg?resize=300%2C300&amp;ssl=1 300w, https:\/\/i0.wp.com\/eltrabajo.cl\/portal\/wp-content\/uploads\/2020\/09\/Nacho2.jpg?resize=150%2C150&amp;ssl=1 150w\" sizes=\"auto, (max-width: 580px) 100vw, 580px\" \/><figcaption id=\"caption-attachment-102560\" class=\"wp-caption-text\">APOYO SOCIAL.- Aqu\u00ed vemos muchas de las cajas de mercader\u00eda que fueron repartidas en Poblaci\u00f3n Santa Br\u00edgida, y la tarea no termina.<\/figcaption><\/figure>\n<figure id=\"attachment_102561\" aria-describedby=\"caption-attachment-102561\" style=\"width: 579px\" class=\"wp-caption alignnone\"><img data-recalc-dims=\"1\" loading=\"lazy\" decoding=\"async\" class=\"size-full wp-image-102561\" src=\"https:\/\/i0.wp.com\/eltrabajo.cl\/portal\/wp-content\/uploads\/2020\/09\/Nacho_Ignacio-Cordova.jpg?resize=579%2C629&#038;ssl=1\" alt=\"Ignacio C\u00f3rdova Segura, joven destacado por el Municipio de San Felipe.\" width=\"579\" height=\"629\" srcset=\"https:\/\/i0.wp.com\/eltrabajo.cl\/portal\/wp-content\/uploads\/2020\/09\/Nacho_Ignacio-Cordova.jpg?w=579&amp;ssl=1 579w, https:\/\/i0.wp.com\/eltrabajo.cl\/portal\/wp-content\/uploads\/2020\/09\/Nacho_Ignacio-Cordova.jpg?resize=276%2C300&amp;ssl=1 276w, https:\/\/i0.wp.com\/eltrabajo.cl\/portal\/wp-content\/uploads\/2020\/09\/Nacho_Ignacio-Cordova.jpg?resize=138%2C150&amp;ssl=1 138w\" sizes=\"auto, (max-width: 579px) 100vw, 579px\" \/><figcaption id=\"caption-attachment-102561\" class=\"wp-caption-text\">Ignacio C\u00f3rdova Segura, joven destacado por el Municipio de San Felipe.<\/figcaption><\/figure>\n","protected":false},"excerpt":{"rendered":"<p>Ignacio C\u00f3rdova invita a sus pares a participar: Definitivamente este mes de septiembre lo iniciamos en Diario El Trabajo con muchas buenas noticias, los j\u00f3venes la llevan y este mes estamos dando&#8230;<\/p>\n","protected":false},"author":482,"featured_media":102559,"comment_status":"closed","ping_status":"open","sticky":false,"template":"","format":"standard","meta":{"advanced_seo_description":"","jetpack_seo_html_title":"","jetpack_seo_noindex":false,"_jetpack_memberships_contains_paid_content":false,"footnotes":""},"categories":[15,105],"tags":[],"class_list":["post-102558","post","type-post","status-publish","format-standard","has-post-thumbnail","hentry","category-comunidad","category-covid-19"],"jetpack_featured_media_url":"https:\/\/i0.wp.com\/eltrabajo.cl\/portal\/wp-content\/uploads\/2020\/09\/Nacho1.jpg?fit=579%2C382&ssl=1","jetpack_sharing_enabled":true,"jetpack_likes_enabled":true,"jetpack-related-posts":[],"_links":{"self":[{"href":"https:\/\/eltrabajo.cl\/portal\/wp-json\/wp\/v2\/posts\/102558","targetHints":{"allow":["GET"]}}],"collection":[{"href":"https:\/\/eltrabajo.cl\/portal\/wp-json\/wp\/v2\/posts"}],"about":[{"href":"https:\/\/eltrabajo.cl\/portal\/wp-json\/wp\/v2\/types\/post"}],"author":[{"embeddable":true,"href":"https:\/\/eltrabajo.cl\/portal\/wp-json\/wp\/v2\/users\/482"}],"replies":[{"embeddable":true,"href":"https:\/\/eltrabajo.cl\/portal\/wp-json\/wp\/v2\/comments?post=102558"}],"version-history":[{"count":0,"href":"https:\/\/eltrabajo.cl\/portal\/wp-json\/wp\/v2\/posts\/102558\/revisions"}],"wp:featuredmedia":[{"embeddable":true,"href":"https:\/\/eltrabajo.cl\/portal\/wp-json\/wp\/v2\/media\/102559"}],"wp:attachment":[{"href":"https:\/\/eltrabajo.cl\/portal\/wp-json\/wp\/v2\/media?parent=102558"}],"wp:term":[{"taxonomy":"category","embeddable":true,"href":"https:\/\/eltrabajo.cl\/portal\/wp-json\/wp\/v2\/categories?post=102558"},{"taxonomy":"post_tag","embeddable":true,"href":"https:\/\/eltrabajo.cl\/portal\/wp-json\/wp\/v2\/tags?post=102558"}],"curies":[{"name":"wp","href":"https:\/\/api.w.org\/{rel}","templated":true}]}}