{"id":102564,"date":"2020-09-03T07:50:31","date_gmt":"2020-09-03T11:50:31","guid":{"rendered":"https:\/\/www.eltrabajo.cl\/portal\/?p=102564"},"modified":"2020-09-02T20:19:08","modified_gmt":"2020-09-03T00:19:08","slug":"el-duro-calendario-que-se-le-avecina-a-union-san-felipe","status":"publish","type":"post","link":"https:\/\/eltrabajo.cl\/portal\/el-duro-calendario-que-se-le-avecina-a-union-san-felipe\/","title":{"rendered":"El duro calendario que se le avecina a Uni\u00f3n San Felipe"},"content":{"rendered":"<p style=\"text-align: left;\"><span style=\"color: #c80000;\"><strong>Tres partidos en nueve d\u00edas:<\/strong><\/span><\/p>\n<p style=\"text-align: justify;\">Desde el momento mismo en que se comenz\u00f3 a proyectar el retorno de las competencias del f\u00fatbol profesional chileno, existi\u00f3 completa claridad en que los equipos ser\u00edan sometidos a una verdadera marat\u00f3n de partidos, cosa no menor porque el stress f\u00edsico podr\u00eda acarrear una verdadera pandemia de lesiones.<\/p>\n<p style=\"text-align: justify;\">Uni\u00f3n San Felipe redebutar\u00e1 este s\u00e1bado ante Deportes Melipilla, y tras este duelo se le vendr\u00e1 un calendario muy complejo y altamente desgastante ya que tendr\u00e1 pocas horas para recuperarse debido a que el martes deber\u00e1 hacer como \u2018local\u2019 frente a Deportes Temuco, en un duelo que ya se confirm\u00f3, se jugar\u00e1 en el estadio Lucio Fari\u00f1a de Quillota.<\/p>\n<p style=\"text-align: justify;\">Los dirigidos de <strong>Erwin Dur\u00e1n<\/strong> despu\u00e9s deber\u00e1n fijar su mirada al sur del pa\u00eds, porque el domingo deber\u00e1 medirse con Deportes Puerto Montt en el estadio Chinquihue.<\/p>\n<p style=\"text-align: justify;\">Como se ve el panorama no se ve sencillo, m\u00e1s todav\u00eda para un plantel que en el periodo de Intertemporada perdi\u00f3 a tres hombres importantes como los son el lateral derecho <strong>Francisco Salinas<\/strong> y los volantes <strong>Enzo Orme\u00f1o<\/strong> y <strong>Hern\u00e1n Fredes<\/strong>. Los dos primeros deber\u00edan volver en un futuro pr\u00f3ximo al encontrarse en sus respectivos procesos de recuperaci\u00f3n, mientras que <strong>\u2018El Mago\u2019<\/strong> Fredes ser\u00e1 baja para todo lo que resta de campeonato.<\/p>\n<p style=\"text-align: justify;\">Esta es la agenda para los siguientes tres partidos del Un\u00ed Un\u00ed:<\/p>\n<p style=\"text-align: justify;\">Fecha 6\u00aa: S\u00e1bado 5 de septiembre, 16:00 horas: Melipilla \u2013 Uni\u00f3n San Felipe<\/p>\n<p style=\"text-align: justify;\">Fecha 7\u00aa: Martes 8 de septiembre, 13:30 horas: Uni\u00f3n San Felipe \u2013 Temuco<\/p>\n<p style=\"text-align: justify;\">Fecha 8\u00aa: Domingo 13 de septiembre, 12:00 horas: Puerto Montt \u2013 Uni\u00f3n San Felipe.<\/p>\n<figure id=\"attachment_102565\" aria-describedby=\"caption-attachment-102565\" style=\"width: 578px\" class=\"wp-caption alignnone\"><img data-recalc-dims=\"1\" loading=\"lazy\" decoding=\"async\" class=\"size-full wp-image-102565\" src=\"https:\/\/i0.wp.com\/eltrabajo.cl\/portal\/wp-content\/uploads\/2020\/09\/uni-uni.jpg?resize=578%2C284&#038;ssl=1\" alt=\"Tres partidos en nueves d\u00edas deber\u00e1 jugar Uni\u00f3n San Felipe.\" width=\"578\" height=\"284\" srcset=\"https:\/\/i0.wp.com\/eltrabajo.cl\/portal\/wp-content\/uploads\/2020\/09\/uni-uni.jpg?w=578&amp;ssl=1 578w, https:\/\/i0.wp.com\/eltrabajo.cl\/portal\/wp-content\/uploads\/2020\/09\/uni-uni.jpg?resize=300%2C147&amp;ssl=1 300w, https:\/\/i0.wp.com\/eltrabajo.cl\/portal\/wp-content\/uploads\/2020\/09\/uni-uni.jpg?resize=200%2C98&amp;ssl=1 200w\" sizes=\"auto, (max-width: 578px) 100vw, 578px\" \/><figcaption id=\"caption-attachment-102565\" class=\"wp-caption-text\">Tres partidos en nueves d\u00edas deber\u00e1 jugar Uni\u00f3n San Felipe.<\/figcaption><\/figure>\n","protected":false},"excerpt":{"rendered":"<p>Tres partidos en nueve d\u00edas: Desde el momento mismo en que se comenz\u00f3 a proyectar el retorno de las competencias del f\u00fatbol profesional chileno, existi\u00f3 completa claridad en que los equipos ser\u00edan&#8230;<\/p>\n","protected":false},"author":482,"featured_media":102565,"comment_status":"closed","ping_status":"open","sticky":false,"template":"","format":"standard","meta":{"advanced_seo_description":"","jetpack_seo_html_title":"","jetpack_seo_noindex":false,"_jetpack_memberships_contains_paid_content":false,"footnotes":""},"categories":[19],"tags":[],"class_list":["post-102564","post","type-post","status-publish","format-standard","has-post-thumbnail","hentry","category-deportes"],"jetpack_featured_media_url":"https:\/\/i0.wp.com\/eltrabajo.cl\/portal\/wp-content\/uploads\/2020\/09\/uni-uni.jpg?fit=578%2C284&ssl=1","jetpack_sharing_enabled":true,"jetpack_likes_enabled":true,"jetpack-related-posts":[],"_links":{"self":[{"href":"https:\/\/eltrabajo.cl\/portal\/wp-json\/wp\/v2\/posts\/102564","targetHints":{"allow":["GET"]}}],"collection":[{"href":"https:\/\/eltrabajo.cl\/portal\/wp-json\/wp\/v2\/posts"}],"about":[{"href":"https:\/\/eltrabajo.cl\/portal\/wp-json\/wp\/v2\/types\/post"}],"author":[{"embeddable":true,"href":"https:\/\/eltrabajo.cl\/portal\/wp-json\/wp\/v2\/users\/482"}],"replies":[{"embeddable":true,"href":"https:\/\/eltrabajo.cl\/portal\/wp-json\/wp\/v2\/comments?post=102564"}],"version-history":[{"count":0,"href":"https:\/\/eltrabajo.cl\/portal\/wp-json\/wp\/v2\/posts\/102564\/revisions"}],"wp:featuredmedia":[{"embeddable":true,"href":"https:\/\/eltrabajo.cl\/portal\/wp-json\/wp\/v2\/media\/102565"}],"wp:attachment":[{"href":"https:\/\/eltrabajo.cl\/portal\/wp-json\/wp\/v2\/media?parent=102564"}],"wp:term":[{"taxonomy":"category","embeddable":true,"href":"https:\/\/eltrabajo.cl\/portal\/wp-json\/wp\/v2\/categories?post=102564"},{"taxonomy":"post_tag","embeddable":true,"href":"https:\/\/eltrabajo.cl\/portal\/wp-json\/wp\/v2\/tags?post=102564"}],"curies":[{"name":"wp","href":"https:\/\/api.w.org\/{rel}","templated":true}]}}