{"id":102632,"date":"2020-09-07T07:50:30","date_gmt":"2020-09-07T10:50:30","guid":{"rendered":"https:\/\/www.eltrabajo.cl\/portal\/?p=102632"},"modified":"2020-09-06T20:37:11","modified_gmt":"2020-09-06T23:37:11","slug":"estoy-viviendo-de-la-caridad-de-mis-hijas-que-son-profesionales","status":"publish","type":"post","link":"https:\/\/eltrabajo.cl\/portal\/estoy-viviendo-de-la-caridad-de-mis-hijas-que-son-profesionales\/","title":{"rendered":"\u00abEstoy viviendo de la caridad de mis hijas, que son profesionales\u00bb"},"content":{"rendered":"<p style=\"text-align: left;\"><span style=\"color: #c80000;\"><strong>Antonio Amar, due\u00f1o de gimnasio frente la Pandemia:<\/strong><\/span><\/p>\n<p style=\"text-align: justify;\">As\u00ed como el rubro gastron\u00f3mico lo est\u00e1 pasando p\u00e9simo con la pandemia, hay que tambi\u00e9n est\u00e1n en la misma situaci\u00f3n. Nos referimos a gimnasios es decir a los due\u00f1os, quienes desde el mes de marzo pr\u00e1cticamente que no han podido abrir. <strong>Diario El Trabajo<\/strong> convers\u00f3 con uno de ellos en este caso <strong>Antonio Amar<\/strong>, propietario del gimnasio que est\u00e1 ubicado en calle Navarro de nombre Bodybuilding Gym San Felipe. Aparte que dice que el Gobierno de la empresa chica se ha preocupado muy poco.<\/p>\n<p style=\"text-align: justify;\">Al iniciar la conversaci\u00f3n lo primero que nos dice es que est\u00e1 esperando que pase luego esta pandemia para que puedan trabajar en forma normal, \u00ab<em>porque ni siquiera estos meses, hemos estado totalmente parados, no he podido trabajar nada, conozco varios colegas el caso de <strong>Oscar Contreras<\/strong>, quien tambi\u00e9n est\u00e1 en las mismas, <strong>Sebasti\u00e1n<\/strong> de RX San Felipe est\u00e1 en las mismas, los otros gimnasios lo desconozco me da la impresi\u00f3n que est\u00e1n en la misma situaci\u00f3n, pero la verdad que la nuestra es paup\u00e9rrima, porque tenemos que seguir pagando arriendo, nuestros gastos y estamos con cero ingresos<\/em>\u00bb, se\u00f1al\u00f3 Amar.<\/p>\n<p style=\"text-align: justify;\">&#8211;<strong> \u00bfC\u00f3mo lo ha hecho, logr\u00f3 conversar con el arrendatario algo que le rebajara o suspendiera algo as\u00ed?<\/strong><\/p>\n<p style=\"text-align: justify;\">&#8211; Yo no he conversado con el arrendatario, pero he estado pagando, porque afortunadamente, si bien es cierto mis hijas son profesionales en estos momentos estoy viviendo digamos de la caridad de ellas, como ellas viven conmigo afortunadamente tengo esa garant\u00eda, aparte que afortunadamente me pill\u00f3 con buenas espaldas como se dice, porque ten\u00eda hartos ahorros porque yo estaba con la intensi\u00f3n de ampliar mi gimnasio, aparte de eso que por el tema del estallido social de marzo yo dije no voy a hacer m\u00e1s gastos por si acaso, hay que tener algo guardado y la verdad que lleg\u00f3 esto que fue mucho peor que el estallido social.<\/p>\n<p style=\"text-align: justify;\">\n<p style=\"text-align: justify;\"><span style=\"color: #c80000;\"><strong>ALGUNOS ONLINE<\/strong><\/span><\/p>\n<p style=\"text-align: justify;\">Reconocer que hay mucha gente que est\u00e1 trabajando Online, \u00ab<em>por ejemplo este ni\u00f1o de RX est\u00e1 trabajando Online, haciendo unas clases Online, el Toti desconozco, yo no puedo porque es trabajo sobre carga, es trabajo con m\u00e1quinas es complicado no todos tienen su implementaci\u00f3n en la casa, el detalle propiamente tal no lo tengo, yo en el fondo de que est\u00e1 viviendo ellos, seguramente tambi\u00e9n ten\u00edan ahorros, ayuda de otro lado \u00bfme entiendes?, pero el problema es que por ejemplo el otro d\u00eda se le pregunt\u00f3 al Seremi de ac\u00e1 <\/em>(Salud), <em>porque en esta etapa tres se supone que se pueden hacer cinco personas en deportes colectivos como dijo, escucha, cinco personas en deportes colectivos en espacio cerrado, yo quiero saber \u00bfqu\u00e9 deporte colectivo es de cinco personas?, porque si no el Seremi estar\u00eda inventando un nuevo deporte, porque si hablamos de tenis de mesa que son deportes individuales, entonces deporte colectivo es sobre cinco personas; b\u00e1squetbol 5 por lado, baby 5 por lado en fin desconozco qu\u00e9 deporte colectivo de cinco personas, por lo tanto no s\u00e9 a qu\u00e9 se refiere en espacio cerrado en mi caso yo tengo m\u00e1s de 500 metros en implementaci\u00f3n en m\u00e1quina que perfectamente yo puedo trabajar con 10-15 personas o sea con un espacio de 10 m2 por persona pr\u00e1cticamente<\/em>\u00bb, se\u00f1ala Amar.<\/p>\n<p style=\"text-align: justify;\">\n<p style=\"text-align: justify;\"><strong><span style=\"color: #c80000;\">MEDIDAS SANITARIAS<\/span> <\/strong><\/p>\n<p style=\"text-align: justify;\">Este deportista asegura estar claro en el caso que los autoricen a funcionar, que deben tener todas las medidas preventivas. En este caso el distanciamiento social de un atleta con otro, el alcohol gel que es b\u00e1sico, \u00ab<em>y lo que es principalmente el lavado de mano con papel para que se sequen las manos, jab\u00f3n l\u00edquido en la entrada tomar la temperatura, el chapino que se limpian con cloro y despu\u00e9s cada atleta si quiere sanitizar su m\u00e1quina lo puede hacer, van a haber rociadores, nosotros vamos a tener rociadores esparcidos por toda la sala<\/em>\u00bb, se\u00f1ala Antonio Amar.<\/p>\n<p style=\"text-align: justify;\">&#8211;<strong> \u00bfO sea, ustedes est\u00e1n dispuestos a cumplir todas esas medidas para poder funcionar en la pr\u00e1ctica?<\/strong><\/p>\n<p style=\"text-align: justify;\">&#8211; De eso se trata, se trata que en el fondo nosotros tengamos un apoyo no una restricci\u00f3n, porque en este caso y hablo del gobierno a nivel general, que de la empresa chica se ha preocupado muy poco o sea nosotros no tenemos acceso a cr\u00e9ditos, y nosotros tampoco estamos pidiendo cr\u00e9ditos ni ayuda de ning\u00fan tipo, nosotros lo \u00fanico que pedimos, que nunca en la vida se hab\u00eda visto esto, estamos pidiendo que por favor nos dejen trabajar, nada m\u00e1s.<\/p>\n<p style=\"text-align: justify;\">&#8211;<strong> \u00bfEn alg\u00fan momento han sostenido reuniones con la autoridad o alguien se haya acercado, los haya llamado para saber c\u00f3mo est\u00e1n cosas as\u00ed?<\/strong><\/p>\n<p style=\"text-align: justify;\">&#8211; Mira, cuando esto llevaba m\u00e1s menos como un mes tuvimos un acercamiento con la Gobernaci\u00f3n ya con <strong>Max Navas<\/strong> (jefe de gabinete del gobernador), y \u00e9l hizo las consultas pertinentes al Seremi de ac\u00e1 de la zona y le dijo que esta era una decisi\u00f3n del Gobierno Central, que ellos no ten\u00edan mayor injerencia lamentablemente esto viene de Santiago y m\u00e1s de eso no se puede hacer digamos.<\/p>\n<p style=\"text-align: justify;\">&#8211; <strong>\u00bfHay esperanzas de poder volver a funcionar ya?<\/strong><\/p>\n<p style=\"text-align: justify;\">&#8211; Mira, tenemos la esperanza que en la Etapa 4 podamos funcionar, porque se est\u00e1n adelantando las etapas, en Coyhaique entiendo unos colegas est\u00e1n abriendo en la Etapa 4 con todas las medidas pertinentes, esperemos que ac\u00e1 suceda lo mismo, el otro d\u00eda tuvimos una reuni\u00f3n con <strong>Camila Flores<\/strong>, que ella nos est\u00e1 apoyando bastante en eso y est\u00e1 insistiendo el diputado Pardo tambi\u00e9n, creo que est\u00e1 a trav\u00e9s de <strong>Christian Beals<\/strong> estamos haciendo la gesti\u00f3n para que nos puedan dejar trabajar, sabemos que no vamos a poder estar 100% pero por lo menos a un 25%-50%, que podamos trabajar para generar ingresos para pagar nuestros gastos que en realidad vamos a empezar con deudas a trabajar.<\/p>\n<p style=\"text-align: justify;\">\u00ab<em>Ojal\u00e1 que las autoridades se apiaden de nosotros y tengamos una respuesta clara pronta, porque en realidad porque ya no s\u00e9 hasta cuando aguantar esta situaci\u00f3n<\/em>\u00bb, se\u00f1al\u00f3 Amar.<\/p>\n<p style=\"text-align: justify;\">\n<p style=\"text-align: justify;\"><span style=\"color: #c80000;\"><strong>DATOS DUROS<\/strong><\/span><\/p>\n<p style=\"text-align: justify;\">Antonio Amar nos dice que lleva cinco meses y medio sin poder trabajar por ende sin recibir ni un peso. En su caso tiene entre 120 a 150 socios en forma normal en su gimnasio BodybuildingGym San Felipe.<\/p>\n<figure id=\"attachment_102633\" aria-describedby=\"caption-attachment-102633\" style=\"width: 579px\" class=\"wp-caption alignnone\"><img data-recalc-dims=\"1\" loading=\"lazy\" decoding=\"async\" class=\"size-full wp-image-102633\" src=\"https:\/\/i0.wp.com\/eltrabajo.cl\/portal\/wp-content\/uploads\/2020\/09\/Antonio-Amar.jpg?resize=579%2C261&#038;ssl=1\" alt=\"Antonio Amar, solo en su gimnasio desde hace cinco meses.\" width=\"579\" height=\"261\" srcset=\"https:\/\/i0.wp.com\/eltrabajo.cl\/portal\/wp-content\/uploads\/2020\/09\/Antonio-Amar.jpg?w=579&amp;ssl=1 579w, https:\/\/i0.wp.com\/eltrabajo.cl\/portal\/wp-content\/uploads\/2020\/09\/Antonio-Amar.jpg?resize=300%2C135&amp;ssl=1 300w, https:\/\/i0.wp.com\/eltrabajo.cl\/portal\/wp-content\/uploads\/2020\/09\/Antonio-Amar.jpg?resize=200%2C90&amp;ssl=1 200w\" sizes=\"auto, (max-width: 579px) 100vw, 579px\" \/><figcaption id=\"caption-attachment-102633\" class=\"wp-caption-text\">Antonio Amar, solo en su gimnasio desde hace cinco meses.<\/figcaption><\/figure>\n","protected":false},"excerpt":{"rendered":"<p>Antonio Amar, due\u00f1o de gimnasio frente la Pandemia: As\u00ed como el rubro gastron\u00f3mico lo est\u00e1 pasando p\u00e9simo con la pandemia, hay que tambi\u00e9n est\u00e1n en la misma situaci\u00f3n. Nos referimos a gimnasios&#8230;<\/p>\n","protected":false},"author":482,"featured_media":0,"comment_status":"closed","ping_status":"open","sticky":false,"template":"","format":"standard","meta":{"advanced_seo_description":"","jetpack_seo_html_title":"","jetpack_seo_noindex":false,"_jetpack_memberships_contains_paid_content":false,"footnotes":""},"categories":[15,105],"tags":[],"class_list":["post-102632","post","type-post","status-publish","format-standard","hentry","category-comunidad","category-covid-19"],"jetpack_featured_media_url":"","jetpack_sharing_enabled":true,"jetpack_likes_enabled":true,"jetpack-related-posts":[],"_links":{"self":[{"href":"https:\/\/eltrabajo.cl\/portal\/wp-json\/wp\/v2\/posts\/102632","targetHints":{"allow":["GET"]}}],"collection":[{"href":"https:\/\/eltrabajo.cl\/portal\/wp-json\/wp\/v2\/posts"}],"about":[{"href":"https:\/\/eltrabajo.cl\/portal\/wp-json\/wp\/v2\/types\/post"}],"author":[{"embeddable":true,"href":"https:\/\/eltrabajo.cl\/portal\/wp-json\/wp\/v2\/users\/482"}],"replies":[{"embeddable":true,"href":"https:\/\/eltrabajo.cl\/portal\/wp-json\/wp\/v2\/comments?post=102632"}],"version-history":[{"count":0,"href":"https:\/\/eltrabajo.cl\/portal\/wp-json\/wp\/v2\/posts\/102632\/revisions"}],"wp:attachment":[{"href":"https:\/\/eltrabajo.cl\/portal\/wp-json\/wp\/v2\/media?parent=102632"}],"wp:term":[{"taxonomy":"category","embeddable":true,"href":"https:\/\/eltrabajo.cl\/portal\/wp-json\/wp\/v2\/categories?post=102632"},{"taxonomy":"post_tag","embeddable":true,"href":"https:\/\/eltrabajo.cl\/portal\/wp-json\/wp\/v2\/tags?post=102632"}],"curies":[{"name":"wp","href":"https:\/\/api.w.org\/{rel}","templated":true}]}}