{"id":102636,"date":"2020-09-07T07:55:52","date_gmt":"2020-09-07T10:55:52","guid":{"rendered":"https:\/\/www.eltrabajo.cl\/portal\/?p=102636"},"modified":"2020-09-06T20:39:30","modified_gmt":"2020-09-06T23:39:30","slug":"identifican-al-presunto-autor-del-disparo-que-dejo-grave-a-hombre-de-31-anos","status":"publish","type":"post","link":"https:\/\/eltrabajo.cl\/portal\/identifican-al-presunto-autor-del-disparo-que-dejo-grave-a-hombre-de-31-anos\/","title":{"rendered":"Identifican al presunto autor del disparo que dej\u00f3 grave a hombre de 31 a\u00f1os"},"content":{"rendered":"<p style=\"text-align: justify;\">En un trabajo exhaustivo personal de la Brigada de Homicidios de la PDI de Los Andes a cargo del comisario <strong>Marcelo Lazen<\/strong>, lograron identificar a los participantes en el baleo a un hombre de 31 a\u00f1os de edad, quien result\u00f3 gravemente herido debiendo ser trasladado este jueves hasta el Hospital San Camilo, donde seg\u00fan el jefe de la BH se manten\u00eda estable dentro de su gravedad.<\/p>\n<p style=\"text-align: justify;\">El oficial se\u00f1al\u00f3 que son cuatro las personas participantes entre ellos el autor material del disparo que dej\u00f3 debati\u00e9ndose entre la vida y la muerte a la v\u00edctima. Lo otro que se\u00f1ala es que dada la din\u00e1mica y las caracter\u00edsticas del hecho ellos presumen detr\u00e1s de todo esto hay un tema de drogas.<\/p>\n<p style=\"text-align: justify;\">Al conversar con nuestro medio, se\u00f1al\u00f3 que \u00ab<em>primero que nada, se\u00f1alar que esta es una concurrencia que pide el Fiscal de Turno de San Felipe el d\u00eda de ayer <\/em>(jueves), <em>hasta el Hospital San Camilo, por cuanto en dicho establecimiento hab\u00eda ingresado una persona con una herida por proyectil bal\u00edstico en la zona tor\u00e1cica, situaci\u00f3n que lo ten\u00eda con bastante riesgo vital, dentro de todo actualmente estar\u00eda estable dentro de su gravedad, a ra\u00edz del proceso investigativo realizado por oficiales de esta brigada se realizaron una diversa cantidad de empadronamientos en el lugar, esto ocurre en el sector de San Jos\u00e9 en Santa Mar\u00eda, diligencias que arrojaron resultados positivos donde se logr\u00f3 determinar la identidad del autor de los disparos, as\u00ed como tambi\u00e9n de sus acompa\u00f1antes, en dicha situaci\u00f3n y de acuerdo a la indagatoria preliminarmente se han realizado, hay que recordar que es un proceso que est\u00e1 en pleno desarrollo presumimos que es un tema relacionado al tr\u00e1fico de drogas<\/em>\u00bb, dijo.<\/p>\n<p style=\"text-align: justify;\">&#8211;<strong> \u00bfHay personas ya detenidas o todav\u00eda como dice usted est\u00e1 en el proceso de investigaci\u00f3n?<\/strong><\/p>\n<p style=\"text-align: justify;\">&#8211; No, es un proceso, a\u00fan no hay personas detenidas, se est\u00e1n realizando todas las diligencias para lograr aquello, no obstante tal como dije reci\u00e9n, es un proceso que est\u00e1 en pleno desarrollo, se est\u00e1n reuniendo la mayor cantidad de antecedentes con la finalidad de esclarecer fehacientemente la din\u00e1mica de los hechos, as\u00ed como tambi\u00e9n la materializaci\u00f3n de las personas involucradas en el il\u00edcito.<\/p>\n<p style=\"text-align: justify;\">&#8211; <strong>\u00bfCu\u00e1ntas son las personas que est\u00e1n involucradas?<\/strong><\/p>\n<p style=\"text-align: justify;\">&#8211; Cuatro personas.<\/p>\n<p style=\"text-align: justify;\">&#8211;<strong> \u00bfPero hay uno que es el autor material?<\/strong><\/p>\n<p style=\"text-align: justify;\">&#8211; Exacto.<\/p>\n<p style=\"text-align: justify;\">&#8211; <strong>\u00bfSe re\u00fanen en alg\u00fan lado, iba sola la persona?<\/strong><\/p>\n<p style=\"text-align: justify;\">&#8211; No, este hecho ocurri\u00f3 en el domicilio de la v\u00edctima, fue visitada por estas cuatro personas quienes por causas que a\u00fan se investigan, efectuaron un disparo contra esta persona, ocasion\u00e1ndole las lesiones que anteriormente mencion\u00e9.<\/p>\n<p style=\"text-align: justify;\">&#8211;<strong> \u00bfLograron dentro de la estabilidad entrevistar a la v\u00edctima?<\/strong><\/p>\n<p style=\"text-align: justify;\">&#8211; No, la verdad fue imposible dada su condici\u00f3n m\u00e9dica, hay que recordar que esta persona est\u00e1 en riesgo vital y al momento de la concurrencia la persona estaba siendo atendida.<\/p>\n<p style=\"text-align: justify;\">&#8211; <strong>O sea, es importante lo que ustedes logran en el empadronamiento, porque recuerdo caso donde ustedes lo han comentado donde la v\u00edctima no quiere decir qui\u00e9n es su victimario o el agresor en el fondo.<\/strong><\/p>\n<p style=\"text-align: justify;\">&#8211; S\u00ed, eso tiene que ver que est\u00e1 relacionado con el miedo que ocasiona este tipo de hechos.<\/p>\n<p style=\"text-align: justify;\">&#8211; <strong>\u00bfPero se presume que ser\u00eda un tema de droga por lo que dicen ustedes?<\/strong><\/p>\n<p style=\"text-align: justify;\">&#8211; Se presume, s\u00ed, nosotros presumimos que es un tema relacionado con droga, dadas las caracter\u00edsticas y din\u00e1micas que nosotros hemos recopilado.<\/p>\n<p style=\"text-align: justify;\">&#8211;<strong> \u00bfC\u00f3mo es tipificado este hecho, como Lesiones Graves con arma de fuego u Homicidio Frustrado algo as\u00ed?<\/strong><\/p>\n<p style=\"text-align: justify;\">&#8211; Un Homicidio Frustrado con todas sus letras, es un Homicidio Frustrado.<\/p>\n<p style=\"text-align: justify;\">\n<p style=\"text-align: justify;\"><span style=\"color: #c80000;\"><strong>BREVE RESUMEN<\/strong><\/span><\/p>\n<p style=\"text-align: justify;\">Como se recordar\u00e1 este hecho ocurri\u00f3 la tarde del jueves 3 de septiembre en el sector de San Jos\u00e9 en Santa Mar\u00eda, donde un hombre de 31 a\u00f1os result\u00f3 herido a bala en su pecho, debiendo ser trasladado hasta el Servicio de Urgencia del Hospital San Camilo, donde estaba siendo estabilizado. Hasta el lugar lleg\u00f3 el ABC de la emergencia. Entre ellos Bomberos.<\/p>\n<p style=\"text-align: justify;\">Desde esta \u00faltima instituci\u00f3n indicaron que \u00ab<em>la emergencia ocurrida en el sector de San Jos\u00e9 se trat\u00f3 de un hombre adulto joven con impacto de bala en zona tor\u00e1cica, a la llegada de Bomberos, el personal se enfoc\u00f3 en el control de la hemorragia y estabilizaci\u00f3n de la v\u00edctima, la cual se encontraba al interior de su habitaci\u00f3n, seg\u00fan lo se\u00f1alado el disparo no ocurri\u00f3 adentro de la habitaci\u00f3n, habr\u00eda ocurrido en las cercan\u00edas de su domicilio o en la vuelta de su domicilio, ya que el resto de sangre era de afuera hacia adentro, como se\u00f1al\u00e9 personal bomberil trabaj\u00f3 en el cuidado de la persona, control de la hemorragia para ser entregado al SAMU, el masculino fue entregado consciente a personal de SAMU, desconociendo la categorizaci\u00f3n que los profesionales de salud le habr\u00edan dado al joven<\/em>\u00bb, se\u00f1al\u00f3 Diego Arancibia de RR.PP. Bomberos de Santa Mar\u00eda.<\/p>\n<p style=\"text-align: justify;\">Desde la Fiscal\u00eda Local de San Felipe indicaron que la investigaci\u00f3n de este caso qued\u00f3 a cargo de la BH de la PDI de Los Andes. Consultado en el Hospital San Camilo, se\u00f1alaron que esta persona efectivamente ingreso por una herida entregando el siguiente diagnostico \u00abTrauma Tor\u00e1cico por arma de fuego\u00bb.<\/p>\n<p style=\"text-align: justify;\">La persona fue identificada con las iniciales <strong>I.E.M.R.<\/strong> de 31 a\u00f1os de edad.<\/p>\n<figure id=\"attachment_102637\" aria-describedby=\"caption-attachment-102637\" style=\"width: 579px\" class=\"wp-caption alignnone\"><img data-recalc-dims=\"1\" loading=\"lazy\" decoding=\"async\" class=\"size-full wp-image-102637\" src=\"https:\/\/i0.wp.com\/eltrabajo.cl\/portal\/wp-content\/uploads\/2020\/09\/baleado.jpg?resize=579%2C427&#038;ssl=1\" alt=\"Personal del SAMU, Bomberos en lugar del hecho, intentando salvar la vida de la v\u00edctima. (Emergencia Santa Mar\u00eda).\" width=\"579\" height=\"427\" srcset=\"https:\/\/i0.wp.com\/eltrabajo.cl\/portal\/wp-content\/uploads\/2020\/09\/baleado.jpg?w=579&amp;ssl=1 579w, https:\/\/i0.wp.com\/eltrabajo.cl\/portal\/wp-content\/uploads\/2020\/09\/baleado.jpg?resize=300%2C221&amp;ssl=1 300w, https:\/\/i0.wp.com\/eltrabajo.cl\/portal\/wp-content\/uploads\/2020\/09\/baleado.jpg?resize=200%2C147&amp;ssl=1 200w\" sizes=\"auto, (max-width: 579px) 100vw, 579px\" \/><figcaption id=\"caption-attachment-102637\" class=\"wp-caption-text\">Personal del SAMU, Bomberos en lugar del hecho, intentando salvar la vida de la v\u00edctima. (Emergencia Santa Mar\u00eda).<\/figcaption><\/figure>\n","protected":false},"excerpt":{"rendered":"<p>En un trabajo exhaustivo personal de la Brigada de Homicidios de la PDI de Los Andes a cargo del comisario Marcelo Lazen, lograron identificar a los participantes en el baleo a un&#8230;<\/p>\n","protected":false},"author":482,"featured_media":102637,"comment_status":"closed","ping_status":"open","sticky":false,"template":"","format":"standard","meta":{"advanced_seo_description":"","jetpack_seo_html_title":"","jetpack_seo_noindex":false,"_jetpack_memberships_contains_paid_content":false,"footnotes":""},"categories":[21],"tags":[],"class_list":["post-102636","post","type-post","status-publish","format-standard","has-post-thumbnail","hentry","category-policial"],"jetpack_featured_media_url":"https:\/\/i0.wp.com\/eltrabajo.cl\/portal\/wp-content\/uploads\/2020\/09\/baleado.jpg?fit=579%2C427&ssl=1","jetpack_sharing_enabled":true,"jetpack_likes_enabled":true,"jetpack-related-posts":[],"_links":{"self":[{"href":"https:\/\/eltrabajo.cl\/portal\/wp-json\/wp\/v2\/posts\/102636","targetHints":{"allow":["GET"]}}],"collection":[{"href":"https:\/\/eltrabajo.cl\/portal\/wp-json\/wp\/v2\/posts"}],"about":[{"href":"https:\/\/eltrabajo.cl\/portal\/wp-json\/wp\/v2\/types\/post"}],"author":[{"embeddable":true,"href":"https:\/\/eltrabajo.cl\/portal\/wp-json\/wp\/v2\/users\/482"}],"replies":[{"embeddable":true,"href":"https:\/\/eltrabajo.cl\/portal\/wp-json\/wp\/v2\/comments?post=102636"}],"version-history":[{"count":0,"href":"https:\/\/eltrabajo.cl\/portal\/wp-json\/wp\/v2\/posts\/102636\/revisions"}],"wp:featuredmedia":[{"embeddable":true,"href":"https:\/\/eltrabajo.cl\/portal\/wp-json\/wp\/v2\/media\/102637"}],"wp:attachment":[{"href":"https:\/\/eltrabajo.cl\/portal\/wp-json\/wp\/v2\/media?parent=102636"}],"wp:term":[{"taxonomy":"category","embeddable":true,"href":"https:\/\/eltrabajo.cl\/portal\/wp-json\/wp\/v2\/categories?post=102636"},{"taxonomy":"post_tag","embeddable":true,"href":"https:\/\/eltrabajo.cl\/portal\/wp-json\/wp\/v2\/tags?post=102636"}],"curies":[{"name":"wp","href":"https:\/\/api.w.org\/{rel}","templated":true}]}}