{"id":102647,"date":"2020-09-08T07:40:51","date_gmt":"2020-09-08T10:40:51","guid":{"rendered":"https:\/\/www.eltrabajo.cl\/portal\/?p=102647"},"modified":"2020-09-07T20:20:41","modified_gmt":"2020-09-07T23:20:41","slug":"union-san-felipe-choca-hoy-con-temuco-en-el-lucio-farina-de-quillota","status":"publish","type":"post","link":"https:\/\/eltrabajo.cl\/portal\/union-san-felipe-choca-hoy-con-temuco-en-el-lucio-farina-de-quillota\/","title":{"rendered":"Uni\u00f3n San Felipe choca hoy con Temuco en el Lucio Fari\u00f1a de Quillota"},"content":{"rendered":"<p style=\"text-align: justify;\">Poco, por no decir casi nada de tiempo para recuperarse y celebrar su triunfal regreso a la competencia tendr\u00e1 el plantel de Uni\u00f3n San Felipe. Hoy los dirigidos por <strong>Erwin Dur\u00e1n<\/strong> deber\u00e1n enfrentar como \u2018local\u2019 al aproblemado conjunto de Deportes Temuco.<\/p>\n<p style=\"text-align: justify;\">El encuentro contra el conjunto de la Araucan\u00eda est\u00e1 programado para las 13:30 horas y debido a la controvertida disposici\u00f3n de Estadio Seguro, se tendr\u00e1 que jugar en el gramado sint\u00e9tico del Lucio Fari\u00f1a de Quillota.<\/p>\n<p style=\"text-align: justify;\">La s\u00e9ptima fecha del torneo de plata del f\u00fatbol chileno ser\u00e1 abierta esta tarde con el duelo entre sanfelipe\u00f1os y sure\u00f1os, poni\u00e9ndose el tel\u00f3n el jueves pr\u00f3ximo con el pleito entre Deportes Copiap\u00f3 y \u00d1ublense.<\/p>\n<p style=\"text-align: justify;\"><span style=\"color: #c80000;\"><strong>Programaci\u00f3n fecha 7\u00aa<\/strong><\/span><\/p>\n<p style=\"text-align: justify;\"><strong>Martes 8 de septiembre<\/strong><\/p>\n<p style=\"text-align: justify;\">13:30 horas: Uni\u00f3n San Felipe \u2013 Deportes Temuco<\/p>\n<p style=\"text-align: justify;\">Mi\u00e9rcoles 9 de septiembre<\/p>\n<p style=\"text-align: justify;\">15:30 horas: Santiago Morning \u2013 Magallanes<\/p>\n<p style=\"text-align: justify;\">15:30 horas: Barnechea \u2013 San Marcos<\/p>\n<p style=\"text-align: justify;\">18:30 horas: Rangers \u2013 San Luis<\/p>\n<p style=\"text-align: justify;\">Jueves 10 de septiembre<\/p>\n<p style=\"text-align: justify;\">13:30 horas: Deportes Santa Cruz \u2013 Puerto Montt<\/p>\n<p style=\"text-align: justify;\">16:00 horas: Copiap\u00f3 \u2013 \u00d1ublense<\/p>\n<p style=\"text-align: justify;\">Libre: Melipilla<\/p>\n<p style=\"text-align: justify;\">Por Programar: Valdivia \u2013 Cobreloa<\/p>\n<p style=\"text-align: justify;\">\n<p style=\"text-align: justify;\"><span style=\"color: #c80000;\"><strong>Tabla de Posiciones<\/strong><\/span><\/p>\n<p style=\"text-align: justify;\"><strong>Lugar\u00a0\u00a0\u00a0\u00a0 Ptos.<\/strong><\/p>\n<p style=\"text-align: justify;\">\u00d1ublense \u00a0\u00a0\u00a0\u00a0\u00a0\u00a0\u00a0\u00a0\u00a0\u00a0 15<\/p>\n<p style=\"text-align: justify;\">Rangers \u00a0\u00a0\u00a0\u00a0\u00a0\u00a0\u00a0\u00a0\u00a0\u00a0\u00a0\u00a0\u00a0 11<\/p>\n<p style=\"text-align: justify;\">Cobreloa \u00a0\u00a0\u00a0\u00a0\u00a0\u00a0\u00a0\u00a0\u00a0\u00a0\u00a0 10<\/p>\n<p style=\"text-align: justify;\">Magallanes \u00a0\u00a0\u00a0\u00a0\u00a0\u00a0 10<\/p>\n<p style=\"text-align: justify;\">Uni\u00f3n San Felipe \u00a0\u00a0\u00a0\u00a0\u00a0\u00a0\u00a0\u00a0\u00a0\u00a0\u00a0 \u00a09<\/p>\n<p style=\"text-align: justify;\">Melipilla \u00a0\u00a0\u00a0\u00a0\u00a0\u00a0\u00a0\u00a0\u00a0\u00a0\u00a0\u00a0 \u00a09<\/p>\n<p style=\"text-align: justify;\">Valdivia\u00a0 \u00a0\u00a0\u00a0\u00a0\u00a0\u00a0\u00a0\u00a0\u00a0\u00a0\u00a0\u00a0\u00a0 \u00a08<\/p>\n<p style=\"text-align: justify;\">Santiago Morning \u00a0\u00a0\u00a0\u00a0\u00a0\u00a0\u00a0\u00a0\u00a0 \u00a06<\/p>\n<p style=\"text-align: justify;\">Puerto Montt\u00a0\u00a0 6<\/p>\n<p style=\"text-align: justify;\">San Marcos \u00a0\u00a0\u00a0\u00a0\u00a0\u00a0 \u00a06<\/p>\n<p style=\"text-align: justify;\">Temuco \u00a0\u00a0\u00a0\u00a0\u00a0\u00a0\u00a0\u00a0\u00a0\u00a0\u00a0\u00a0\u00a0 \u00a06<\/p>\n<p style=\"text-align: justify;\">San Luis \u00a0\u00a0\u00a0\u00a0\u00a0\u00a0\u00a0\u00a0\u00a0\u00a0\u00a0\u00a0\u00a0 \u00a05<\/p>\n<p style=\"text-align: justify;\">Barnechea \u00a0\u00a0\u00a0\u00a0\u00a0\u00a0\u00a0\u00a0 \u00a05<\/p>\n<p style=\"text-align: justify;\">Copiap\u00f3\u00a0\u00a0\u00a0\u00a0\u00a0\u00a0\u00a0\u00a0\u00a0\u00a0\u00a0\u00a0\u00a0\u00a0 4<\/p>\n<p style=\"text-align: justify;\">Santa Cruz \u00a0\u00a0\u00a0\u00a0\u00a0\u00a0\u00a0\u00a0 \u00a04<\/p>\n<figure id=\"attachment_102648\" aria-describedby=\"caption-attachment-102648\" style=\"width: 579px\" class=\"wp-caption alignnone\"><img data-recalc-dims=\"1\" loading=\"lazy\" decoding=\"async\" class=\"size-full wp-image-102648\" src=\"https:\/\/i0.wp.com\/eltrabajo.cl\/portal\/wp-content\/uploads\/2020\/09\/uni-uni-1.jpg?resize=579%2C387&#038;ssl=1\" alt=\"El cuadro aconcag\u00fcino llega al partido de hoy antecedido de un s\u00f3lido triunfo ante Melipilla.\" width=\"579\" height=\"387\" srcset=\"https:\/\/i0.wp.com\/eltrabajo.cl\/portal\/wp-content\/uploads\/2020\/09\/uni-uni-1.jpg?w=579&amp;ssl=1 579w, https:\/\/i0.wp.com\/eltrabajo.cl\/portal\/wp-content\/uploads\/2020\/09\/uni-uni-1.jpg?resize=300%2C201&amp;ssl=1 300w, https:\/\/i0.wp.com\/eltrabajo.cl\/portal\/wp-content\/uploads\/2020\/09\/uni-uni-1.jpg?resize=200%2C134&amp;ssl=1 200w\" sizes=\"auto, (max-width: 579px) 100vw, 579px\" \/><figcaption id=\"caption-attachment-102648\" class=\"wp-caption-text\">El cuadro aconcag\u00fcino llega al partido de hoy antecedido de un s\u00f3lido triunfo ante Melipilla.<\/figcaption><\/figure>\n","protected":false},"excerpt":{"rendered":"<p>Poco, por no decir casi nada de tiempo para recuperarse y celebrar su triunfal regreso a la competencia tendr\u00e1 el plantel de Uni\u00f3n San Felipe. Hoy los dirigidos por Erwin Dur\u00e1n deber\u00e1n&#8230;<\/p>\n","protected":false},"author":482,"featured_media":102648,"comment_status":"closed","ping_status":"open","sticky":false,"template":"","format":"standard","meta":{"advanced_seo_description":"","jetpack_seo_html_title":"","jetpack_seo_noindex":false,"_jetpack_memberships_contains_paid_content":false,"footnotes":""},"categories":[19],"tags":[],"class_list":["post-102647","post","type-post","status-publish","format-standard","has-post-thumbnail","hentry","category-deportes"],"jetpack_featured_media_url":"https:\/\/i0.wp.com\/eltrabajo.cl\/portal\/wp-content\/uploads\/2020\/09\/uni-uni-1.jpg?fit=579%2C387&ssl=1","jetpack_sharing_enabled":true,"jetpack_likes_enabled":true,"jetpack-related-posts":[],"_links":{"self":[{"href":"https:\/\/eltrabajo.cl\/portal\/wp-json\/wp\/v2\/posts\/102647","targetHints":{"allow":["GET"]}}],"collection":[{"href":"https:\/\/eltrabajo.cl\/portal\/wp-json\/wp\/v2\/posts"}],"about":[{"href":"https:\/\/eltrabajo.cl\/portal\/wp-json\/wp\/v2\/types\/post"}],"author":[{"embeddable":true,"href":"https:\/\/eltrabajo.cl\/portal\/wp-json\/wp\/v2\/users\/482"}],"replies":[{"embeddable":true,"href":"https:\/\/eltrabajo.cl\/portal\/wp-json\/wp\/v2\/comments?post=102647"}],"version-history":[{"count":0,"href":"https:\/\/eltrabajo.cl\/portal\/wp-json\/wp\/v2\/posts\/102647\/revisions"}],"wp:featuredmedia":[{"embeddable":true,"href":"https:\/\/eltrabajo.cl\/portal\/wp-json\/wp\/v2\/media\/102648"}],"wp:attachment":[{"href":"https:\/\/eltrabajo.cl\/portal\/wp-json\/wp\/v2\/media?parent=102647"}],"wp:term":[{"taxonomy":"category","embeddable":true,"href":"https:\/\/eltrabajo.cl\/portal\/wp-json\/wp\/v2\/categories?post=102647"},{"taxonomy":"post_tag","embeddable":true,"href":"https:\/\/eltrabajo.cl\/portal\/wp-json\/wp\/v2\/tags?post=102647"}],"curies":[{"name":"wp","href":"https:\/\/api.w.org\/{rel}","templated":true}]}}