{"id":102669,"date":"2020-09-08T07:55:04","date_gmt":"2020-09-08T10:55:04","guid":{"rendered":"https:\/\/www.eltrabajo.cl\/portal\/?p=102669"},"modified":"2020-09-07T20:37:02","modified_gmt":"2020-09-07T23:37:02","slug":"fallecio-la-guerrera-poullett-vergara-arancibia-tras-luchar-7-anos-contra-la-leucemia","status":"publish","type":"post","link":"https:\/\/eltrabajo.cl\/portal\/fallecio-la-guerrera-poullett-vergara-arancibia-tras-luchar-7-anos-contra-la-leucemia\/","title":{"rendered":"Falleci\u00f3 \u2018La Guerrera\u2019 Poullett Vergara Arancibia tras luchar 7 a\u00f1os contra la leucemia"},"content":{"rendered":"<p style=\"text-align: left;\"><span style=\"color: #c80000;\"><strong>Sus restos ser\u00e1n cremados esta semana en Santiago:<\/strong><\/span><\/p>\n<p style=\"text-align: justify;\">Fueron siete a\u00f1os de su corta vida los que la tremenda \u2018Guerrera\u2019 <strong>Poullett Vergara Arancibia<\/strong>, de 20 a\u00f1os de edad, dedic\u00f3 a luchar contra la leucemia linf\u00e1tica aguda que la madrugada de este domingo finalmente le quit\u00f3 la vida. La historia de esta joven sanfelipe\u00f1a toc\u00f3 el coraz\u00f3n de muchas personas en el Valle de Aconcagua, convirti\u00e9ndose en un s\u00edmbolo de lucha y ejemplo de vida para muchos.<\/p>\n<p style=\"text-align: justify;\">Su historia de sobrevivencia comenz\u00f3 cuando ella ten\u00eda 13 a\u00f1os de edad, cuando cursaba sus estudios b\u00e1sicos en el colegio Alonso de Ercilla. En esos a\u00f1os los m\u00e9dicos le dictaminaron la dura enfermedad, y lapidariamente s\u00f3lo le dieron pocos meses de vida; sin embargo, la fortaleza de Poullett, quien ya hab\u00eda ganado la batalla a dos c\u00e1ncer previos, no se derrumb\u00f3 ni se tir\u00f3 a morir, muy al contrario, se arm\u00f3 de coraje, resiliencia y optimismo, se someti\u00f3 al mundo de los hospitales y continu\u00f3 con sus sue\u00f1os, al punto que este a\u00f1o hab\u00eda entrado a estudiar psicopedagog\u00eda en el AIEP, mientras que sigui\u00f3 cumpliendo con su tratamiento alternativo consistente en transfusiones de plaquetas y una dieta consistente en graviola, dieta alcalina, gotas de c\u00e9lulas regeneradoras y un jarabe para ayudar a la propagaci\u00f3n de sus plaquetas.<\/p>\n<p style=\"text-align: justify;\">\n<p style=\"text-align: justify;\"><span style=\"color: #c80000;\"><strong>MURI\u00d3 EL DOMINGO<\/strong><\/span><\/p>\n<p style=\"text-align: justify;\">Durante estos siete a\u00f1os la chica luch\u00f3, sus amigos y familiares desarrollaron campa\u00f1as para que ella pudiera seguir tomando ese tratamiento alternativo para no da\u00f1ar tanto su cuerpo, todo ello para incentivar la donaci\u00f3n de sangre para ella, finalmente la joven sanfelipe\u00f1a perdi\u00f3 la batalla la madrugada de este domingo, luego que la morfina le afectara sus cuerdas bocales y perdiera su voz, llegando a comunicarse en las redes sociales gracias a la asistencia de familiares y amigos.<\/p>\n<p style=\"text-align: justify;\">Poullett Vergara fue despedida este lunes al mediod\u00eda en Villa La Estancia, su cuerpo fue trasladado a Santiago para ser cremados sus restos los pr\u00f3ximos d\u00edas.<\/p>\n<p style=\"text-align: justify;\">\n<p style=\"text-align: justify;\"><span style=\"color: #c80000;\"><strong>ELLA ORDEN\u00d3 TODO<\/strong><\/span><\/p>\n<p style=\"text-align: justify;\"><strong>Diario El Trabajo<\/strong> habl\u00f3 con su pap\u00e1, <strong>Luis Vergara<\/strong>, quien agradeci\u00f3 el cari\u00f1o y acompa\u00f1amiento de los amigos de su hija y vecinos: <em>\u00abFue una jornada muy dif\u00edcil para toda la familia, estamos desde el 23 de abril luchando con esto, este momento lo esper\u00e1bamos, pero no de esta forma, pero estamos tranquilos, estamos haciendo todo como mi hija quer\u00eda<\/em>\u00bb, dijo Vergara.<\/p>\n<p style=\"text-align: justify;\">&#8211; <strong>\u00bfElla dio instrucciones sobre c\u00f3mo quer\u00eda que fuera su velatorio y despedida?<\/strong><\/p>\n<p style=\"text-align: justify;\">&#8211; S\u00ed. Ella nos dio instrucciones sobre todo su velorio, su funeral y todo este proceso. Al final fue quien nos dio las instrucciones y as\u00ed lo hemos hecho. Ella pidi\u00f3 ser cremada, y que sus cenizas quedaran en dos \u00e1nforas, la mitad para m\u00ed y la otra mitad para su madre.<\/p>\n<p style=\"text-align: justify;\">&#8211; <strong>La lucha termin\u00f3, \u00bfalg\u00fan agradecimiento que quiera usted expresar?<\/strong><\/p>\n<p style=\"text-align: justify;\">&#8211; S\u00ed. A las familias Arancibia V\u00edlchez, Vergara Serrano, Cristian Lucero, a sus amigas del Colegio Alonso de Ercilla, y a dos enfermeros que de manera voluntaria y a t\u00edtulo personal la visitaron para atenderla gratuitamente.<\/p>\n<p style=\"text-align: justify;\">&#8211; <strong>\u00bfEs verdad que Cuidados Paliativos del Hospital San Camilo no dio acompa\u00f1amiento a Poullett en esta cr\u00edtica enfermedad?<\/strong><\/p>\n<p style=\"text-align: justify;\">&#8211; Cuidados Paliativos vino un d\u00eda antes que Poullett falleciera (el s\u00e1bado), desde el 23 de abril cuando la registramos, nunca vinieron.<\/p>\n<p style=\"text-align: justify;\">&#8211; <strong>\u00bfConsidera usted que Cuidados Paliativos no estuvo a la altura de lo que Poullett necesitaba?<\/strong><\/p>\n<p style=\"text-align: justify;\">&#8211; No, para nada, para nada, aqu\u00ed si no hubiese plata ella se nos muere de dolor aqu\u00ed en la casa, los medicamentos hab\u00eda que ir por una aspirina a Vi\u00f1a del Mar, un viaje en auto sale en 40.000 pesos.<\/p>\n<p style=\"text-align: justify;\">&#8211; <strong>\u00bfUstedes pidieron que atendieran a su hija y que la visitaran en su casa?<\/strong><\/p>\n<p style=\"text-align: justify;\">&#8211; Nosotros fuimos a los Cuidados Paliativos a inscribirla yo creo que en\u2026 (abril), y nos atendi\u00f3 una enfermera, nos anot\u00f3 en una lista, pero que hab\u00eda que esperar porque hab\u00eda un doctor con licencia m\u00e9dica y el otro con lumbago, pero nada, nada. Gracias a Dios y a la familia pudimos viajar a Vi\u00f1a. La Poullett falleci\u00f3 este domingo 6 de septiembre en la madrugada, y Paliativos apareci\u00f3 el d\u00eda 5 de septiembre a las 2 y media de la tarde a dar instrucciones de c\u00f3mo se hac\u00edan los cuidados paliativos, siendo que nosotros est\u00e1bamos desde el 23 de abril\u00a0 esperando. Ahora la excusa que nos dieron aqu\u00ed fue que nosotros no contest\u00e1bamos los tel\u00e9fonos, siendo que nosotros est\u00e1bamos viviendo un pre-duelo y es muy dif\u00edcil contestar tel\u00e9fonos, creo que ellos debieron llegar antes.<\/p>\n<p style=\"text-align: justify;\">\n<p style=\"text-align: justify;\"><span style=\"color: #c80000;\"><strong>HOSPITAL RESPONDE<\/strong><\/span><\/p>\n<p style=\"text-align: justify;\"><strong>Diario El Trabajo<\/strong> solicit\u00f3 una explicaci\u00f3n al Hospital San Camilo sobre las declaraciones de don Luis Vergara en relaci\u00f3n a la no asistencia de Cuidados Paliativos a la joven estudiante, a lo que nos respondieron que: \u00ab<em>Junto con enviar las condolencias a la familia, el Hospital San Camilo asegura que a trav\u00e9s de su programa de Alivio del Dolor, una vez que recibieron la interconsulta tra\u00edda por la familia en el mes de julio, dispusieron del primer control dentro de los siguientes d\u00edas, el cual se concret\u00f3 con m\u00e9dico, qu\u00edmico farmac\u00e9utico y enfermera, en donde se ofreci\u00f3 la posibilidad de ex\u00e1menes y medicamentos, adem\u00e1s de ayuda psicol\u00f3gica, sin embargo, estos no fueron mayormente requeridos pese a los llamados e insistencia de la enfermera a cargo. Posteriormente se dispusieron nuevos controles hasta el \u00faltimo realizado el d\u00eda 4 de septiembre. Cabe destacar que este programa se caracteriza por un constante apoyo multidisciplinario a los pacientes y sus familias sin mayores retrasos dada la realidad de los pacientes, pero se requiere de la voluntad de querer recibir este apoyo para poder gestionarlo, entendiendo que los momentos por los que atraviesan como grupo familiar son extremadamente dif\u00edciles<\/em>\u00bb.<\/p>\n<p style=\"text-align: justify;\"><strong>Roberto Gonz\u00e1lez Short<\/strong><\/p>\n<figure id=\"attachment_102659\" aria-describedby=\"caption-attachment-102659\" style=\"width: 579px\" class=\"wp-caption alignnone\"><img data-recalc-dims=\"1\" loading=\"lazy\" decoding=\"async\" class=\"size-full wp-image-102659\" src=\"https:\/\/i0.wp.com\/eltrabajo.cl\/portal\/wp-content\/uploads\/2020\/09\/Guerrera1.jpg?resize=579%2C403&#038;ssl=1\" alt=\"SER\u00c1 CREMADA.- Sus restos mortales fueron trasladados este lunes hasta Santiago, donde ser\u00e1 cremada en pocos d\u00edas.\" width=\"579\" height=\"403\" srcset=\"https:\/\/i0.wp.com\/eltrabajo.cl\/portal\/wp-content\/uploads\/2020\/09\/Guerrera1.jpg?w=579&amp;ssl=1 579w, https:\/\/i0.wp.com\/eltrabajo.cl\/portal\/wp-content\/uploads\/2020\/09\/Guerrera1.jpg?resize=300%2C209&amp;ssl=1 300w, https:\/\/i0.wp.com\/eltrabajo.cl\/portal\/wp-content\/uploads\/2020\/09\/Guerrera1.jpg?resize=200%2C139&amp;ssl=1 200w\" sizes=\"auto, (max-width: 579px) 100vw, 579px\" \/><figcaption id=\"caption-attachment-102659\" class=\"wp-caption-text\">SER\u00c1 CREMADA.- Sus restos mortales fueron trasladados este lunes hasta Santiago, donde ser\u00e1 cremada en pocos d\u00edas.<\/figcaption><\/figure>\n<figure id=\"attachment_102660\" aria-describedby=\"caption-attachment-102660\" style=\"width: 578px\" class=\"wp-caption alignnone\"><img data-recalc-dims=\"1\" loading=\"lazy\" decoding=\"async\" class=\"size-full wp-image-102660\" src=\"https:\/\/i0.wp.com\/eltrabajo.cl\/portal\/wp-content\/uploads\/2020\/09\/Guerrera2.jpg?resize=578%2C389&#038;ssl=1\" alt=\"UNA FAMILIA UNIDA.- La familia de Poullett posa para nuestras c\u00e1maras, Poullett les uni\u00f3 m\u00e1s que nunca.\" width=\"578\" height=\"389\" srcset=\"https:\/\/i0.wp.com\/eltrabajo.cl\/portal\/wp-content\/uploads\/2020\/09\/Guerrera2.jpg?w=578&amp;ssl=1 578w, https:\/\/i0.wp.com\/eltrabajo.cl\/portal\/wp-content\/uploads\/2020\/09\/Guerrera2.jpg?resize=300%2C202&amp;ssl=1 300w, https:\/\/i0.wp.com\/eltrabajo.cl\/portal\/wp-content\/uploads\/2020\/09\/Guerrera2.jpg?resize=200%2C135&amp;ssl=1 200w\" sizes=\"auto, (max-width: 578px) 100vw, 578px\" \/><figcaption id=\"caption-attachment-102660\" class=\"wp-caption-text\">UNA FAMILIA UNIDA.- La familia de Poullett posa para nuestras c\u00e1maras, Poullett les uni\u00f3 m\u00e1s que nunca.<\/figcaption><\/figure>\n<figure id=\"attachment_102661\" aria-describedby=\"caption-attachment-102661\" style=\"width: 579px\" class=\"wp-caption alignnone\"><img data-recalc-dims=\"1\" loading=\"lazy\" decoding=\"async\" class=\"size-full wp-image-102661\" src=\"https:\/\/i0.wp.com\/eltrabajo.cl\/portal\/wp-content\/uploads\/2020\/09\/Guerrera3.jpg?resize=579%2C599&#038;ssl=1\" alt=\"HASTA SIEMPRE AMIGA.- Aqu\u00ed vemos a Poullett Vergara, con su tremenda mascota Noah.\" width=\"579\" height=\"599\" srcset=\"https:\/\/i0.wp.com\/eltrabajo.cl\/portal\/wp-content\/uploads\/2020\/09\/Guerrera3.jpg?w=579&amp;ssl=1 579w, https:\/\/i0.wp.com\/eltrabajo.cl\/portal\/wp-content\/uploads\/2020\/09\/Guerrera3.jpg?resize=290%2C300&amp;ssl=1 290w, https:\/\/i0.wp.com\/eltrabajo.cl\/portal\/wp-content\/uploads\/2020\/09\/Guerrera3.jpg?resize=145%2C150&amp;ssl=1 145w\" sizes=\"auto, (max-width: 579px) 100vw, 579px\" \/><figcaption id=\"caption-attachment-102661\" class=\"wp-caption-text\">HASTA SIEMPRE AMIGA.- Aqu\u00ed vemos a Poullett Vergara, con su tremenda mascota Noah.<\/figcaption><\/figure>\n<figure id=\"attachment_102662\" aria-describedby=\"caption-attachment-102662\" style=\"width: 579px\" class=\"wp-caption alignnone\"><img data-recalc-dims=\"1\" loading=\"lazy\" decoding=\"async\" class=\"size-full wp-image-102662\" src=\"https:\/\/i0.wp.com\/eltrabajo.cl\/portal\/wp-content\/uploads\/2020\/09\/Guerrera_Luis-Vergara.jpg?resize=579%2C592&#038;ssl=1\" alt=\"Luis Vergara, padre de Poullett, habl\u00f3 con nuestro medio.\" width=\"579\" height=\"592\" srcset=\"https:\/\/i0.wp.com\/eltrabajo.cl\/portal\/wp-content\/uploads\/2020\/09\/Guerrera_Luis-Vergara.jpg?w=579&amp;ssl=1 579w, https:\/\/i0.wp.com\/eltrabajo.cl\/portal\/wp-content\/uploads\/2020\/09\/Guerrera_Luis-Vergara.jpg?resize=293%2C300&amp;ssl=1 293w, https:\/\/i0.wp.com\/eltrabajo.cl\/portal\/wp-content\/uploads\/2020\/09\/Guerrera_Luis-Vergara.jpg?resize=147%2C150&amp;ssl=1 147w\" sizes=\"auto, (max-width: 579px) 100vw, 579px\" \/><figcaption id=\"caption-attachment-102662\" class=\"wp-caption-text\">Luis Vergara, padre de Poullett, habl\u00f3 con nuestro medio.<\/figcaption><\/figure>\n<figure id=\"attachment_102663\" aria-describedby=\"caption-attachment-102663\" style=\"width: 579px\" class=\"wp-caption alignnone\"><img data-recalc-dims=\"1\" loading=\"lazy\" decoding=\"async\" class=\"size-full wp-image-102663\" src=\"https:\/\/i0.wp.com\/eltrabajo.cl\/portal\/wp-content\/uploads\/2020\/09\/Guerrera_Poullett-Vergara.jpg?resize=579%2C554&#038;ssl=1\" alt=\"ADI\u00d3S GUERRERA.- Poullett Vergara Arancibia, muri\u00f3 este domingo a la edad de 20 a\u00f1os.\" width=\"579\" height=\"554\" srcset=\"https:\/\/i0.wp.com\/eltrabajo.cl\/portal\/wp-content\/uploads\/2020\/09\/Guerrera_Poullett-Vergara.jpg?w=579&amp;ssl=1 579w, https:\/\/i0.wp.com\/eltrabajo.cl\/portal\/wp-content\/uploads\/2020\/09\/Guerrera_Poullett-Vergara.jpg?resize=300%2C287&amp;ssl=1 300w, https:\/\/i0.wp.com\/eltrabajo.cl\/portal\/wp-content\/uploads\/2020\/09\/Guerrera_Poullett-Vergara.jpg?resize=157%2C150&amp;ssl=1 157w\" sizes=\"auto, (max-width: 579px) 100vw, 579px\" \/><figcaption id=\"caption-attachment-102663\" class=\"wp-caption-text\">ADI\u00d3S GUERRERA.- Poullett Vergara Arancibia, muri\u00f3 este domingo a la edad de 20 a\u00f1os.<\/figcaption><\/figure>\n","protected":false},"excerpt":{"rendered":"<p>Sus restos ser\u00e1n cremados esta semana en Santiago: Fueron siete a\u00f1os de su corta vida los que la tremenda \u2018Guerrera\u2019 Poullett Vergara Arancibia, de 20 a\u00f1os de edad, dedic\u00f3 a luchar contra&#8230;<\/p>\n","protected":false},"author":482,"featured_media":102659,"comment_status":"closed","ping_status":"open","sticky":false,"template":"","format":"standard","meta":{"advanced_seo_description":"","jetpack_seo_html_title":"","jetpack_seo_noindex":false,"_jetpack_memberships_contains_paid_content":false,"footnotes":""},"categories":[15],"tags":[],"class_list":["post-102669","post","type-post","status-publish","format-standard","has-post-thumbnail","hentry","category-comunidad"],"jetpack_featured_media_url":"https:\/\/i0.wp.com\/eltrabajo.cl\/portal\/wp-content\/uploads\/2020\/09\/Guerrera1.jpg?fit=579%2C403&ssl=1","jetpack_sharing_enabled":true,"jetpack_likes_enabled":true,"jetpack-related-posts":[],"_links":{"self":[{"href":"https:\/\/eltrabajo.cl\/portal\/wp-json\/wp\/v2\/posts\/102669","targetHints":{"allow":["GET"]}}],"collection":[{"href":"https:\/\/eltrabajo.cl\/portal\/wp-json\/wp\/v2\/posts"}],"about":[{"href":"https:\/\/eltrabajo.cl\/portal\/wp-json\/wp\/v2\/types\/post"}],"author":[{"embeddable":true,"href":"https:\/\/eltrabajo.cl\/portal\/wp-json\/wp\/v2\/users\/482"}],"replies":[{"embeddable":true,"href":"https:\/\/eltrabajo.cl\/portal\/wp-json\/wp\/v2\/comments?post=102669"}],"version-history":[{"count":0,"href":"https:\/\/eltrabajo.cl\/portal\/wp-json\/wp\/v2\/posts\/102669\/revisions"}],"wp:featuredmedia":[{"embeddable":true,"href":"https:\/\/eltrabajo.cl\/portal\/wp-json\/wp\/v2\/media\/102659"}],"wp:attachment":[{"href":"https:\/\/eltrabajo.cl\/portal\/wp-json\/wp\/v2\/media?parent=102669"}],"wp:term":[{"taxonomy":"category","embeddable":true,"href":"https:\/\/eltrabajo.cl\/portal\/wp-json\/wp\/v2\/categories?post=102669"},{"taxonomy":"post_tag","embeddable":true,"href":"https:\/\/eltrabajo.cl\/portal\/wp-json\/wp\/v2\/tags?post=102669"}],"curies":[{"name":"wp","href":"https:\/\/api.w.org\/{rel}","templated":true}]}}