{"id":102671,"date":"2020-09-08T08:00:39","date_gmt":"2020-09-08T11:00:39","guid":{"rendered":"https:\/\/www.eltrabajo.cl\/portal\/?p=102671"},"modified":"2020-09-07T20:39:19","modified_gmt":"2020-09-07T23:39:19","slug":"fue-a-comprar-al-supermercado-y-le-robaron-su-jeep-en-cuestion-de-minutos","status":"publish","type":"post","link":"https:\/\/eltrabajo.cl\/portal\/fue-a-comprar-al-supermercado-y-le-robaron-su-jeep-en-cuestion-de-minutos\/","title":{"rendered":"Fue a comprar al supermercado y le robaron su jeep en cuesti\u00f3n de minutos"},"content":{"rendered":"<ul style=\"text-align: justify;\">\n<li style=\"text-align: left;\"><strong> Pese al sistema de \u2018encendido inteligente\u2019, delincuentes igualmente se apropiaron de su veh\u00edculo que hab\u00eda dejado estacionado en las cercan\u00edas del establecimiento.<\/strong><\/li>\n<\/ul>\n<p style=\"text-align: justify;\">Dej\u00f3 estacionado su Jeep para ir a comprar al supermercado y al volver se encontr\u00f3 con la ingrata sorpresa que su veh\u00edculo no estaba porque se lo hab\u00edan robado, as\u00ed de simple.<\/p>\n<p style=\"text-align: justify;\">El hecho ocurri\u00f3 el d\u00eda viernes en la tarde en un bandejon ubicado frente al Supermercado Tottus, afectando a una empresaria dedicada al rubro de frutos secos de Putaendo.<\/p>\n<p style=\"text-align: justify;\">Nuestro medio tom\u00f3 con contacto con una sobrina de la v\u00edctima, quien nos se\u00f1al\u00f3 lo siguiente: <em>\u00abLo sucedido fue el d\u00eda viernes en el Tottus, ella se baj\u00f3 del veh\u00edculo, fue a comprar, al llegar al veh\u00edculo ya no estaba, los tipos la hab\u00edan seguido hasta el supermercado adentro y ella no se dio cuenta, sino que ella fue avisada por otra persona\u00bb,<\/em> se\u00f1al\u00f3.<\/p>\n<p style=\"text-align: justify;\">Agreg\u00f3 que en este momento (ayer) no pod\u00eda dar entrevista porque estaba mal sicologicamente debido a la situaci\u00f3n vivida.<\/p>\n<p style=\"text-align: justify;\">Sin embargo entreg\u00f3 algunos detalles del hecho que le afect\u00f3 al portal putaendoinforma.com, donde se\u00f1ala que ese d\u00eda viernes a eso de las 12:30 horas aproximadamente, dej\u00f3 estacionado su veh\u00edculo frente al supermercado Tottus en un bandej\u00f3n que hay frente a los departamentos porque no hab\u00eda lugar en los estacionamientos del establecimiento comercial.<\/p>\n<p style=\"text-align: justify;\">Cuenta que no demor\u00f3 m\u00e1s de 30 minutos en hacer las compras cuando al salir del supermercado vio pasar un veh\u00edculo similar al suyo, no imaginando nunca que se trataba de su Jeep que en ese momento estaba siendo robado.<\/p>\n<p style=\"text-align: justify;\">\u00ab<em>Es una impotencia tan grande la que sientes cuando te pasa esto. El veh\u00edculo tiene encendido inteligente y no funciona si no est\u00e1 cerca el control remoto, eso demuestra que me ven\u00edan siguiendo y cuando estuve cerca del veh\u00edculo lo echaron a andar. O sea el tipo o los tipos ya estaban dentro del veh\u00edculo y una se\u00f1ora despu\u00e9s me dijo que hab\u00eda un tipo que se hab\u00eda paseado mucho por el lugar y cuando yo sal\u00ed me sigui\u00f3. Pero dentro de todo doy gracias a Dios que no me pas\u00f3 nada porque estos tipos son capaces de todo, o sea \u00bfqu\u00e9 hubiese pasado si me apuro y me encuentro con ellos dentro de mi veh\u00edculo?, tal vez me hubieran pegado o algo m\u00e1s\u00bb,<\/em> se\u00f1ala la v\u00edctima.<\/p>\n<p style=\"text-align: justify;\">Agrega que en ese momento solo atin\u00f3 a llamar a Carabineros: <em>\u00abCamin\u00e9 muy r\u00e1pido hasta el cuartel de ellos y cuando entr\u00e9 llor\u00e9, pero no por el robo del veh\u00edculo\u2026 llor\u00e9 de saber que estaba segura pues pens\u00e9 que me segu\u00edan a\u00fan y me pod\u00edan hacer algo\u00bb,<\/em> se\u00f1al\u00f3 la v\u00edctima.<\/p>\n<p style=\"text-align: justify;\">Coment\u00f3 la afectada que hizo la denuncia correspondiente, no habiendo resultados positivos al respecto tras la b\u00fasqueda realizada por Carabineros.<\/p>\n<p style=\"text-align: justify;\">Eso s\u00ed, entreg\u00f3 un dato no menor y es que hecha la denuncia y pasado un tiempo, el veh\u00edculo no hab\u00eda salido de la zona, seg\u00fan lo establecido por Carabineros.<\/p>\n<p style=\"text-align: justify;\">El veh\u00edculo robado corresponde a un Jeep patente <strong>JHTS-94.<\/strong><\/p>\n<figure id=\"attachment_102672\" aria-describedby=\"caption-attachment-102672\" style=\"width: 579px\" class=\"wp-caption alignnone\"><img data-recalc-dims=\"1\" loading=\"lazy\" decoding=\"async\" class=\"size-full wp-image-102672\" src=\"https:\/\/i0.wp.com\/eltrabajo.cl\/portal\/wp-content\/uploads\/2020\/09\/Jeep.jpg?resize=579%2C546&#038;ssl=1\" alt=\"Este es el Jeep que en cuesti\u00f3n de minutos fue robado a una empresaria de Putaendo.\" width=\"579\" height=\"546\" srcset=\"https:\/\/i0.wp.com\/eltrabajo.cl\/portal\/wp-content\/uploads\/2020\/09\/Jeep.jpg?w=579&amp;ssl=1 579w, https:\/\/i0.wp.com\/eltrabajo.cl\/portal\/wp-content\/uploads\/2020\/09\/Jeep.jpg?resize=300%2C283&amp;ssl=1 300w, https:\/\/i0.wp.com\/eltrabajo.cl\/portal\/wp-content\/uploads\/2020\/09\/Jeep.jpg?resize=159%2C150&amp;ssl=1 159w\" sizes=\"auto, (max-width: 579px) 100vw, 579px\" \/><figcaption id=\"caption-attachment-102672\" class=\"wp-caption-text\">Este es el Jeep que en cuesti\u00f3n de minutos fue robado a una empresaria de Putaendo.<\/figcaption><\/figure>\n","protected":false},"excerpt":{"rendered":"<p>Pese al sistema de \u2018encendido inteligente\u2019, delincuentes igualmente se apropiaron de su veh\u00edculo que hab\u00eda dejado estacionado en las cercan\u00edas del establecimiento. Dej\u00f3 estacionado su Jeep para ir a comprar al supermercado&#8230;<\/p>\n","protected":false},"author":482,"featured_media":102672,"comment_status":"closed","ping_status":"open","sticky":false,"template":"","format":"standard","meta":{"advanced_seo_description":"","jetpack_seo_html_title":"","jetpack_seo_noindex":false,"_jetpack_memberships_contains_paid_content":false,"footnotes":""},"categories":[21],"tags":[],"class_list":["post-102671","post","type-post","status-publish","format-standard","has-post-thumbnail","hentry","category-policial"],"jetpack_featured_media_url":"https:\/\/i0.wp.com\/eltrabajo.cl\/portal\/wp-content\/uploads\/2020\/09\/Jeep.jpg?fit=579%2C546&ssl=1","jetpack_sharing_enabled":true,"jetpack_likes_enabled":true,"jetpack-related-posts":[],"_links":{"self":[{"href":"https:\/\/eltrabajo.cl\/portal\/wp-json\/wp\/v2\/posts\/102671","targetHints":{"allow":["GET"]}}],"collection":[{"href":"https:\/\/eltrabajo.cl\/portal\/wp-json\/wp\/v2\/posts"}],"about":[{"href":"https:\/\/eltrabajo.cl\/portal\/wp-json\/wp\/v2\/types\/post"}],"author":[{"embeddable":true,"href":"https:\/\/eltrabajo.cl\/portal\/wp-json\/wp\/v2\/users\/482"}],"replies":[{"embeddable":true,"href":"https:\/\/eltrabajo.cl\/portal\/wp-json\/wp\/v2\/comments?post=102671"}],"version-history":[{"count":0,"href":"https:\/\/eltrabajo.cl\/portal\/wp-json\/wp\/v2\/posts\/102671\/revisions"}],"wp:featuredmedia":[{"embeddable":true,"href":"https:\/\/eltrabajo.cl\/portal\/wp-json\/wp\/v2\/media\/102672"}],"wp:attachment":[{"href":"https:\/\/eltrabajo.cl\/portal\/wp-json\/wp\/v2\/media?parent=102671"}],"wp:term":[{"taxonomy":"category","embeddable":true,"href":"https:\/\/eltrabajo.cl\/portal\/wp-json\/wp\/v2\/categories?post=102671"},{"taxonomy":"post_tag","embeddable":true,"href":"https:\/\/eltrabajo.cl\/portal\/wp-json\/wp\/v2\/tags?post=102671"}],"curies":[{"name":"wp","href":"https:\/\/api.w.org\/{rel}","templated":true}]}}