{"id":102679,"date":"2020-09-08T20:21:18","date_gmt":"2020-09-08T23:21:18","guid":{"rendered":"https:\/\/www.eltrabajo.cl\/portal\/?p=102679"},"modified":"2020-09-08T20:21:18","modified_gmt":"2020-09-08T23:21:18","slug":"el-uni-uni-empato-a-uno-como-local-frente-a-temuco","status":"publish","type":"post","link":"https:\/\/eltrabajo.cl\/portal\/el-uni-uni-empato-a-uno-como-local-frente-a-temuco\/","title":{"rendered":"El Un\u00ed Un\u00ed empat\u00f3 a uno como \u2018local\u2019 frente a Temuco"},"content":{"rendered":"<p style=\"text-align: justify;\">En el partido correspondiente a la 7\u00aa fecha del torneo B del f\u00fatbol profesional chileno jugado este martes en el estadio Lucio Fari\u00f1a de Quillota, Uni\u00f3n San Felipe debi\u00f3 conformarse con un tibio empate a uno frente de Deportes Temuco.<\/p>\n<p style=\"text-align: justify;\">A diferencia del partido del s\u00e1bado pasado, la escuadra albirroja no luci\u00f3 un juego tan atildado, y solo durante los primeros 45\u2019 de juego logr\u00f3 imponer sus condiciones ante el avezado cuadro sure\u00f1o. Fue precisamente en ese lapso donde el volante y goleador del Un\u00ed Un\u00ed, <strong>Gonzalo \u00c1lvarez<\/strong>, logr\u00f3 abrir la cuenta tras aprovechar un bal\u00f3n que dej\u00f3 picando el portero L\u00f3pez despu\u00e9s de haberle tapado un remate a <strong>Jimmy Cisterna<\/strong>.<\/p>\n<p style=\"text-align: justify;\">En el tiempo complementario el duelo tuvo un giro total debido a que Temuco creci\u00f3 ostensiblemente en juego y actitud tras el ingreso del veterano, pero a\u00fan productivo, <strong>Cristi\u00e1n Can\u00edo<\/strong>.<\/p>\n<p style=\"text-align: justify;\">Los forasteros dispusieron de buenas ocasiones para nivelar, pero en todas se interpuso <strong>Andr\u00e9s Fern\u00e1ndez<\/strong>, un arquero que pasa por un gran momento y que se ha convertido en prenda de garant\u00eda bajo los tres tubos.<\/p>\n<p style=\"text-align: justify;\">La buena actuaci\u00f3n del golero sanfelipe\u00f1o no pudo impedir que a los 33\u2019 el visitante llegara al empate cuando en una desafortunada acci\u00f3n el defensor <strong>Gonzalo Villegas<\/strong> envi\u00f3 el bal\u00f3n al fondo de su propio arco.<\/p>\n<p style=\"text-align: justify;\">Con esta igualdad, que bien pudo haber sido un triunfo si el \u00e1rbitro hubiera cobrado un penal a su favor, Uni\u00f3n San Felipe llega a los 10 puntos, manteni\u00e9ndose en una expectante posici\u00f3n a la espera de su desaf\u00edo del pr\u00f3ximo domingo con Puerto Montt.<\/p>\n<figure id=\"attachment_102680\" aria-describedby=\"caption-attachment-102680\" style=\"width: 579px\" class=\"wp-caption alignnone\"><img data-recalc-dims=\"1\" loading=\"lazy\" decoding=\"async\" class=\"size-full wp-image-102680\" src=\"https:\/\/i0.wp.com\/eltrabajo.cl\/portal\/wp-content\/uploads\/2020\/09\/uni-temuco.jpg?resize=579%2C401&#038;ssl=1\" alt=\"El duelo entre aconcag\u00fcinos y sure\u00f1os se caracteriz\u00f3 por su intensidad y continuos roces. (Foto: Gentileza: Jaime G\u00f3mez Corales)\" width=\"579\" height=\"401\" srcset=\"https:\/\/i0.wp.com\/eltrabajo.cl\/portal\/wp-content\/uploads\/2020\/09\/uni-temuco.jpg?w=579&amp;ssl=1 579w, https:\/\/i0.wp.com\/eltrabajo.cl\/portal\/wp-content\/uploads\/2020\/09\/uni-temuco.jpg?resize=300%2C208&amp;ssl=1 300w, https:\/\/i0.wp.com\/eltrabajo.cl\/portal\/wp-content\/uploads\/2020\/09\/uni-temuco.jpg?resize=200%2C139&amp;ssl=1 200w, https:\/\/i0.wp.com\/eltrabajo.cl\/portal\/wp-content\/uploads\/2020\/09\/uni-temuco.jpg?resize=218%2C150&amp;ssl=1 218w\" sizes=\"auto, (max-width: 579px) 100vw, 579px\" \/><figcaption id=\"caption-attachment-102680\" class=\"wp-caption-text\">El duelo entre aconcag\u00fcinos y sure\u00f1os se caracteriz\u00f3 por su intensidad y continuos roces. (Foto: Gentileza: Jaime G\u00f3mez Corales)<\/figcaption><\/figure>\n<figure id=\"attachment_102681\" aria-describedby=\"caption-attachment-102681\" style=\"width: 579px\" class=\"wp-caption alignnone\"><img data-recalc-dims=\"1\" loading=\"lazy\" decoding=\"async\" class=\"size-full wp-image-102681\" src=\"https:\/\/i0.wp.com\/eltrabajo.cl\/portal\/wp-content\/uploads\/2020\/09\/uni-alvarez-gol.jpg?resize=579%2C386&#038;ssl=1\" alt=\"Gonzalo \u00c1lvarez sale a celebrar tras anotar el gol unionista. (Foto: Gentileza: Jaime G\u00f3mez Corales)\" width=\"579\" height=\"386\" srcset=\"https:\/\/i0.wp.com\/eltrabajo.cl\/portal\/wp-content\/uploads\/2020\/09\/uni-alvarez-gol.jpg?w=579&amp;ssl=1 579w, https:\/\/i0.wp.com\/eltrabajo.cl\/portal\/wp-content\/uploads\/2020\/09\/uni-alvarez-gol.jpg?resize=300%2C200&amp;ssl=1 300w, https:\/\/i0.wp.com\/eltrabajo.cl\/portal\/wp-content\/uploads\/2020\/09\/uni-alvarez-gol.jpg?resize=200%2C133&amp;ssl=1 200w\" sizes=\"auto, (max-width: 579px) 100vw, 579px\" \/><figcaption id=\"caption-attachment-102681\" class=\"wp-caption-text\">Gonzalo \u00c1lvarez sale a celebrar tras anotar el gol unionista. (Foto: Gentileza: Jaime G\u00f3mez Corales)<\/figcaption><\/figure>\n","protected":false},"excerpt":{"rendered":"<p>En el partido correspondiente a la 7\u00aa fecha del torneo B del f\u00fatbol profesional chileno jugado este martes en el estadio Lucio Fari\u00f1a de Quillota, Uni\u00f3n San Felipe debi\u00f3 conformarse con un&#8230;<\/p>\n","protected":false},"author":482,"featured_media":102681,"comment_status":"closed","ping_status":"open","sticky":false,"template":"","format":"standard","meta":{"advanced_seo_description":"","jetpack_seo_html_title":"","jetpack_seo_noindex":false,"_jetpack_memberships_contains_paid_content":false,"footnotes":""},"categories":[19],"tags":[],"class_list":["post-102679","post","type-post","status-publish","format-standard","has-post-thumbnail","hentry","category-deportes"],"jetpack_featured_media_url":"https:\/\/i0.wp.com\/eltrabajo.cl\/portal\/wp-content\/uploads\/2020\/09\/uni-alvarez-gol.jpg?fit=579%2C386&ssl=1","jetpack_sharing_enabled":true,"jetpack_likes_enabled":true,"jetpack-related-posts":[],"_links":{"self":[{"href":"https:\/\/eltrabajo.cl\/portal\/wp-json\/wp\/v2\/posts\/102679","targetHints":{"allow":["GET"]}}],"collection":[{"href":"https:\/\/eltrabajo.cl\/portal\/wp-json\/wp\/v2\/posts"}],"about":[{"href":"https:\/\/eltrabajo.cl\/portal\/wp-json\/wp\/v2\/types\/post"}],"author":[{"embeddable":true,"href":"https:\/\/eltrabajo.cl\/portal\/wp-json\/wp\/v2\/users\/482"}],"replies":[{"embeddable":true,"href":"https:\/\/eltrabajo.cl\/portal\/wp-json\/wp\/v2\/comments?post=102679"}],"version-history":[{"count":0,"href":"https:\/\/eltrabajo.cl\/portal\/wp-json\/wp\/v2\/posts\/102679\/revisions"}],"wp:featuredmedia":[{"embeddable":true,"href":"https:\/\/eltrabajo.cl\/portal\/wp-json\/wp\/v2\/media\/102681"}],"wp:attachment":[{"href":"https:\/\/eltrabajo.cl\/portal\/wp-json\/wp\/v2\/media?parent=102679"}],"wp:term":[{"taxonomy":"category","embeddable":true,"href":"https:\/\/eltrabajo.cl\/portal\/wp-json\/wp\/v2\/categories?post=102679"},{"taxonomy":"post_tag","embeddable":true,"href":"https:\/\/eltrabajo.cl\/portal\/wp-json\/wp\/v2\/tags?post=102679"}],"curies":[{"name":"wp","href":"https:\/\/api.w.org\/{rel}","templated":true}]}}