{"id":102687,"date":"2020-09-09T07:50:00","date_gmt":"2020-09-09T10:50:00","guid":{"rendered":"https:\/\/www.eltrabajo.cl\/portal\/?p=102687"},"modified":"2020-09-08T20:25:55","modified_gmt":"2020-09-08T23:25:55","slug":"clubes-deportivos-se-reactivan-y-ya-estan-entrenando-en-el-estadio-fiscal","status":"publish","type":"post","link":"https:\/\/eltrabajo.cl\/portal\/clubes-deportivos-se-reactivan-y-ya-estan-entrenando-en-el-estadio-fiscal\/","title":{"rendered":"Clubes deportivos se reactivan y ya est\u00e1n entrenando en el Estadio Fiscal"},"content":{"rendered":"<p style=\"text-align: left;\"><span style=\"color: #c80000;\"><strong>Anuncian pr\u00f3xima apertura de gimnasios en la comuna:<\/strong><\/span><\/p>\n<p style=\"text-align: justify;\">Nuevos aires corren en la comuna de San Felipe, se trata de la apertura a las pr\u00e1cticas deportivas en el Estadio Fiscal tras pasar nuestra comuna a la Fase 3 del Plan Paso a Paso, lo que implica el disfrute de los entrenamientos en cualquier deporte. La informaci\u00f3n la confirm\u00f3 a nuestro medio el titular de Deportes de la municipalidad, <strong>Diego Garc\u00eda Salgado<\/strong>.<\/p>\n<p style=\"text-align: justify;\">\u00ab<em>Todos los clubes deportivos de nuestra comuna ya pueden hacer sus entrenamientos en los recintos deportivos, eso s\u00ed, deben llegar todos con mascarilla, se pueden quitar la mascarilla, correr, entrenar o lo que deban realizar, una vez que finalizan se deben nuevamente poner sus mascarillas. Hasta el momento s\u00f3lo dos clubes deportivos de la comuna est\u00e1n haciendo entrenamientos en el Fiscal, uno de ellos es un club deportivo de j\u00f3venes haitianos, y el Aconcagua Runners, que llevan varios a\u00f1os haciendo lo suyo ac\u00e1 y en todo el valle. Se empez\u00f3 en esta primera instancia con el Aconcagua Runners y el club de haitianos, como una clase de Marcha Blanca, pr\u00f3ximamente se piensa abrir los gimnasios municipales con sus respectivos protocolos sanitarios<\/em>\u00bb, dijo Garc\u00eda a <strong>Diario El Trabajo<\/strong>.<\/p>\n<figure id=\"attachment_102688\" aria-describedby=\"caption-attachment-102688\" style=\"width: 579px\" class=\"wp-caption alignnone\"><img data-recalc-dims=\"1\" loading=\"lazy\" decoding=\"async\" class=\"size-full wp-image-102688\" src=\"https:\/\/i0.wp.com\/eltrabajo.cl\/portal\/wp-content\/uploads\/2020\/09\/Fiscal1.jpg?resize=579%2C391&#038;ssl=1\" alt=\"ARRANCAMOS DE NUEVO.- Con gran fuerza y vigor corren los j\u00f3venes atletas de nuestra comuna los fines de semana en el Estadio Fiscal.\" width=\"579\" height=\"391\" srcset=\"https:\/\/i0.wp.com\/eltrabajo.cl\/portal\/wp-content\/uploads\/2020\/09\/Fiscal1.jpg?w=579&amp;ssl=1 579w, https:\/\/i0.wp.com\/eltrabajo.cl\/portal\/wp-content\/uploads\/2020\/09\/Fiscal1.jpg?resize=300%2C203&amp;ssl=1 300w, https:\/\/i0.wp.com\/eltrabajo.cl\/portal\/wp-content\/uploads\/2020\/09\/Fiscal1.jpg?resize=200%2C135&amp;ssl=1 200w\" sizes=\"auto, (max-width: 579px) 100vw, 579px\" \/><figcaption id=\"caption-attachment-102688\" class=\"wp-caption-text\">ARRANCAMOS DE NUEVO.- Con gran fuerza y vigor corren los j\u00f3venes atletas de nuestra comuna los fines de semana en el Estadio Fiscal.<\/figcaption><\/figure>\n<figure id=\"attachment_102689\" aria-describedby=\"caption-attachment-102689\" style=\"width: 579px\" class=\"wp-caption alignnone\"><img data-recalc-dims=\"1\" loading=\"lazy\" decoding=\"async\" class=\"size-full wp-image-102689\" src=\"https:\/\/i0.wp.com\/eltrabajo.cl\/portal\/wp-content\/uploads\/2020\/09\/Fiscal2.jpg?resize=579%2C364&#038;ssl=1\" alt=\"SIN L\u00cdMITES DE EDAD.- Mujeres, ni\u00f1os y grandes se reactivan en su mundo deportivo, pronto estar\u00e1n volando.\" width=\"579\" height=\"364\" srcset=\"https:\/\/i0.wp.com\/eltrabajo.cl\/portal\/wp-content\/uploads\/2020\/09\/Fiscal2.jpg?w=579&amp;ssl=1 579w, https:\/\/i0.wp.com\/eltrabajo.cl\/portal\/wp-content\/uploads\/2020\/09\/Fiscal2.jpg?resize=300%2C189&amp;ssl=1 300w, https:\/\/i0.wp.com\/eltrabajo.cl\/portal\/wp-content\/uploads\/2020\/09\/Fiscal2.jpg?resize=200%2C126&amp;ssl=1 200w\" sizes=\"auto, (max-width: 579px) 100vw, 579px\" \/><figcaption id=\"caption-attachment-102689\" class=\"wp-caption-text\">SIN L\u00cdMITES DE EDAD.- Mujeres, ni\u00f1os y grandes se reactivan en su mundo deportivo, pronto estar\u00e1n volando.<\/figcaption><\/figure>\n<figure id=\"attachment_102690\" aria-describedby=\"caption-attachment-102690\" style=\"width: 578px\" class=\"wp-caption alignnone\"><img data-recalc-dims=\"1\" loading=\"lazy\" decoding=\"async\" class=\"size-full wp-image-102690\" src=\"https:\/\/i0.wp.com\/eltrabajo.cl\/portal\/wp-content\/uploads\/2020\/09\/Fiscal3.jpg?resize=578%2C373&#038;ssl=1\" alt=\"A CORRER TODOS.- Esta es la \u2018Nueva Normalidad\u2019 en espacios abiertos, pronto la apertura ser\u00e1 total.\" width=\"578\" height=\"373\" srcset=\"https:\/\/i0.wp.com\/eltrabajo.cl\/portal\/wp-content\/uploads\/2020\/09\/Fiscal3.jpg?w=578&amp;ssl=1 578w, https:\/\/i0.wp.com\/eltrabajo.cl\/portal\/wp-content\/uploads\/2020\/09\/Fiscal3.jpg?resize=300%2C194&amp;ssl=1 300w, https:\/\/i0.wp.com\/eltrabajo.cl\/portal\/wp-content\/uploads\/2020\/09\/Fiscal3.jpg?resize=200%2C129&amp;ssl=1 200w\" sizes=\"auto, (max-width: 578px) 100vw, 578px\" \/><figcaption id=\"caption-attachment-102690\" class=\"wp-caption-text\">A CORRER TODOS.- Esta es la \u2018Nueva Normalidad\u2019 en espacios abiertos, pronto la apertura ser\u00e1 total.<\/figcaption><\/figure>\n","protected":false},"excerpt":{"rendered":"<p>Anuncian pr\u00f3xima apertura de gimnasios en la comuna: Nuevos aires corren en la comuna de San Felipe, se trata de la apertura a las pr\u00e1cticas deportivas en el Estadio Fiscal tras pasar&#8230;<\/p>\n","protected":false},"author":482,"featured_media":102690,"comment_status":"closed","ping_status":"open","sticky":false,"template":"","format":"standard","meta":{"advanced_seo_description":"","jetpack_seo_html_title":"","jetpack_seo_noindex":false,"_jetpack_memberships_contains_paid_content":false,"footnotes":""},"categories":[105,19],"tags":[],"class_list":["post-102687","post","type-post","status-publish","format-standard","has-post-thumbnail","hentry","category-covid-19","category-deportes"],"jetpack_featured_media_url":"https:\/\/i0.wp.com\/eltrabajo.cl\/portal\/wp-content\/uploads\/2020\/09\/Fiscal3.jpg?fit=578%2C373&ssl=1","jetpack_sharing_enabled":true,"jetpack_likes_enabled":true,"jetpack-related-posts":[],"_links":{"self":[{"href":"https:\/\/eltrabajo.cl\/portal\/wp-json\/wp\/v2\/posts\/102687","targetHints":{"allow":["GET"]}}],"collection":[{"href":"https:\/\/eltrabajo.cl\/portal\/wp-json\/wp\/v2\/posts"}],"about":[{"href":"https:\/\/eltrabajo.cl\/portal\/wp-json\/wp\/v2\/types\/post"}],"author":[{"embeddable":true,"href":"https:\/\/eltrabajo.cl\/portal\/wp-json\/wp\/v2\/users\/482"}],"replies":[{"embeddable":true,"href":"https:\/\/eltrabajo.cl\/portal\/wp-json\/wp\/v2\/comments?post=102687"}],"version-history":[{"count":0,"href":"https:\/\/eltrabajo.cl\/portal\/wp-json\/wp\/v2\/posts\/102687\/revisions"}],"wp:featuredmedia":[{"embeddable":true,"href":"https:\/\/eltrabajo.cl\/portal\/wp-json\/wp\/v2\/media\/102690"}],"wp:attachment":[{"href":"https:\/\/eltrabajo.cl\/portal\/wp-json\/wp\/v2\/media?parent=102687"}],"wp:term":[{"taxonomy":"category","embeddable":true,"href":"https:\/\/eltrabajo.cl\/portal\/wp-json\/wp\/v2\/categories?post=102687"},{"taxonomy":"post_tag","embeddable":true,"href":"https:\/\/eltrabajo.cl\/portal\/wp-json\/wp\/v2\/tags?post=102687"}],"curies":[{"name":"wp","href":"https:\/\/api.w.org\/{rel}","templated":true}]}}