{"id":102704,"date":"2020-09-09T20:35:06","date_gmt":"2020-09-09T23:35:06","guid":{"rendered":"https:\/\/www.eltrabajo.cl\/portal\/?p=102704"},"modified":"2020-09-09T20:36:33","modified_gmt":"2020-09-09T23:36:33","slug":"entrenador-del-uni-uni-lamento-la-igualdad-frente-a-deportes-temuco","status":"publish","type":"post","link":"https:\/\/eltrabajo.cl\/portal\/entrenador-del-uni-uni-lamento-la-igualdad-frente-a-deportes-temuco\/","title":{"rendered":"Entrenador del Un\u00ed Un\u00ed lament\u00f3 la igualdad frente a Deportes Temuco"},"content":{"rendered":"<p style=\"text-align: justify;\">En la interna del Un\u00ed Un\u00ed cost\u00f3 digerir la igualdad frente a Deportes Temuco. Los albirrojos tienen plena conciencia que no hicieron un buen partido, pero as\u00ed y todo encontraron injusto el resultado debido a que perfectamente pudo haber sido un triunfo si el juez <strong>Cristian Droguett<\/strong> no se hubiese hecho el desentendido respecto a una clara mano de un defensor de Temuco, que todo el mundo vio.<\/p>\n<p style=\"text-align: justify;\">Ya con m\u00e1s calma, pero con la rabia a flor de piel, el t\u00e9cnico del Un\u00ed Un\u00ed, <strong>Erwin Dur\u00e1n<\/strong>, reflexion\u00f3: <em>\u00abCreo que en el primer tiempo mostramos un buen funcionamiento, pero en el segundo es evidente que Temuco levant\u00f3, a lo que se sum\u00f3 que comenzamos a sentir el traj\u00edn del primer encuentro que hab\u00eda sido solo hace 48 horas atr\u00e1s. No es excusa porque sab\u00edamos que ser\u00eda de esa forma\u00bb.<\/em><\/p>\n<p style=\"text-align: justify;\">El estratego reconoci\u00f3 que no ser\u00e1 sencillo que su equipo encuentre una regularidad, b\u00e1sicamente por el tiempo que transcurrir\u00e1 entre un encuentro y otro. <em>\u00abEl tipo de campeonato lo har\u00e1 muy dif\u00edcil porque habr\u00e1 muy poco descanso\u00bb, <\/em>se\u00f1al\u00f3.<\/p>\n<p style=\"text-align: justify;\">La gran pol\u00e9mica del cotejo fue la decisi\u00f3n del \u00e1rbitro de no cobrar el penal a favor de los sanfelipe\u00f1os cuando el partido se encontraba en su recta final. <em>\u00abLa verdad ya no s\u00e9 qu\u00e9 pensar. En el \u00faltimo partido antes del receso (con Santa Cruz) no nos cobraron tres claros penales. Con Temuco simplemente el juez no lo quiso cobrar y uno ni siquiera puede reclamar. Fue tan clara la falta que el juez de l\u00ednea no se movi\u00f3 de su posici\u00f3n, eso significa que le estaba advirtiendo de la falta, pero as\u00ed y todo no lo cobr\u00f3. Es una pena porque ese tipo de situaciones echan a perder todo el trabajo de la semana\u00bb,<\/em> cont\u00f3 el profesor Dur\u00e1n.<\/p>\n<figure id=\"attachment_102705\" aria-describedby=\"caption-attachment-102705\" style=\"width: 579px\" class=\"wp-caption alignnone\"><img data-recalc-dims=\"1\" loading=\"lazy\" decoding=\"async\" class=\"size-full wp-image-102705\" src=\"https:\/\/i0.wp.com\/eltrabajo.cl\/portal\/wp-content\/uploads\/2020\/09\/uni-temuco-1.jpg?resize=579%2C418&#038;ssl=1\" alt=\"En Uni\u00f3n San Felipe doli\u00f3 el empate del martes \u00faltimo ante Deportes Temuco.\" width=\"579\" height=\"418\" srcset=\"https:\/\/i0.wp.com\/eltrabajo.cl\/portal\/wp-content\/uploads\/2020\/09\/uni-temuco-1.jpg?w=579&amp;ssl=1 579w, https:\/\/i0.wp.com\/eltrabajo.cl\/portal\/wp-content\/uploads\/2020\/09\/uni-temuco-1.jpg?resize=300%2C217&amp;ssl=1 300w, https:\/\/i0.wp.com\/eltrabajo.cl\/portal\/wp-content\/uploads\/2020\/09\/uni-temuco-1.jpg?resize=200%2C144&amp;ssl=1 200w, https:\/\/i0.wp.com\/eltrabajo.cl\/portal\/wp-content\/uploads\/2020\/09\/uni-temuco-1.jpg?resize=324%2C235&amp;ssl=1 324w\" sizes=\"auto, (max-width: 579px) 100vw, 579px\" \/><figcaption id=\"caption-attachment-102705\" class=\"wp-caption-text\">En Uni\u00f3n San Felipe doli\u00f3 el empate del martes \u00faltimo ante Deportes Temuco.<\/figcaption><\/figure>\n","protected":false},"excerpt":{"rendered":"<p>En la interna del Un\u00ed Un\u00ed cost\u00f3 digerir la igualdad frente a Deportes Temuco. Los albirrojos tienen plena conciencia que no hicieron un buen partido, pero as\u00ed y todo encontraron injusto el&#8230;<\/p>\n","protected":false},"author":482,"featured_media":102705,"comment_status":"closed","ping_status":"open","sticky":false,"template":"","format":"standard","meta":{"advanced_seo_description":"","jetpack_seo_html_title":"","jetpack_seo_noindex":false,"_jetpack_memberships_contains_paid_content":false,"footnotes":""},"categories":[19],"tags":[],"class_list":["post-102704","post","type-post","status-publish","format-standard","has-post-thumbnail","hentry","category-deportes"],"jetpack_featured_media_url":"https:\/\/i0.wp.com\/eltrabajo.cl\/portal\/wp-content\/uploads\/2020\/09\/uni-temuco-1.jpg?fit=579%2C418&ssl=1","jetpack_sharing_enabled":true,"jetpack_likes_enabled":true,"jetpack-related-posts":[],"_links":{"self":[{"href":"https:\/\/eltrabajo.cl\/portal\/wp-json\/wp\/v2\/posts\/102704","targetHints":{"allow":["GET"]}}],"collection":[{"href":"https:\/\/eltrabajo.cl\/portal\/wp-json\/wp\/v2\/posts"}],"about":[{"href":"https:\/\/eltrabajo.cl\/portal\/wp-json\/wp\/v2\/types\/post"}],"author":[{"embeddable":true,"href":"https:\/\/eltrabajo.cl\/portal\/wp-json\/wp\/v2\/users\/482"}],"replies":[{"embeddable":true,"href":"https:\/\/eltrabajo.cl\/portal\/wp-json\/wp\/v2\/comments?post=102704"}],"version-history":[{"count":0,"href":"https:\/\/eltrabajo.cl\/portal\/wp-json\/wp\/v2\/posts\/102704\/revisions"}],"wp:featuredmedia":[{"embeddable":true,"href":"https:\/\/eltrabajo.cl\/portal\/wp-json\/wp\/v2\/media\/102705"}],"wp:attachment":[{"href":"https:\/\/eltrabajo.cl\/portal\/wp-json\/wp\/v2\/media?parent=102704"}],"wp:term":[{"taxonomy":"category","embeddable":true,"href":"https:\/\/eltrabajo.cl\/portal\/wp-json\/wp\/v2\/categories?post=102704"},{"taxonomy":"post_tag","embeddable":true,"href":"https:\/\/eltrabajo.cl\/portal\/wp-json\/wp\/v2\/tags?post=102704"}],"curies":[{"name":"wp","href":"https:\/\/api.w.org\/{rel}","templated":true}]}}