{"id":102710,"date":"2020-09-10T07:50:29","date_gmt":"2020-09-10T10:50:29","guid":{"rendered":"https:\/\/www.eltrabajo.cl\/portal\/?p=102710"},"modified":"2020-09-09T20:40:03","modified_gmt":"2020-09-09T23:40:03","slug":"cambian-fecha-de-remate-de-conservera-pentzke-del-10-al-30-de-septiembre","status":"publish","type":"post","link":"https:\/\/eltrabajo.cl\/portal\/cambian-fecha-de-remate-de-conservera-pentzke-del-10-al-30-de-septiembre\/","title":{"rendered":"Cambian fecha de remate de Conservera Pentzke del 10 al 30 de septiembre"},"content":{"rendered":"<p style=\"text-align: left;\"><span style=\"color: #c80000;\"><strong>Por no cumplimiento en los plazos de publicaci\u00f3n:<\/strong><\/span><\/p>\n<p style=\"text-align: justify;\">A prop\u00f3sito que se cambi\u00f3 la fecha del remate de la Conservera Pentzke del 10 al 30 de septiembre, parte de los trabajadores como son los de laboratorio de la empresa, esperan que esto no se dilate m\u00e1s porque ya se ha postergado bastante.<\/p>\n<p style=\"text-align: justify;\">En conversaci\u00f3n con nuestro medio, <strong>Juan Z\u00fa\u00f1iga<\/strong> reconoci\u00f3 que la esperanza de ellos <em>\u00abes que no se dilate m\u00e1s, ya se ha corrido como bastante, ojala que el 30 se produzca ya el remate o en su defecto, si no hay oferentes, que los mexicanos se hagan de la propiedad de la conservera y principalmente que nos paguen lo que nos deben, o sea lo que tiene que ver con nuestro finiquito y los a\u00f1os de servicio, todo eso\u00bb,<\/em> dijo.<\/p>\n<p style=\"text-align: justify;\">Consultado sobre lo que debe recibir cada trabajador una vez que sea vendida la empresa, se\u00f1al\u00f3 que <em>\u00abse deben pagar los feriados proporcionales, los a\u00f1os de servicios con su tope, es decir una cifra cercana a los diez millones, nada m\u00e1s que eso, no el total de los finiquitos porque hay gente que tiene mucha plata por deuda de a\u00f1os de servicio, eso no van a tocar porque hay un l\u00edmite legal\u00bb,<\/em> se\u00f1ala Z\u00fa\u00f1iga.<\/p>\n<p style=\"text-align: justify;\">&#8211; <strong>\u00bfUstedes est\u00e1n esperanzados en que puedan tocar eso o no?<\/strong><\/p>\n<p style=\"text-align: justify;\">&#8211; S\u00ed, s\u00ed va a tocar por el tema de la preferencia legal.<\/p>\n<p style=\"text-align: justify;\">&#8211; <strong>\u00bfTienen la esperanza de volver a trabajar de nuevo a la empresa?<\/strong><\/p>\n<p style=\"text-align: justify;\">&#8211; Claro, si efectivamente son los mexicanos que est\u00e1n interesados, o sea los que van a comprar, se abre la puerta no solamente a nosotros, sino que a la zona en general. Es una fuente laboral importante que no solo beneficiar\u00eda a nosotros como trabajadores y a la gente que necesita trabajo en estos momentos, sino que al conjunto econ\u00f3mico de la zona. Ah\u00ed estar\u00edan los proveedores que tendr\u00edan una fuente de ingresos, los mismos bancos que pueden tener oportunidades de negocios, ser\u00eda lo mejor que podr\u00eda pasar en la zona, independiente de que se venda y eso cubra algunas deudas, el mejor escenario para nosotros es ese que efectivamente sea una empresa que d\u00e9 continuidad de giro a la conservera y que se da posibilidad de empleo, m\u00e1s all\u00e1 que sea de car\u00e1cter transitorio o trabajo continuo durante todo el a\u00f1o.<\/p>\n<p style=\"text-align: justify;\">&#8211; <strong>\u00bfQu\u00e9 saben ustedes de la empresa mexicana?<\/strong><\/p>\n<p style=\"text-align: justify;\">&#8211; No muchas cosas concretas, m\u00e1s que nada rumores, que es una empresa que se dedica m\u00e1s o menos a lo mismo, porque igual tienen cierto conocimiento de los procesos, as\u00ed es que m\u00e1s o menos en ese sentido es seguir con lo que est\u00e1bamos.<\/p>\n<p style=\"text-align: justify;\">&#8211; <strong>\u00bfUstedes recuerdan que haya sido clienta de la Conservera o no?, porque se dec\u00eda que compraban duraznos o algo as\u00ed.<\/strong><\/p>\n<p style=\"text-align: justify;\">&#8211; Me parece que s\u00ed, creo que s\u00ed.<\/p>\n<p style=\"text-align: justify;\">&#8211; <strong>\u00bfC\u00f3mo est\u00e1 la situaci\u00f3n de ustedes, se han repartido algunos dineros, han tocado algo?<\/strong><\/p>\n<p style=\"text-align: justify;\">&#8211; S\u00ed, hubo un peque\u00f1o reparto hace un par de meses, no fue mucho, pero algo amortiz\u00f3 la deuda y nos ayud\u00f3 un poco en su momento.<\/p>\n<p style=\"text-align: justify;\">&#8211; <strong>\u00bfC\u00f3mo est\u00e1n viviendo hoy d\u00eda?, porque ten\u00edan problemas con los cr\u00e9ditos, Fonasa, cosas as\u00ed; en el fondo \u00bfc\u00f3mo es la vida hoy de un extrabajador de la Conservera Pentzke?<\/strong><\/p>\n<p style=\"text-align: justify;\">&#8211; Complicado, o sea hay mucha gente, dentro de lo que me incluyo, todav\u00eda estamos cesantes, nos estamos comiendo b\u00e1sicamente nuestros ahorros. El tema del 10% nos ha ayudado mucho, pero a\u00fan es un tema complicado porque en la zona est\u00e1 complicado, reci\u00e9n ahora est\u00e1 existiendo un poquito m\u00e1s de trabajo por un tema de pegas temporales, pero sigue complicado.<\/p>\n<p style=\"text-align: justify;\">&#8211; <strong>\u00bfEl fondo de cesant\u00eda ya lo vaciaron?<\/strong><\/p>\n<p style=\"text-align: justify;\">&#8211; S\u00ed, eso ya se acab\u00f3, ya no queda nada del fondo de cesant\u00eda.<\/p>\n<p style=\"text-align: justify;\">Al finalizar indic\u00f3 que ellos esperan que no exista ning\u00fan otro inconveniente m\u00e1s y que no se presenten m\u00e1s estos errores, en clara alusi\u00f3n a los tiempos que ten\u00eda el martillero entre publicar el aviso y efectuar el remate que no deb\u00edan ser menos de 15 d\u00edas.<\/p>\n<p style=\"text-align: justify;\">Importante se\u00f1alar que el motivo de cambio de fecha del remate tiene que ver con lo siguiente, seg\u00fan lo dicho por el abogado <strong>Eduardo Herrera Fa\u00fandez<\/strong>, donde aclara que esta es una norma para el martillero y dice relaci\u00f3n con que <em>\u00abentre la fecha del remate y la publicaci\u00f3n que \u00e9l (martillero) debe realizar, no debe haber menos de 15 d\u00edas y eso no se cumpli\u00f3 con la fecha anterior, entonces como no se cumpli\u00f3 podr\u00eda haber eventualmente un vicio de nulidad y que la junta estim\u00f3 que era conveniente evitarlo y por lo tanto se fij\u00f3 una nueva fecha. Esto fue acordado en junta extraordinaria realizada el d\u00eda de ayer (martes), porque un acreedor present\u00f3 una solicitud para cambiar la fecha del remate para que hubiese m\u00e1s postores, entonces antes de conocer esa petici\u00f3n en particular, el liquidador dio cuenta de este hecho que le hab\u00eda comunicado tal persona que tendr\u00eda este problema; se discuti\u00f3 si efectivamente correspond\u00eda o no correspond\u00eda vicio de nulidad del remate, si era sancionable, pero se estim\u00f3 que lo m\u00e1s prudente cambiarlo, modificarlo para que se cumplieran los 15 d\u00edas\u00bb,<\/em> se\u00f1al\u00f3.<\/p>\n<p style=\"text-align: justify;\">En todo caso se presentaron dos propuestas para aplazar el remate, una por 15 d\u00edas y otra por 60 d\u00edas. Finalmente gan\u00f3 la primera por 15 d\u00edas.<\/p>\n<figure id=\"attachment_102711\" aria-describedby=\"caption-attachment-102711\" style=\"width: 579px\" class=\"wp-caption alignnone\"><img data-recalc-dims=\"1\" loading=\"lazy\" decoding=\"async\" class=\"size-full wp-image-102711\" src=\"https:\/\/i0.wp.com\/eltrabajo.cl\/portal\/wp-content\/uploads\/2020\/09\/Trabajadores.jpg?resize=579%2C385&#038;ssl=1\" alt=\"Parte de los trabajadores que esperan volver a trabajar.\" width=\"579\" height=\"385\" srcset=\"https:\/\/i0.wp.com\/eltrabajo.cl\/portal\/wp-content\/uploads\/2020\/09\/Trabajadores.jpg?w=579&amp;ssl=1 579w, https:\/\/i0.wp.com\/eltrabajo.cl\/portal\/wp-content\/uploads\/2020\/09\/Trabajadores.jpg?resize=300%2C199&amp;ssl=1 300w, https:\/\/i0.wp.com\/eltrabajo.cl\/portal\/wp-content\/uploads\/2020\/09\/Trabajadores.jpg?resize=200%2C133&amp;ssl=1 200w\" sizes=\"auto, (max-width: 579px) 100vw, 579px\" \/><figcaption id=\"caption-attachment-102711\" class=\"wp-caption-text\">Parte de los trabajadores que esperan volver a trabajar.<\/figcaption><\/figure>\n","protected":false},"excerpt":{"rendered":"<p>Por no cumplimiento en los plazos de publicaci\u00f3n: A prop\u00f3sito que se cambi\u00f3 la fecha del remate de la Conservera Pentzke del 10 al 30 de septiembre, parte de los trabajadores como&#8230;<\/p>\n","protected":false},"author":482,"featured_media":102711,"comment_status":"closed","ping_status":"open","sticky":false,"template":"","format":"standard","meta":{"advanced_seo_description":"","jetpack_seo_html_title":"","jetpack_seo_noindex":false,"_jetpack_memberships_contains_paid_content":false,"footnotes":""},"categories":[103],"tags":[],"class_list":["post-102710","post","type-post","status-publish","format-standard","has-post-thumbnail","hentry","category-cronica-2"],"jetpack_featured_media_url":"https:\/\/i0.wp.com\/eltrabajo.cl\/portal\/wp-content\/uploads\/2020\/09\/Trabajadores.jpg?fit=579%2C385&ssl=1","jetpack_sharing_enabled":true,"jetpack_likes_enabled":true,"jetpack-related-posts":[],"_links":{"self":[{"href":"https:\/\/eltrabajo.cl\/portal\/wp-json\/wp\/v2\/posts\/102710","targetHints":{"allow":["GET"]}}],"collection":[{"href":"https:\/\/eltrabajo.cl\/portal\/wp-json\/wp\/v2\/posts"}],"about":[{"href":"https:\/\/eltrabajo.cl\/portal\/wp-json\/wp\/v2\/types\/post"}],"author":[{"embeddable":true,"href":"https:\/\/eltrabajo.cl\/portal\/wp-json\/wp\/v2\/users\/482"}],"replies":[{"embeddable":true,"href":"https:\/\/eltrabajo.cl\/portal\/wp-json\/wp\/v2\/comments?post=102710"}],"version-history":[{"count":0,"href":"https:\/\/eltrabajo.cl\/portal\/wp-json\/wp\/v2\/posts\/102710\/revisions"}],"wp:featuredmedia":[{"embeddable":true,"href":"https:\/\/eltrabajo.cl\/portal\/wp-json\/wp\/v2\/media\/102711"}],"wp:attachment":[{"href":"https:\/\/eltrabajo.cl\/portal\/wp-json\/wp\/v2\/media?parent=102710"}],"wp:term":[{"taxonomy":"category","embeddable":true,"href":"https:\/\/eltrabajo.cl\/portal\/wp-json\/wp\/v2\/categories?post=102710"},{"taxonomy":"post_tag","embeddable":true,"href":"https:\/\/eltrabajo.cl\/portal\/wp-json\/wp\/v2\/tags?post=102710"}],"curies":[{"name":"wp","href":"https:\/\/api.w.org\/{rel}","templated":true}]}}