{"id":102737,"date":"2020-09-11T08:00:49","date_gmt":"2020-09-11T11:00:49","guid":{"rendered":"https:\/\/www.eltrabajo.cl\/portal\/?p=102737"},"modified":"2020-09-10T20:55:18","modified_gmt":"2020-09-10T23:55:18","slug":"desalmados-roban-bicicleta-instalada-en-animita-de-joven-fallecido-en-accidente","status":"publish","type":"post","link":"https:\/\/eltrabajo.cl\/portal\/desalmados-roban-bicicleta-instalada-en-animita-de-joven-fallecido-en-accidente\/","title":{"rendered":"Desalmados roban bicicleta instalada en animita de joven fallecido en accidente"},"content":{"rendered":"<p style=\"text-align: left;\"><span style=\"color: #c80000;\"><strong>No respetaron la memoria del difunto ni el dolor de su familia:<\/strong><\/span><\/p>\n<p style=\"text-align: justify;\"><strong>PANQUEHUE.-<\/strong> La tragedia ocurri\u00f3 al filo de las 21:00 horas del domingo 19 de julio en el sector El Mirador de Panquehue. En el auto viajaban cuatro j\u00f3venes, pero en determinado momento quien conduc\u00eda el veh\u00edculo, <strong>Mat\u00edas Carvajal<\/strong>, perdi\u00f3 el control del mismo y se estrell\u00f3 contra un poste del alumbrado p\u00fablico, muriendo en el lugar tanto \u00e9l como su amigo <strong>Itam Astudillo Figueroa<\/strong>, de 17 a\u00f1os de edad.<\/p>\n<p style=\"text-align: justify;\">\n<p style=\"text-align: justify;\"><span style=\"color: #c80000;\"><strong>ROBAN BICICLETA<\/strong><\/span><\/p>\n<p style=\"text-align: justify;\">El tremendo dolor que sus familiares experimentaron pareciera no disminuir con los d\u00edas, pues eran chicos en la flor de su juventud. Pasados los d\u00edas los familiares de ambos j\u00f3venes se coordinaron para instalar dos animitas en el lugar donde ocurri\u00f3 la tragedia. En dicho lugar colocaron objetos personales de las v\u00edctimas, fotograf\u00edas, el cap\u00f3 del auto del accidente, y tambi\u00e9n una bicicleta del joven Itam, la que embellecieron y aseguraron con soldadura a pernos de hierro.<\/p>\n<p style=\"text-align: justify;\"><strong>Diario El Trabajo<\/strong> habl\u00f3 este jueves con <strong>Victoria Figueroa Bruna<\/strong>, t\u00eda de Itam, quien habl\u00f3 por la familia de adolescente, luego que desalmados arrancaran la bicicleta de la gruta y se la robaran, situaci\u00f3n que ha generado la rabia de los familiares, quienes ven con asombro el irrespeto por la memoria de los j\u00f3venes fallecidos. <em>\u00abTodos sus familiares y amigos instalamos estas animitas para recordarlos a ellos, la familia del Mat\u00edas puso la trompa del auto y tambi\u00e9n la bicicleta que era de mi sobrino; mandamos a hacer una r\u00e9plica de su bicicleta real, y como vemos apenas estuvo una semana en el lugar, se la robaron pese a que la ten\u00edamos soldada en tres puntos. El caso ac\u00e1 es el valor sentimental para nosotros, por favor si alguien la ve o sabe que la est\u00e9n vendiendo, por favor que me llamen al <strong>+56 9 9875 1528<\/strong><\/em>\u00bb, dijo Figueroa.<\/p>\n<p style=\"text-align: justify;\"><strong>Roberto Gonz\u00e1lez Short<\/strong><\/p>\n<figure id=\"attachment_102738\" aria-describedby=\"caption-attachment-102738\" style=\"width: 579px\" class=\"wp-caption alignnone\"><img data-recalc-dims=\"1\" loading=\"lazy\" decoding=\"async\" class=\"size-full wp-image-102738\" src=\"https:\/\/i0.wp.com\/eltrabajo.cl\/portal\/wp-content\/uploads\/2020\/09\/Animita1.jpg?resize=579%2C385&#038;ssl=1\" alt=\"BICICLETA ROBADA.- Esta es la bicicleta que instal\u00f3 la familia de Itam en su animita, pero fue robada por desalmados al pasar.\" width=\"579\" height=\"385\" srcset=\"https:\/\/i0.wp.com\/eltrabajo.cl\/portal\/wp-content\/uploads\/2020\/09\/Animita1.jpg?w=579&amp;ssl=1 579w, https:\/\/i0.wp.com\/eltrabajo.cl\/portal\/wp-content\/uploads\/2020\/09\/Animita1.jpg?resize=300%2C199&amp;ssl=1 300w, https:\/\/i0.wp.com\/eltrabajo.cl\/portal\/wp-content\/uploads\/2020\/09\/Animita1.jpg?resize=200%2C133&amp;ssl=1 200w\" sizes=\"auto, (max-width: 579px) 100vw, 579px\" \/><figcaption id=\"caption-attachment-102738\" class=\"wp-caption-text\">BICICLETA ROBADA.- Esta es la bicicleta que instal\u00f3 la familia de Itam en su animita, pero fue robada por desalmados al pasar.<\/figcaption><\/figure>\n<figure id=\"attachment_102739\" aria-describedby=\"caption-attachment-102739\" style=\"width: 579px\" class=\"wp-caption alignnone\"><img data-recalc-dims=\"1\" loading=\"lazy\" decoding=\"async\" class=\"size-full wp-image-102739\" src=\"https:\/\/i0.wp.com\/eltrabajo.cl\/portal\/wp-content\/uploads\/2020\/09\/Animita2.jpg?resize=579%2C387&#038;ssl=1\" alt=\"NADIE LES OLVIDA.- Al pie del poste de la tragedia instalaron esta otra animita, con fotos y recuerdos de los dos j\u00f3venes.\" width=\"579\" height=\"387\" srcset=\"https:\/\/i0.wp.com\/eltrabajo.cl\/portal\/wp-content\/uploads\/2020\/09\/Animita2.jpg?w=579&amp;ssl=1 579w, https:\/\/i0.wp.com\/eltrabajo.cl\/portal\/wp-content\/uploads\/2020\/09\/Animita2.jpg?resize=300%2C201&amp;ssl=1 300w, https:\/\/i0.wp.com\/eltrabajo.cl\/portal\/wp-content\/uploads\/2020\/09\/Animita2.jpg?resize=200%2C134&amp;ssl=1 200w\" sizes=\"auto, (max-width: 579px) 100vw, 579px\" \/><figcaption id=\"caption-attachment-102739\" class=\"wp-caption-text\">NADIE LES OLVIDA.- Al pie del poste de la tragedia instalaron esta otra animita, con fotos y recuerdos de los dos j\u00f3venes.<\/figcaption><\/figure>\n<figure id=\"attachment_102740\" aria-describedby=\"caption-attachment-102740\" style=\"width: 578px\" class=\"wp-caption alignnone\"><img data-recalc-dims=\"1\" loading=\"lazy\" decoding=\"async\" class=\"size-full wp-image-102740\" src=\"https:\/\/i0.wp.com\/eltrabajo.cl\/portal\/wp-content\/uploads\/2020\/09\/Animita3.jpg?resize=578%2C371&#038;ssl=1\" alt=\"LA TRAGEDIA.- El fatal accidente ocurri\u00f3 al filo de las 21:00 horas del domingo 19 de julio en el sector El Mirador de Panquehue.\" width=\"578\" height=\"371\" srcset=\"https:\/\/i0.wp.com\/eltrabajo.cl\/portal\/wp-content\/uploads\/2020\/09\/Animita3.jpg?w=578&amp;ssl=1 578w, https:\/\/i0.wp.com\/eltrabajo.cl\/portal\/wp-content\/uploads\/2020\/09\/Animita3.jpg?resize=300%2C193&amp;ssl=1 300w, https:\/\/i0.wp.com\/eltrabajo.cl\/portal\/wp-content\/uploads\/2020\/09\/Animita3.jpg?resize=200%2C128&amp;ssl=1 200w\" sizes=\"auto, (max-width: 578px) 100vw, 578px\" \/><figcaption id=\"caption-attachment-102740\" class=\"wp-caption-text\">LA TRAGEDIA.- El fatal accidente ocurri\u00f3 al filo de las 21:00 horas del domingo 19 de julio en el sector El Mirador de Panquehue.<\/figcaption><\/figure>\n<figure id=\"attachment_102741\" aria-describedby=\"caption-attachment-102741\" style=\"width: 579px\" class=\"wp-caption alignnone\"><img data-recalc-dims=\"1\" loading=\"lazy\" decoding=\"async\" class=\"size-full wp-image-102741\" src=\"https:\/\/i0.wp.com\/eltrabajo.cl\/portal\/wp-content\/uploads\/2020\/09\/Animita4.jpg?resize=579%2C351&#038;ssl=1\" alt=\"LUGAR DE LA TRAGEDIA.- As\u00ed lucen las dos animitas junto al poste de la tragedia, mismas que tampoco est\u00e1n seguras.\" width=\"579\" height=\"351\" srcset=\"https:\/\/i0.wp.com\/eltrabajo.cl\/portal\/wp-content\/uploads\/2020\/09\/Animita4.jpg?w=579&amp;ssl=1 579w, https:\/\/i0.wp.com\/eltrabajo.cl\/portal\/wp-content\/uploads\/2020\/09\/Animita4.jpg?resize=300%2C182&amp;ssl=1 300w, https:\/\/i0.wp.com\/eltrabajo.cl\/portal\/wp-content\/uploads\/2020\/09\/Animita4.jpg?resize=200%2C121&amp;ssl=1 200w\" sizes=\"auto, (max-width: 579px) 100vw, 579px\" \/><figcaption id=\"caption-attachment-102741\" class=\"wp-caption-text\">LUGAR DE LA TRAGEDIA.- As\u00ed lucen las dos animitas junto al poste de la tragedia, mismas que tampoco est\u00e1n seguras.<\/figcaption><\/figure>\n<figure id=\"attachment_102742\" aria-describedby=\"caption-attachment-102742\" style=\"width: 579px\" class=\"wp-caption alignnone\"><img data-recalc-dims=\"1\" loading=\"lazy\" decoding=\"async\" class=\"size-full wp-image-102742\" src=\"https:\/\/i0.wp.com\/eltrabajo.cl\/portal\/wp-content\/uploads\/2020\/09\/Animita_Victoria-Figueroa.jpg?resize=579%2C576&#038;ssl=1\" alt=\"Victoria Figueroa, t\u00eda de Itam Astudillo.\" width=\"579\" height=\"576\" srcset=\"https:\/\/i0.wp.com\/eltrabajo.cl\/portal\/wp-content\/uploads\/2020\/09\/Animita_Victoria-Figueroa.jpg?w=579&amp;ssl=1 579w, https:\/\/i0.wp.com\/eltrabajo.cl\/portal\/wp-content\/uploads\/2020\/09\/Animita_Victoria-Figueroa.jpg?resize=300%2C298&amp;ssl=1 300w, https:\/\/i0.wp.com\/eltrabajo.cl\/portal\/wp-content\/uploads\/2020\/09\/Animita_Victoria-Figueroa.jpg?resize=151%2C150&amp;ssl=1 151w\" sizes=\"auto, (max-width: 579px) 100vw, 579px\" \/><figcaption id=\"caption-attachment-102742\" class=\"wp-caption-text\">Victoria Figueroa, t\u00eda de Itam Astudillo.<\/figcaption><\/figure>\n","protected":false},"excerpt":{"rendered":"<p>No respetaron la memoria del difunto ni el dolor de su familia: PANQUEHUE.- La tragedia ocurri\u00f3 al filo de las 21:00 horas del domingo 19 de julio en el sector El Mirador&#8230;<\/p>\n","protected":false},"author":482,"featured_media":102738,"comment_status":"closed","ping_status":"open","sticky":false,"template":"","format":"standard","meta":{"advanced_seo_description":"","jetpack_seo_html_title":"","jetpack_seo_noindex":false,"_jetpack_memberships_contains_paid_content":false,"footnotes":""},"categories":[15],"tags":[],"class_list":["post-102737","post","type-post","status-publish","format-standard","has-post-thumbnail","hentry","category-comunidad"],"jetpack_featured_media_url":"https:\/\/i0.wp.com\/eltrabajo.cl\/portal\/wp-content\/uploads\/2020\/09\/Animita1.jpg?fit=579%2C385&ssl=1","jetpack_sharing_enabled":true,"jetpack_likes_enabled":true,"jetpack-related-posts":[],"_links":{"self":[{"href":"https:\/\/eltrabajo.cl\/portal\/wp-json\/wp\/v2\/posts\/102737","targetHints":{"allow":["GET"]}}],"collection":[{"href":"https:\/\/eltrabajo.cl\/portal\/wp-json\/wp\/v2\/posts"}],"about":[{"href":"https:\/\/eltrabajo.cl\/portal\/wp-json\/wp\/v2\/types\/post"}],"author":[{"embeddable":true,"href":"https:\/\/eltrabajo.cl\/portal\/wp-json\/wp\/v2\/users\/482"}],"replies":[{"embeddable":true,"href":"https:\/\/eltrabajo.cl\/portal\/wp-json\/wp\/v2\/comments?post=102737"}],"version-history":[{"count":0,"href":"https:\/\/eltrabajo.cl\/portal\/wp-json\/wp\/v2\/posts\/102737\/revisions"}],"wp:featuredmedia":[{"embeddable":true,"href":"https:\/\/eltrabajo.cl\/portal\/wp-json\/wp\/v2\/media\/102738"}],"wp:attachment":[{"href":"https:\/\/eltrabajo.cl\/portal\/wp-json\/wp\/v2\/media?parent=102737"}],"wp:term":[{"taxonomy":"category","embeddable":true,"href":"https:\/\/eltrabajo.cl\/portal\/wp-json\/wp\/v2\/categories?post=102737"},{"taxonomy":"post_tag","embeddable":true,"href":"https:\/\/eltrabajo.cl\/portal\/wp-json\/wp\/v2\/tags?post=102737"}],"curies":[{"name":"wp","href":"https:\/\/api.w.org\/{rel}","templated":true}]}}