{"id":102744,"date":"2020-09-13T20:26:56","date_gmt":"2020-09-13T23:26:56","guid":{"rendered":"https:\/\/www.eltrabajo.cl\/portal\/?p=102744"},"modified":"2020-09-13T20:27:42","modified_gmt":"2020-09-13T23:27:42","slug":"union-san-felipe-cae-por-la-minima-ante-puerto-montt-y-pierde-el-invicto","status":"publish","type":"post","link":"https:\/\/eltrabajo.cl\/portal\/union-san-felipe-cae-por-la-minima-ante-puerto-montt-y-pierde-el-invicto\/","title":{"rendered":"Uni\u00f3n San Felipe cae por la m\u00ednima ante Puerto Montt y pierde el invicto"},"content":{"rendered":"<p style=\"text-align: justify;\">El conjunto albirrojo comenz\u00f3 bien y durante un lapso m\u00e1s bien breve logr\u00f3 descomponer a un Puerto Montt, que tard\u00f3 aproximadamente 10 minutos en emparejar las riendas del juego. Ya en la primera etapa el Un\u00ed Un\u00ed evidenci\u00f3 la falta de elaboraci\u00f3n en su accionar, lo que se tradujo en una vez m\u00e1s y como ha sido una constante durante todo lo que ha trascurrido de torneo, que el ariete <strong>Lautaro Palacios<\/strong> se viera completamente hu\u00e9rfano en las labores ofensivas.<\/p>\n<p style=\"text-align: justify;\">Los aconcag\u00fcinos buscaron dar con un circuito creativo dejando a <strong>Tom\u00e1s Lanzini<\/strong> m\u00e1s libre, ya que en esta oportunidad los volantes centrales fueron: <strong>Fioravanti<\/strong> y <strong>M\u00e9ndez<\/strong>, pero la apuesta no dio los resultados deseados porque nunca pudieron conectarse los hombres \u2018creativos\u2019 (<strong>\u00c1lvarez<\/strong>, <strong>Vergara<\/strong>, Lanzini), convirtiendo a los sanfelipe\u00f1os en un cuadro previsible y sin mayor sorpresa.<\/p>\n<p style=\"text-align: justify;\">Por su parte los sure\u00f1os sin mayor elaboraci\u00f3n, pero con mucha intensidad lograron hacer da\u00f1o. En el 21\u2019 abrieron la cuenta gracias a una anotaci\u00f3n de <strong>Lionel Altamirano<\/strong>. Esa fue la \u00fanica acci\u00f3n para rescatar de una primera etapa en la cual la claridad y buen trato al bal\u00f3n estuvieron ausentes.<\/p>\n<p style=\"text-align: justify;\">Para la segunda parte el t\u00e9cnico de los albirrojos <strong>Erwin Dur\u00e1n<\/strong> busc\u00f3 corregir la deficiencia en la elaboraci\u00f3n introduciendo a <strong>Matt Lagos<\/strong> en lugar de <strong>Juan M\u00e9ndez<\/strong>, movida que permiti\u00f3 ganar algo de profundidad. Con eso ya las arremetidas sobre al arco \u2018salmonero\u2019 custodiado por <strong>Claudio Gonz\u00e1lez<\/strong>, fueron m\u00e1s constantes, aunque no con tanto riesgo como para hacer da\u00f1o.<\/p>\n<p style=\"text-align: justify;\">Pasado el cuarto de hora del complemento la escuadra sanfelipe\u00f1a se adue\u00f1\u00f3 completamente del ritmo y las acciones, obligando con ello al entrenador puertomontino a realizar una serie de cambios que ten\u00edan por objeto neutralizar a un rival que, sin muchas ideas, pero con mucho ah\u00ednco intentaba cambiar su suerte.<\/p>\n<p style=\"text-align: justify;\">Uni\u00f3n San Felipe puso mucha actitud para al menos poder empatar, pero ni el incansable despliegue de <strong>Jimmy Cisterna<\/strong>, ni el acostumbrado desequilibrio de tres cuartos de cancha hacia arriba de Gonzalo \u00c1lvarez fueron argumentos de peso como para evitar una derrota que deber\u00e1 ser digerida y evaluada r\u00e1pidamente porque solo en tres d\u00edas m\u00e1s los aconcag\u00fcinos tendr\u00e1n otro desaf\u00edo de marca mayor, cuando en el <strong>Lucio Fari\u00f1a<\/strong> de Quillota \u2018reciban la visita\u2019 de \u00d1ublense.<\/p>\n<p style=\"text-align: justify;\"><span style=\"color: #c80000;\"><strong>FICHA T\u00c9CNICA<\/strong><\/span><\/p>\n<p style=\"text-align: justify;\"><strong>Fecha 8\u00aa.<\/strong><\/p>\n<p style=\"text-align: justify;\"><strong>Torneo Primera Divisi\u00f3n B.<\/strong><\/p>\n<p style=\"text-align: justify;\"><strong>Estadio Chinquihue.<\/strong><\/p>\n<p style=\"text-align: justify;\"><strong>Puerto Montt<\/strong> (1): Claudio Gonz\u00e1lez; Yonathan Suazo, Fernando Cornejo, Francisco Ayala, Byron Bustamante (Gallardo), Ignacio Lemmo (Silva), Nicol\u00e1s Gauna (Asencio), Diego Opazo, Piero Garate, Matias Valenzuela (Leiva), Lionel Altamirano (Linares). DT: Jorge Aravena.<\/p>\n<p style=\"text-align: justify;\"><strong>Uni\u00f3n San Felipe<\/strong> (0): Andr\u00e9s Fern\u00e1ndez; Mat\u00edas Torres, Jes\u00fas Pino, Gonzalo Villegas, Alejandro Azocar; Leandro Fioravanti, Juan M\u00e9ndez (Mat Lagos), Tom\u00e1s Lanzini (Mes\u00edas), Pablo Vergara (Jimmy Cisterna) Gonzalo \u00c1lvarez; Lautaro Palacios (Julio Castro). DT: Erwin Dur\u00e1n.<\/p>\n<p style=\"text-align: justify;\">Gol: 1-0, 21, Lionel Altamirano (PTM).<\/p>\n<figure id=\"attachment_102745\" aria-describedby=\"caption-attachment-102745\" style=\"width: 579px\" class=\"wp-caption alignnone\"><img data-recalc-dims=\"1\" loading=\"lazy\" decoding=\"async\" class=\"size-full wp-image-102745\" src=\"https:\/\/i0.wp.com\/eltrabajo.cl\/portal\/wp-content\/uploads\/2020\/09\/uni-palacios.jpg?resize=579%2C378&#038;ssl=1\" alt=\"Como ha sido durante toda la temporada el ariete Lautaro Palacios debi\u00f3 luchar solo contra la zaga rival. (Foto: Gentileza Comunicaciones Puerto Montt)\" width=\"579\" height=\"378\" srcset=\"https:\/\/i0.wp.com\/eltrabajo.cl\/portal\/wp-content\/uploads\/2020\/09\/uni-palacios.jpg?w=579&amp;ssl=1 579w, https:\/\/i0.wp.com\/eltrabajo.cl\/portal\/wp-content\/uploads\/2020\/09\/uni-palacios.jpg?resize=300%2C196&amp;ssl=1 300w, https:\/\/i0.wp.com\/eltrabajo.cl\/portal\/wp-content\/uploads\/2020\/09\/uni-palacios.jpg?resize=200%2C131&amp;ssl=1 200w\" sizes=\"auto, (max-width: 579px) 100vw, 579px\" \/><figcaption id=\"caption-attachment-102745\" class=\"wp-caption-text\">Como ha sido durante toda la temporada el ariete Lautaro Palacios debi\u00f3 luchar solo contra la zaga rival. (Foto: Gentileza Comunicaciones Puerto Montt)<\/figcaption><\/figure>\n<figure id=\"attachment_102746\" aria-describedby=\"caption-attachment-102746\" style=\"width: 579px\" class=\"wp-caption alignnone\"><img data-recalc-dims=\"1\" loading=\"lazy\" decoding=\"async\" class=\"size-full wp-image-102746\" src=\"https:\/\/i0.wp.com\/eltrabajo.cl\/portal\/wp-content\/uploads\/2020\/09\/uni-pto-montt-uni-uni.jpg?resize=579%2C369&#038;ssl=1\" alt=\"En el que se dice es uno de los estadios m\u00e1s lindos del mundo se acab\u00f3 el invicto del Un\u00ed Un\u00ed. (Foto: Gentileza Comunicaciones Puerto Montt)\" width=\"579\" height=\"369\" srcset=\"https:\/\/i0.wp.com\/eltrabajo.cl\/portal\/wp-content\/uploads\/2020\/09\/uni-pto-montt-uni-uni.jpg?w=579&amp;ssl=1 579w, https:\/\/i0.wp.com\/eltrabajo.cl\/portal\/wp-content\/uploads\/2020\/09\/uni-pto-montt-uni-uni.jpg?resize=300%2C191&amp;ssl=1 300w, https:\/\/i0.wp.com\/eltrabajo.cl\/portal\/wp-content\/uploads\/2020\/09\/uni-pto-montt-uni-uni.jpg?resize=200%2C127&amp;ssl=1 200w\" sizes=\"auto, (max-width: 579px) 100vw, 579px\" \/><figcaption id=\"caption-attachment-102746\" class=\"wp-caption-text\">En el que se dice es uno de los estadios m\u00e1s lindos del mundo se acab\u00f3 el invicto del Un\u00ed Un\u00ed. (Foto: Gentileza Comunicaciones Puerto Montt)<\/figcaption><\/figure>\n<figure id=\"attachment_102747\" aria-describedby=\"caption-attachment-102747\" style=\"width: 579px\" class=\"wp-caption alignnone\"><img data-recalc-dims=\"1\" loading=\"lazy\" decoding=\"async\" class=\"size-full wp-image-102747\" src=\"https:\/\/i0.wp.com\/eltrabajo.cl\/portal\/wp-content\/uploads\/2020\/09\/uni-vergara.jpg?resize=579%2C378&#038;ssl=1\" alt=\"El volante Pablo Vergara no fue factor en el duelo contra Puerto Montt. (Foto: Gentileza Comunicaciones Puerto Montt)\" width=\"579\" height=\"378\" srcset=\"https:\/\/i0.wp.com\/eltrabajo.cl\/portal\/wp-content\/uploads\/2020\/09\/uni-vergara.jpg?w=579&amp;ssl=1 579w, https:\/\/i0.wp.com\/eltrabajo.cl\/portal\/wp-content\/uploads\/2020\/09\/uni-vergara.jpg?resize=300%2C196&amp;ssl=1 300w, https:\/\/i0.wp.com\/eltrabajo.cl\/portal\/wp-content\/uploads\/2020\/09\/uni-vergara.jpg?resize=200%2C131&amp;ssl=1 200w\" sizes=\"auto, (max-width: 579px) 100vw, 579px\" \/><figcaption id=\"caption-attachment-102747\" class=\"wp-caption-text\">El volante Pablo Vergara no fue factor en el duelo contra Puerto Montt. (Foto: Gentileza Comunicaciones Puerto Montt)<\/figcaption><\/figure>\n","protected":false},"excerpt":{"rendered":"<p>El conjunto albirrojo comenz\u00f3 bien y durante un lapso m\u00e1s bien breve logr\u00f3 descomponer a un Puerto Montt, que tard\u00f3 aproximadamente 10 minutos en emparejar las riendas del juego. Ya en la&#8230;<\/p>\n","protected":false},"author":482,"featured_media":102747,"comment_status":"closed","ping_status":"open","sticky":false,"template":"","format":"standard","meta":{"advanced_seo_description":"","jetpack_seo_html_title":"","jetpack_seo_noindex":false,"_jetpack_memberships_contains_paid_content":false,"footnotes":""},"categories":[19],"tags":[],"class_list":["post-102744","post","type-post","status-publish","format-standard","has-post-thumbnail","hentry","category-deportes"],"jetpack_featured_media_url":"https:\/\/i0.wp.com\/eltrabajo.cl\/portal\/wp-content\/uploads\/2020\/09\/uni-vergara.jpg?fit=579%2C378&ssl=1","jetpack_sharing_enabled":true,"jetpack_likes_enabled":true,"jetpack-related-posts":[],"_links":{"self":[{"href":"https:\/\/eltrabajo.cl\/portal\/wp-json\/wp\/v2\/posts\/102744","targetHints":{"allow":["GET"]}}],"collection":[{"href":"https:\/\/eltrabajo.cl\/portal\/wp-json\/wp\/v2\/posts"}],"about":[{"href":"https:\/\/eltrabajo.cl\/portal\/wp-json\/wp\/v2\/types\/post"}],"author":[{"embeddable":true,"href":"https:\/\/eltrabajo.cl\/portal\/wp-json\/wp\/v2\/users\/482"}],"replies":[{"embeddable":true,"href":"https:\/\/eltrabajo.cl\/portal\/wp-json\/wp\/v2\/comments?post=102744"}],"version-history":[{"count":0,"href":"https:\/\/eltrabajo.cl\/portal\/wp-json\/wp\/v2\/posts\/102744\/revisions"}],"wp:featuredmedia":[{"embeddable":true,"href":"https:\/\/eltrabajo.cl\/portal\/wp-json\/wp\/v2\/media\/102747"}],"wp:attachment":[{"href":"https:\/\/eltrabajo.cl\/portal\/wp-json\/wp\/v2\/media?parent=102744"}],"wp:term":[{"taxonomy":"category","embeddable":true,"href":"https:\/\/eltrabajo.cl\/portal\/wp-json\/wp\/v2\/categories?post=102744"},{"taxonomy":"post_tag","embeddable":true,"href":"https:\/\/eltrabajo.cl\/portal\/wp-json\/wp\/v2\/tags?post=102744"}],"curies":[{"name":"wp","href":"https:\/\/api.w.org\/{rel}","templated":true}]}}