{"id":102802,"date":"2020-09-15T20:03:57","date_gmt":"2020-09-15T23:03:57","guid":{"rendered":"https:\/\/www.eltrabajo.cl\/portal\/?p=102802"},"modified":"2020-09-15T20:03:57","modified_gmt":"2020-09-15T23:03:57","slug":"putaendo-invita-a-celebrar-desde-casa-y-con-ramada-virtual-fiestas-patrias","status":"publish","type":"post","link":"https:\/\/eltrabajo.cl\/portal\/putaendo-invita-a-celebrar-desde-casa-y-con-ramada-virtual-fiestas-patrias\/","title":{"rendered":"Putaendo invita a celebrar desde casa y con \u2018Ramada Virtual\u2019 Fiestas Patrias"},"content":{"rendered":"<ul style=\"text-align: justify;\">\n<li style=\"text-align: left;\"><strong>Con el ashtag #CelebraEl18EnCasa, la Municipalidad de Putaendo quiere incentivar el autocuidado de sus habitantes ante posibles nuevos contagios de Covid-19. Esta tradicional y entretenida programaci\u00f3n dieciochera se transmitir\u00e1, a trav\u00e9s del Facebook\/MuniPutaendo, los d\u00edas 18, 19 y 20 de septiembre.<\/strong><\/li>\n<\/ul>\n<p style=\"text-align: justify;\"><strong>PUTAENDO.-<\/strong> Este 2020 las Fiestas Patrias se vivir\u00e1n de una manera in\u00e9dita. A causa de la pandemia se suspendieron fondas, ramadas y todas las actividades presenciales relacionadas a las celebraciones, generando un nuevo panorama para la poblaci\u00f3n, que podr\u00e1 celebrar, pero solo desde sus hogares.<\/p>\n<p style=\"text-align: justify;\">En ese contexto, la comuna de Putaendo, reconocido epicentro de las celebraciones dieciocheras en Aconcagua, llevar\u00e1 a cabo una <strong>\u2018Ramada Virtual\u2019<\/strong>, donde las familias del valle puedan reunirse remotamente, disfrutando del folclor y tradici\u00f3n de su pueblo.<\/p>\n<p style=\"text-align: justify;\">\u00ab<em>Las redes sociales han tomado un rol protag\u00f3nico en esta pandemia, por eso el municipio ha querido realizar una actividad de este tipo, donde toda la comunidad\u00a0 se conecte en estas Fiestas Patrias y comparta, de manera virtual, sus actividades dieciocheras. La idea es que podamos seguir cuid\u00e1ndonos, pero acortando la distancia que ha separado por meses a los habitantes de nuestro patrimonial y cultural pueblo\u00bb,<\/em> indic\u00f3 el alcalde <strong>Sergio Zamora<\/strong>.<\/p>\n<p style=\"text-align: justify;\">Durante todo el <strong>viernes 18 de septiembre<\/strong>, las personas podr\u00e1n compartir con el hashtag <strong>#CelebraEl18EnCasa<\/strong> un video con un saludo dieciochero, bailar una Cueca y\/o improvisar una paya. Las publicaciones m\u00e1s votadas participar\u00e1n por deliciosos platos t\u00edpicos de locales gastron\u00f3micos de la comuna, que ser\u00e1n entregados a domicilio (delivery).<\/p>\n<p style=\"text-align: justify;\">Por la noche, a eso de las <strong>21:00 horas <\/strong>se <strong>inaugurar\u00e1 oficialmente la \u2018Ramada Virtual Putaendo 2020\u2019 <\/strong>con unprograma audiovisual de contenido local. A las <strong>21:30 horas<\/strong> se transmitir\u00e1 la secci\u00f3n <strong>\u2018Putaendo saluda a Putaendo\u2019<\/strong>, donde vecinas, vecinos, artistas, autoridades y variadas agrupaciones de danza de la comuna estar\u00e1n presentes con un folcl\u00f3rico y dieciochero saludo de Fiestas Patrias.<\/p>\n<p style=\"text-align: justify;\">Para finalizar la jornada que conmemora la instauraci\u00f3n de la primera Junta Nacional de Gobierno en 1810,<strong> se desarrollar\u00e1 un Concierto en Vivo a las 22:00 horas <\/strong>de la reconocida agrupaci\u00f3n cuequera <strong>\u2018Los de Septiembre\u2019.<\/strong><\/p>\n<p style=\"text-align: justify;\">El s\u00e1bado desde las 21:00 horas contin\u00faa la \u2018Ramada Virtual\u2019, exhibiendo un compilado de presentaciones art\u00edsticas que marcaron un hito cultural en la comuna. Adem\u00e1s, se presentar\u00e1n saludos de m\u00e1s agrupaciones art\u00edsticas y se presentar\u00e1 un resumen de los videos ciudadanos con m\u00e1s \u2018Me Gusta\u2019.<\/p>\n<p style=\"text-align: justify;\">El domingo a las 14:00 horas culminar\u00e1n las actividades con la publicaci\u00f3n de los videos de cuecas, payas y saludos con m\u00e1s interacciones. As\u00ed, finalizar\u00e1 un programa audiovisual por streaming que, asimismo, presentar\u00e1 continuamente recomendaciones sanitarias realizadas por profesionales del Cesfam Valle de Los Libertadores.<\/p>\n<p style=\"text-align: justify;\">La Ramada Virtual de Putaendo ser\u00e1 transmitida por el Facebook MuniPutaendo, Cultura Online y retransmitido por el canal de cable MundoTV.<\/p>\n<figure id=\"attachment_102803\" aria-describedby=\"caption-attachment-102803\" style=\"width: 580px\" class=\"wp-caption alignnone\"><img data-recalc-dims=\"1\" loading=\"lazy\" decoding=\"async\" class=\"size-full wp-image-102803\" src=\"https:\/\/i0.wp.com\/eltrabajo.cl\/portal\/wp-content\/uploads\/2020\/09\/FIESTAS-PROGRAMACION-Ramada-Virtual-18-SEPT20.jpg?resize=580%2C580&#038;ssl=1\" alt=\"Esta es la programaci\u00f3n que ha preparado la Municipalidad de Putaendo para celebrar las fiestas patrias.\" width=\"580\" height=\"580\" srcset=\"https:\/\/i0.wp.com\/eltrabajo.cl\/portal\/wp-content\/uploads\/2020\/09\/FIESTAS-PROGRAMACION-Ramada-Virtual-18-SEPT20.jpg?w=580&amp;ssl=1 580w, https:\/\/i0.wp.com\/eltrabajo.cl\/portal\/wp-content\/uploads\/2020\/09\/FIESTAS-PROGRAMACION-Ramada-Virtual-18-SEPT20.jpg?resize=300%2C300&amp;ssl=1 300w, https:\/\/i0.wp.com\/eltrabajo.cl\/portal\/wp-content\/uploads\/2020\/09\/FIESTAS-PROGRAMACION-Ramada-Virtual-18-SEPT20.jpg?resize=150%2C150&amp;ssl=1 150w\" sizes=\"auto, (max-width: 580px) 100vw, 580px\" \/><figcaption id=\"caption-attachment-102803\" class=\"wp-caption-text\">Esta es la programaci\u00f3n que ha preparado la Municipalidad de Putaendo para celebrar las fiestas patrias.<\/figcaption><\/figure>\n<figure id=\"attachment_102804\" aria-describedby=\"caption-attachment-102804\" style=\"width: 579px\" class=\"wp-caption alignnone\"><img data-recalc-dims=\"1\" loading=\"lazy\" decoding=\"async\" class=\"size-full wp-image-102804\" src=\"https:\/\/i0.wp.com\/eltrabajo.cl\/portal\/wp-content\/uploads\/2020\/09\/FIESTA-PATRIAS-EN-PUTAENDO-2020.jpg?resize=579%2C386&#038;ssl=1\" alt=\"Pese a la pandemia y el confinamiento, este 18 Putaendo celebrar\u00e1 en grande con su ramada virtual a trav\u00e9s de redes sociales.\" width=\"579\" height=\"386\" srcset=\"https:\/\/i0.wp.com\/eltrabajo.cl\/portal\/wp-content\/uploads\/2020\/09\/FIESTA-PATRIAS-EN-PUTAENDO-2020.jpg?w=579&amp;ssl=1 579w, https:\/\/i0.wp.com\/eltrabajo.cl\/portal\/wp-content\/uploads\/2020\/09\/FIESTA-PATRIAS-EN-PUTAENDO-2020.jpg?resize=300%2C200&amp;ssl=1 300w, https:\/\/i0.wp.com\/eltrabajo.cl\/portal\/wp-content\/uploads\/2020\/09\/FIESTA-PATRIAS-EN-PUTAENDO-2020.jpg?resize=200%2C133&amp;ssl=1 200w\" sizes=\"auto, (max-width: 579px) 100vw, 579px\" \/><figcaption id=\"caption-attachment-102804\" class=\"wp-caption-text\">Pese a la pandemia y el confinamiento, este 18 Putaendo celebrar\u00e1 en grande con su ramada virtual a trav\u00e9s de redes sociales.<\/figcaption><\/figure>\n","protected":false},"excerpt":{"rendered":"<p>Con el ashtag #CelebraEl18EnCasa, la Municipalidad de Putaendo quiere incentivar el autocuidado de sus habitantes ante posibles nuevos contagios de Covid-19. Esta tradicional y entretenida programaci\u00f3n dieciochera se transmitir\u00e1, a trav\u00e9s del&#8230;<\/p>\n","protected":false},"author":482,"featured_media":102803,"comment_status":"closed","ping_status":"open","sticky":false,"template":"","format":"standard","meta":{"advanced_seo_description":"","jetpack_seo_html_title":"","jetpack_seo_noindex":false,"_jetpack_memberships_contains_paid_content":false,"footnotes":""},"categories":[105,103],"tags":[],"class_list":["post-102802","post","type-post","status-publish","format-standard","has-post-thumbnail","hentry","category-covid-19","category-cronica-2"],"jetpack_featured_media_url":"https:\/\/i0.wp.com\/eltrabajo.cl\/portal\/wp-content\/uploads\/2020\/09\/FIESTAS-PROGRAMACION-Ramada-Virtual-18-SEPT20.jpg?fit=580%2C580&ssl=1","jetpack_sharing_enabled":true,"jetpack_likes_enabled":true,"jetpack-related-posts":[],"_links":{"self":[{"href":"https:\/\/eltrabajo.cl\/portal\/wp-json\/wp\/v2\/posts\/102802","targetHints":{"allow":["GET"]}}],"collection":[{"href":"https:\/\/eltrabajo.cl\/portal\/wp-json\/wp\/v2\/posts"}],"about":[{"href":"https:\/\/eltrabajo.cl\/portal\/wp-json\/wp\/v2\/types\/post"}],"author":[{"embeddable":true,"href":"https:\/\/eltrabajo.cl\/portal\/wp-json\/wp\/v2\/users\/482"}],"replies":[{"embeddable":true,"href":"https:\/\/eltrabajo.cl\/portal\/wp-json\/wp\/v2\/comments?post=102802"}],"version-history":[{"count":0,"href":"https:\/\/eltrabajo.cl\/portal\/wp-json\/wp\/v2\/posts\/102802\/revisions"}],"wp:featuredmedia":[{"embeddable":true,"href":"https:\/\/eltrabajo.cl\/portal\/wp-json\/wp\/v2\/media\/102803"}],"wp:attachment":[{"href":"https:\/\/eltrabajo.cl\/portal\/wp-json\/wp\/v2\/media?parent=102802"}],"wp:term":[{"taxonomy":"category","embeddable":true,"href":"https:\/\/eltrabajo.cl\/portal\/wp-json\/wp\/v2\/categories?post=102802"},{"taxonomy":"post_tag","embeddable":true,"href":"https:\/\/eltrabajo.cl\/portal\/wp-json\/wp\/v2\/tags?post=102802"}],"curies":[{"name":"wp","href":"https:\/\/api.w.org\/{rel}","templated":true}]}}