{"id":102815,"date":"2020-09-16T07:55:33","date_gmt":"2020-09-16T10:55:33","guid":{"rendered":"https:\/\/www.eltrabajo.cl\/portal\/?p=102815"},"modified":"2020-09-15T20:11:39","modified_gmt":"2020-09-15T23:11:39","slug":"en-cenizas-quedo-bodega-habitada-por-okupas-en-santiago-bueras","status":"publish","type":"post","link":"https:\/\/eltrabajo.cl\/portal\/en-cenizas-quedo-bodega-habitada-por-okupas-en-santiago-bueras\/","title":{"rendered":"En cenizas qued\u00f3 bodega habitada por \u2018okupas\u2019 en Santiago Bueras"},"content":{"rendered":"<p style=\"text-align: left;\"><span style=\"color: #c80000;\"><strong>Due\u00f1o de la propiedad los responsabiliza por el siniestro:<\/strong><\/span><\/p>\n<p style=\"text-align: justify;\">Millonarias y totales fueron las p\u00e9rdidas en una bodega ubicada en Santiago Bueras 774, producto de un gigantesco incendio ocurrido al filo de las 23:45 horas de este lunes, a pocos metros del Estadio Fiscal. Seg\u00fan informes del due\u00f1o de la propiedad, este siniestro pudo ser provocado por personas que se hab\u00edan tomado el inmueble hace seis meses y viv\u00edan ah\u00ed sin permiso.<\/p>\n<p style=\"text-align: justify;\">Las c\u00e1maras de <strong>Diario El Trabajo<\/strong> estuvieron en el lugar, escenario al que llegaron cinco Compa\u00f1\u00edas de Bomberos de San Felipe y un gran contingente de bomberos. El comandante de Bomberos, <strong>Juan Carlos Herrera Lillo<\/strong>, report\u00f3 lo siguiente:<\/p>\n<p style=\"text-align: justify;\">\u00ab<em>Se trat\u00f3 de un incendio estructural de una bodega. La verdad que al llegar Bomberos no sab\u00edamos si estaba siendo ocupada. En un principio se manej\u00f3 tambi\u00e9n la versi\u00f3n de una persona atrapada en subterr\u00e1neo, pero luego se descart\u00f3, no encontr\u00e1ndose personas fallecidas<\/em> (\u2026) <em>Nos encontramos tambi\u00e9n con algunas personas que no estaban en sus cinco sentidos y que profer\u00edan insultos a nuestros bomberos, por lo que necesitamos de Carabineros para sacar a esas personas del interior de la propiedad para controlar el incendio r\u00e1pidamente. En total fueron cinco Compa\u00f1\u00edas de Bomberos las que asistieron a esta emergencia<\/em>\u00bb, dijo el comandante.<\/p>\n<p style=\"text-align: justify;\">\n<p style=\"text-align: justify;\"><span style=\"color: #c80000;\"><strong>P\u00c9RDIDAS MILLONARIAS<\/strong><\/span><\/p>\n<p style=\"text-align: justify;\">Tambi\u00e9n nuestro medio logr\u00f3 hablar con el due\u00f1o de la propiedad, quien se identific\u00f3 como \u2018<strong>Germ\u00e1n<\/strong>\u2019. Nos coment\u00f3 que <em>\u00abesta es una bodega que estaba cerrada y se la hab\u00edan tomado d\u00edas atr\u00e1s, hab\u00eda gente adentro, pero no se pudo sacar esa gente cuando vine a ver la propiedad hace algunos d\u00edas. Son gente irregular que viv\u00edan en esta bodega de forma clandestina. Estas personas hace seis meses se instalaron ac\u00e1. La propiedad hace un a\u00f1o estaba habitada, pero al irse los habitantes qued\u00f3 sin cuidador y as\u00ed se instal\u00f3 esta gente, y esta misma gente creo que pudieron haber generado este incendio. En este momento no se puede evaluar bien las p\u00e9rdidas, pero puedo asegurar que son millonarias\u00bb,<\/em> dijo Germ\u00e1n a <strong>Diario El Trabajo<\/strong>.<\/p>\n<p style=\"text-align: justify;\"><strong>Roberto Gonz\u00e1lez Short<br \/>\n<\/strong><strong>Colaboraci\u00f3n de Cristi\u00e1n Mu\u00f1oz Lucero<\/strong><\/p>\n<figure id=\"attachment_102821\" aria-describedby=\"caption-attachment-102821\" style=\"width: 579px\" class=\"wp-caption alignnone\"><img data-recalc-dims=\"1\" loading=\"lazy\" decoding=\"async\" class=\"size-full wp-image-102821\" src=\"https:\/\/i0.wp.com\/eltrabajo.cl\/portal\/wp-content\/uploads\/2020\/09\/Bodega1.jpg?resize=579%2C373&#038;ssl=1\" alt=\"PUDO SER INTENCIONAL.- Las llamas dieron cuenta en pocos minutos de esta bodega ubicada en Santiago Bueras 774.\" width=\"579\" height=\"373\" srcset=\"https:\/\/i0.wp.com\/eltrabajo.cl\/portal\/wp-content\/uploads\/2020\/09\/Bodega1.jpg?w=579&amp;ssl=1 579w, https:\/\/i0.wp.com\/eltrabajo.cl\/portal\/wp-content\/uploads\/2020\/09\/Bodega1.jpg?resize=300%2C193&amp;ssl=1 300w, https:\/\/i0.wp.com\/eltrabajo.cl\/portal\/wp-content\/uploads\/2020\/09\/Bodega1.jpg?resize=200%2C129&amp;ssl=1 200w\" sizes=\"auto, (max-width: 579px) 100vw, 579px\" \/><figcaption id=\"caption-attachment-102821\" class=\"wp-caption-text\">PUDO SER INTENCIONAL.- Las llamas dieron cuenta en pocos minutos de esta bodega ubicada en Santiago Bueras 774.<\/figcaption><\/figure>\n<figure id=\"attachment_102818\" aria-describedby=\"caption-attachment-102818\" style=\"width: 580px\" class=\"wp-caption alignnone\"><img data-recalc-dims=\"1\" loading=\"lazy\" decoding=\"async\" class=\"size-full wp-image-102818\" src=\"https:\/\/i0.wp.com\/eltrabajo.cl\/portal\/wp-content\/uploads\/2020\/09\/Bodega4.jpg?resize=580%2C380&#038;ssl=1\" alt=\"FUEGO A MEDIA NOCHE.- Las c\u00e1maras de Diario El Trabajo estuvieron en el lugar de los hechos, la jornada fue extenuante para todos.\" width=\"580\" height=\"380\" srcset=\"https:\/\/i0.wp.com\/eltrabajo.cl\/portal\/wp-content\/uploads\/2020\/09\/Bodega4.jpg?w=580&amp;ssl=1 580w, https:\/\/i0.wp.com\/eltrabajo.cl\/portal\/wp-content\/uploads\/2020\/09\/Bodega4.jpg?resize=300%2C197&amp;ssl=1 300w, https:\/\/i0.wp.com\/eltrabajo.cl\/portal\/wp-content\/uploads\/2020\/09\/Bodega4.jpg?resize=200%2C131&amp;ssl=1 200w\" sizes=\"auto, (max-width: 580px) 100vw, 580px\" \/><figcaption id=\"caption-attachment-102818\" class=\"wp-caption-text\">FUEGO A MEDIA NOCHE.- Las c\u00e1maras de Diario El Trabajo estuvieron en el lugar de los hechos, la jornada fue extenuante para todos.<\/figcaption><\/figure>\n<figure id=\"attachment_102816\" aria-describedby=\"caption-attachment-102816\" style=\"width: 578px\" class=\"wp-caption alignnone\"><img data-recalc-dims=\"1\" loading=\"lazy\" decoding=\"async\" class=\"size-full wp-image-102816\" src=\"https:\/\/i0.wp.com\/eltrabajo.cl\/portal\/wp-content\/uploads\/2020\/09\/Bodega2-portada.jpg?resize=578%2C376&#038;ssl=1\" alt=\"P\u00c9RDIDAS TOTALES.- Esta gr\u00e1fica nos muestra el dantesco escenario con el que tuvieron que lidiar los Caballeros del Fuego.\" width=\"578\" height=\"376\" srcset=\"https:\/\/i0.wp.com\/eltrabajo.cl\/portal\/wp-content\/uploads\/2020\/09\/Bodega2-portada.jpg?w=578&amp;ssl=1 578w, https:\/\/i0.wp.com\/eltrabajo.cl\/portal\/wp-content\/uploads\/2020\/09\/Bodega2-portada.jpg?resize=300%2C195&amp;ssl=1 300w, https:\/\/i0.wp.com\/eltrabajo.cl\/portal\/wp-content\/uploads\/2020\/09\/Bodega2-portada.jpg?resize=200%2C130&amp;ssl=1 200w\" sizes=\"auto, (max-width: 578px) 100vw, 578px\" \/><figcaption id=\"caption-attachment-102816\" class=\"wp-caption-text\">P\u00c9RDIDAS TOTALES.- Esta gr\u00e1fica nos muestra el dantesco escenario con el que tuvieron que lidiar los Caballeros del Fuego.<\/figcaption><\/figure>\n<figure id=\"attachment_102817\" aria-describedby=\"caption-attachment-102817\" style=\"width: 579px\" class=\"wp-caption alignnone\"><img data-recalc-dims=\"1\" loading=\"lazy\" decoding=\"async\" class=\"size-full wp-image-102817\" src=\"https:\/\/i0.wp.com\/eltrabajo.cl\/portal\/wp-content\/uploads\/2020\/09\/Bodega3.jpg?resize=579%2C730&#038;ssl=1\" alt=\"ABRI\u00c9NDOSE PASO.- Este bombero intenta abrir con maquinaria especial un port\u00f3n de metal, para ingresar a la propiedad.\" width=\"579\" height=\"730\" srcset=\"https:\/\/i0.wp.com\/eltrabajo.cl\/portal\/wp-content\/uploads\/2020\/09\/Bodega3.jpg?w=579&amp;ssl=1 579w, https:\/\/i0.wp.com\/eltrabajo.cl\/portal\/wp-content\/uploads\/2020\/09\/Bodega3.jpg?resize=238%2C300&amp;ssl=1 238w, https:\/\/i0.wp.com\/eltrabajo.cl\/portal\/wp-content\/uploads\/2020\/09\/Bodega3.jpg?resize=119%2C150&amp;ssl=1 119w\" sizes=\"auto, (max-width: 579px) 100vw, 579px\" \/><figcaption id=\"caption-attachment-102817\" class=\"wp-caption-text\">ABRI\u00c9NDOSE PASO.- Este bombero intenta abrir con maquinaria especial un port\u00f3n de metal, para ingresar a la propiedad.<\/figcaption><\/figure>\n<figure id=\"attachment_102820\" aria-describedby=\"caption-attachment-102820\" style=\"width: 579px\" class=\"wp-caption alignnone\"><img data-recalc-dims=\"1\" loading=\"lazy\" decoding=\"async\" class=\"size-full wp-image-102820\" src=\"https:\/\/i0.wp.com\/eltrabajo.cl\/portal\/wp-content\/uploads\/2020\/09\/Bodega_Juan-Carlos-Herrera-Lillo.jpg?resize=579%2C606&#038;ssl=1\" alt=\"Comandante de Bomberos Juan Carlos Herrera Lillo, dirigi\u00f3 los trabajos bomberiles.\" width=\"579\" height=\"606\" srcset=\"https:\/\/i0.wp.com\/eltrabajo.cl\/portal\/wp-content\/uploads\/2020\/09\/Bodega_Juan-Carlos-Herrera-Lillo.jpg?w=579&amp;ssl=1 579w, https:\/\/i0.wp.com\/eltrabajo.cl\/portal\/wp-content\/uploads\/2020\/09\/Bodega_Juan-Carlos-Herrera-Lillo.jpg?resize=287%2C300&amp;ssl=1 287w, https:\/\/i0.wp.com\/eltrabajo.cl\/portal\/wp-content\/uploads\/2020\/09\/Bodega_Juan-Carlos-Herrera-Lillo.jpg?resize=143%2C150&amp;ssl=1 143w\" sizes=\"auto, (max-width: 579px) 100vw, 579px\" \/><figcaption id=\"caption-attachment-102820\" class=\"wp-caption-text\">Comandante de Bomberos Juan Carlos Herrera Lillo, dirigi\u00f3 los trabajos bomberiles.<\/figcaption><\/figure>\n<figure id=\"attachment_102819\" aria-describedby=\"caption-attachment-102819\" style=\"width: 579px\" class=\"wp-caption alignnone\"><img data-recalc-dims=\"1\" loading=\"lazy\" decoding=\"async\" class=\"size-full wp-image-102819\" src=\"https:\/\/i0.wp.com\/eltrabajo.cl\/portal\/wp-content\/uploads\/2020\/09\/Bodega_German.jpg?resize=579%2C624&#038;ssl=1\" alt=\"\u2018German\u2019, la persona que se identific\u00f3 como propietario del inmueble.\" width=\"579\" height=\"624\" srcset=\"https:\/\/i0.wp.com\/eltrabajo.cl\/portal\/wp-content\/uploads\/2020\/09\/Bodega_German.jpg?w=579&amp;ssl=1 579w, https:\/\/i0.wp.com\/eltrabajo.cl\/portal\/wp-content\/uploads\/2020\/09\/Bodega_German.jpg?resize=278%2C300&amp;ssl=1 278w, https:\/\/i0.wp.com\/eltrabajo.cl\/portal\/wp-content\/uploads\/2020\/09\/Bodega_German.jpg?resize=139%2C150&amp;ssl=1 139w\" sizes=\"auto, (max-width: 579px) 100vw, 579px\" \/><figcaption id=\"caption-attachment-102819\" class=\"wp-caption-text\">\u2018German\u2019, la persona que se identific\u00f3 como propietario del inmueble.<\/figcaption><\/figure>\n","protected":false},"excerpt":{"rendered":"<p>Due\u00f1o de la propiedad los responsabiliza por el siniestro: Millonarias y totales fueron las p\u00e9rdidas en una bodega ubicada en Santiago Bueras 774, producto de un gigantesco incendio ocurrido al filo de&#8230;<\/p>\n","protected":false},"author":482,"featured_media":102816,"comment_status":"closed","ping_status":"open","sticky":false,"template":"","format":"standard","meta":{"advanced_seo_description":"","jetpack_seo_html_title":"","jetpack_seo_noindex":false,"_jetpack_memberships_contains_paid_content":false,"footnotes":""},"categories":[21],"tags":[],"class_list":["post-102815","post","type-post","status-publish","format-standard","has-post-thumbnail","hentry","category-policial"],"jetpack_featured_media_url":"https:\/\/i0.wp.com\/eltrabajo.cl\/portal\/wp-content\/uploads\/2020\/09\/Bodega2-portada.jpg?fit=578%2C376&ssl=1","jetpack_sharing_enabled":true,"jetpack_likes_enabled":true,"jetpack-related-posts":[],"_links":{"self":[{"href":"https:\/\/eltrabajo.cl\/portal\/wp-json\/wp\/v2\/posts\/102815","targetHints":{"allow":["GET"]}}],"collection":[{"href":"https:\/\/eltrabajo.cl\/portal\/wp-json\/wp\/v2\/posts"}],"about":[{"href":"https:\/\/eltrabajo.cl\/portal\/wp-json\/wp\/v2\/types\/post"}],"author":[{"embeddable":true,"href":"https:\/\/eltrabajo.cl\/portal\/wp-json\/wp\/v2\/users\/482"}],"replies":[{"embeddable":true,"href":"https:\/\/eltrabajo.cl\/portal\/wp-json\/wp\/v2\/comments?post=102815"}],"version-history":[{"count":0,"href":"https:\/\/eltrabajo.cl\/portal\/wp-json\/wp\/v2\/posts\/102815\/revisions"}],"wp:featuredmedia":[{"embeddable":true,"href":"https:\/\/eltrabajo.cl\/portal\/wp-json\/wp\/v2\/media\/102816"}],"wp:attachment":[{"href":"https:\/\/eltrabajo.cl\/portal\/wp-json\/wp\/v2\/media?parent=102815"}],"wp:term":[{"taxonomy":"category","embeddable":true,"href":"https:\/\/eltrabajo.cl\/portal\/wp-json\/wp\/v2\/categories?post=102815"},{"taxonomy":"post_tag","embeddable":true,"href":"https:\/\/eltrabajo.cl\/portal\/wp-json\/wp\/v2\/tags?post=102815"}],"curies":[{"name":"wp","href":"https:\/\/api.w.org\/{rel}","templated":true}]}}