{"id":102823,"date":"2020-09-16T08:00:07","date_gmt":"2020-09-16T11:00:07","guid":{"rendered":"https:\/\/www.eltrabajo.cl\/portal\/?p=102823"},"modified":"2020-09-15T20:13:26","modified_gmt":"2020-09-15T23:13:26","slug":"mujer-sufre-un-fulminante-infarto-al-corazon-muriendo-al-interior-de-un-motel","status":"publish","type":"post","link":"https:\/\/eltrabajo.cl\/portal\/mujer-sufre-un-fulminante-infarto-al-corazon-muriendo-al-interior-de-un-motel\/","title":{"rendered":"Mujer sufre un fulminante Infarto al coraz\u00f3n muriendo al interior de un motel"},"content":{"rendered":"<ul style=\"text-align: justify;\">\n<li style=\"text-align: left;\"><strong>V\u00edctima de 64 a\u00f1os de edad hab\u00eda llegado minutos antes junto a su pareja.<\/strong><\/li>\n<\/ul>\n<p style=\"text-align: justify;\">Una mujer de 64 a\u00f1os de edad, que concurri\u00f3 con su pareja a un motel en Calle Larga, lamentablemente falleci\u00f3 producto de un infarto al coraz\u00f3n cuando se encontraba al interior del lugar, descart\u00e1ndose de todos modos la participaci\u00f3n de terceras personas en el hecho.<\/p>\n<p style=\"text-align: justify;\">La informaci\u00f3n fue entregada por el Comisario de la BH de la PDI de Los Andes, <strong>Marcelo Lazen<\/strong>, quien dijo que la muerte de esta mujer ocurri\u00f3 este d\u00eda 13 de septiembre, aproximadamente a las 21:30 horas. <em>\u00abEste procedimiento se inicia con el llamado del fiscal de turno de ac\u00e1 de Los Andes, quien solicita la presencia de personal de la Brigada de Homicidios hacia el motel \u2018El Ensue\u00f1o\u2019, que est\u00e1 ubicado en Calle Larga, a ra\u00edz que se hab\u00eda dado aviso del fallecimiento de una persona de sexo femenino de aproximadamente 64 a\u00f1os de edad, y en realidad se solicita que se realice la inspecci\u00f3n al cad\u00e1ver para establecer o no la participaci\u00f3n de terceros\u00bb.<\/em><\/p>\n<p style=\"text-align: justify;\">Es as\u00ed que personal de la Brigada de Homicidios de la PDI de Los Andes concurre al lugar, <em>\u00abestableciendo que la fallecida no cuenta con lesiones atribuibles a terceras personas y que la causa m\u00e1s probable y cercana es un infarto agudo al miocardio\u00bb,<\/em> dijo Lazen.<\/p>\n<p style=\"text-align: justify;\">Consultado el comisario Marcelo Lazen si la mujer trabajaba en el lugar o lleg\u00f3 como clienta al motel, se\u00f1al\u00f3 que ella lleg\u00f3 <em>\u00abcomo clienta al lugar en compa\u00f1\u00eda de su pareja obviamente. Indagar m\u00e1s all\u00e1 respecto al tema de la raz\u00f3n por la cual fueron al lugar, se subentiende en ese contexto fueron m\u00e1s que nada a pasar un buen momento, no obstante la din\u00e1mica de los hechos y la informaci\u00f3n obtenida se establece que la persona ten\u00eda problemas anteriores de hipertensi\u00f3n, hecho que en definitiva por causa que est\u00e1n a\u00fan en desarrollo y se est\u00e1n investigando, le habr\u00eda ocasionado el infarto\u00bb,<\/em> se\u00f1al\u00f3 Lazen.<\/p>\n<p style=\"text-align: justify;\">Coment\u00f3 tambi\u00e9n que entrevistada la pareja de la mujer fallecida, dijo que al llegar al recinto, <em>\u00abluego de un par de minutos su pareja se comenz\u00f3 a sentir mal y en un dos por tres la persona se desvanece, motivo por el cual esta persona muy asustada, se comunica directamente con personal de SAMU por dicha situaci\u00f3n, quienes llegan y constatan el fallecimiento de la persona\u00bb,<\/em> indic\u00f3 el comisario Marcelo Lazen de la BH de la PDI Los Andes.<\/p>\n<p style=\"text-align: justify;\">Al finalizar reiter\u00f3 que se est\u00e1 a la espera del resultado de la autopsia en el SML.<\/p>\n<figure id=\"attachment_102824\" aria-describedby=\"caption-attachment-102824\" style=\"width: 579px\" class=\"wp-caption alignnone\"><img data-recalc-dims=\"1\" loading=\"lazy\" decoding=\"async\" class=\"size-full wp-image-102824\" src=\"https:\/\/i0.wp.com\/eltrabajo.cl\/portal\/wp-content\/uploads\/2020\/09\/camioneta-SML.jpg?resize=579%2C326&#038;ssl=1\" alt=\"Camioneta del SML en donde fue trasladada la mujer fallecida para la respectiva autopsia.\" width=\"579\" height=\"326\" srcset=\"https:\/\/i0.wp.com\/eltrabajo.cl\/portal\/wp-content\/uploads\/2020\/09\/camioneta-SML.jpg?w=579&amp;ssl=1 579w, https:\/\/i0.wp.com\/eltrabajo.cl\/portal\/wp-content\/uploads\/2020\/09\/camioneta-SML.jpg?resize=300%2C169&amp;ssl=1 300w, https:\/\/i0.wp.com\/eltrabajo.cl\/portal\/wp-content\/uploads\/2020\/09\/camioneta-SML.jpg?resize=200%2C113&amp;ssl=1 200w\" sizes=\"auto, (max-width: 579px) 100vw, 579px\" \/><figcaption id=\"caption-attachment-102824\" class=\"wp-caption-text\">Camioneta del SML en donde fue trasladada la mujer fallecida para la respectiva autopsia.<\/figcaption><\/figure>\n","protected":false},"excerpt":{"rendered":"<p>V\u00edctima de 64 a\u00f1os de edad hab\u00eda llegado minutos antes junto a su pareja. Una mujer de 64 a\u00f1os de edad, que concurri\u00f3 con su pareja a un motel en Calle Larga,&#8230;<\/p>\n","protected":false},"author":482,"featured_media":102824,"comment_status":"closed","ping_status":"open","sticky":false,"template":"","format":"standard","meta":{"advanced_seo_description":"","jetpack_seo_html_title":"","jetpack_seo_noindex":false,"_jetpack_memberships_contains_paid_content":false,"footnotes":""},"categories":[21],"tags":[],"class_list":["post-102823","post","type-post","status-publish","format-standard","has-post-thumbnail","hentry","category-policial"],"jetpack_featured_media_url":"https:\/\/i0.wp.com\/eltrabajo.cl\/portal\/wp-content\/uploads\/2020\/09\/camioneta-SML.jpg?fit=579%2C326&ssl=1","jetpack_sharing_enabled":true,"jetpack_likes_enabled":true,"jetpack-related-posts":[],"_links":{"self":[{"href":"https:\/\/eltrabajo.cl\/portal\/wp-json\/wp\/v2\/posts\/102823","targetHints":{"allow":["GET"]}}],"collection":[{"href":"https:\/\/eltrabajo.cl\/portal\/wp-json\/wp\/v2\/posts"}],"about":[{"href":"https:\/\/eltrabajo.cl\/portal\/wp-json\/wp\/v2\/types\/post"}],"author":[{"embeddable":true,"href":"https:\/\/eltrabajo.cl\/portal\/wp-json\/wp\/v2\/users\/482"}],"replies":[{"embeddable":true,"href":"https:\/\/eltrabajo.cl\/portal\/wp-json\/wp\/v2\/comments?post=102823"}],"version-history":[{"count":0,"href":"https:\/\/eltrabajo.cl\/portal\/wp-json\/wp\/v2\/posts\/102823\/revisions"}],"wp:featuredmedia":[{"embeddable":true,"href":"https:\/\/eltrabajo.cl\/portal\/wp-json\/wp\/v2\/media\/102824"}],"wp:attachment":[{"href":"https:\/\/eltrabajo.cl\/portal\/wp-json\/wp\/v2\/media?parent=102823"}],"wp:term":[{"taxonomy":"category","embeddable":true,"href":"https:\/\/eltrabajo.cl\/portal\/wp-json\/wp\/v2\/categories?post=102823"},{"taxonomy":"post_tag","embeddable":true,"href":"https:\/\/eltrabajo.cl\/portal\/wp-json\/wp\/v2\/tags?post=102823"}],"curies":[{"name":"wp","href":"https:\/\/api.w.org\/{rel}","templated":true}]}}