{"id":102826,"date":"2020-09-16T20:49:34","date_gmt":"2020-09-16T23:49:34","guid":{"rendered":"https:\/\/www.eltrabajo.cl\/portal\/?p=102826"},"modified":"2020-09-16T20:49:34","modified_gmt":"2020-09-16T23:49:34","slug":"municipio-habilito-vias-para-el-desplazamiento-peatonal-en-el-centro","status":"publish","type":"post","link":"https:\/\/eltrabajo.cl\/portal\/municipio-habilito-vias-para-el-desplazamiento-peatonal-en-el-centro\/","title":{"rendered":"Municipio habilit\u00f3 v\u00edas para el desplazamiento peatonal en el centro"},"content":{"rendered":"<ul style=\"text-align: justify;\">\n<li style=\"text-align: left;\"><strong>El objetivo es descongestionar las veredas y crear zonas de espera, que permitan mantener la distancia social entre las personas.<\/strong><\/li>\n<\/ul>\n<p style=\"text-align: justify;\">La Municipalidad de San Felipe inici\u00f3 el Plan de Educaci\u00f3n de Desplazamiento Peatonal en el centro de la comuna, medida que busca generar m\u00e1s espacio para el tr\u00e1nsito de las personas y facilitar zonas de espera, esto con apoyo de personal municipal para guiar en el correcto uso del espacio.<\/p>\n<p style=\"text-align: justify;\">Para esto se est\u00e1 realizando una demarcaci\u00f3n especial de las calles que indique el \u00e1rea que se habilit\u00f3 para que las vecinas y vecinos circulen, aprovechando la ampliaci\u00f3n de veredas y as\u00ed liberar \u00e1reas que permitan instalar filas o zonas de espera en las afueras de los distintos comercios.<\/p>\n<p style=\"text-align: justify;\">El objetivo de la medida es que exista el espacio suficiente para mantener la distancia social entre las personas y, por esta v\u00eda, disminuir las posibilidades de contagio por Covid-19.<\/p>\n<p style=\"text-align: justify;\">El alcalde (s) <strong>Claudio Paredes<\/strong> indic\u00f3 que la medida busca evitar los atochamientos que se generan en las veredas, las que son bastante estrechas, <em>\u00abraz\u00f3n que nos llev\u00f3 a crear este delineamiento por la calle y que signific\u00f3 eliminar los estacionamientos.<\/em><\/p>\n<p style=\"text-align: justify;\">\u00ab<em>El llamado a la comunidad es a hacer buen uso de este espacio, de esta nueva forma de desplazarse por la ciudad, y que se complementa con el cierre de diferentes calles para facilitar la circulaci\u00f3n\u00bb,<\/em> coment\u00f3.<\/p>\n<p style=\"text-align: justify;\">La opini\u00f3n de las personas, en general, es que permite no estar tan juntos, haciendo posible mantener la distancia, esperando que exista conciencia sobre el uso correcto de esta soluci\u00f3n.<\/p>\n<figure id=\"attachment_102828\" aria-describedby=\"caption-attachment-102828\" style=\"width: 578px\" class=\"wp-caption alignnone\"><img data-recalc-dims=\"1\" loading=\"lazy\" decoding=\"async\" class=\"size-full wp-image-102828\" src=\"https:\/\/i0.wp.com\/eltrabajo.cl\/portal\/wp-content\/uploads\/2020\/09\/Plan-Calle-2.jpg?resize=578%2C387&#038;ssl=1\" alt=\"El alcalde (s) Claudio Paredes junto a funcionarios municipales encargados de guiar a las personas en el correcto uso del espacio.\" width=\"578\" height=\"387\" srcset=\"https:\/\/i0.wp.com\/eltrabajo.cl\/portal\/wp-content\/uploads\/2020\/09\/Plan-Calle-2.jpg?w=578&amp;ssl=1 578w, https:\/\/i0.wp.com\/eltrabajo.cl\/portal\/wp-content\/uploads\/2020\/09\/Plan-Calle-2.jpg?resize=300%2C201&amp;ssl=1 300w, https:\/\/i0.wp.com\/eltrabajo.cl\/portal\/wp-content\/uploads\/2020\/09\/Plan-Calle-2.jpg?resize=200%2C134&amp;ssl=1 200w\" sizes=\"auto, (max-width: 578px) 100vw, 578px\" \/><figcaption id=\"caption-attachment-102828\" class=\"wp-caption-text\">El alcalde (s) Claudio Paredes junto a funcionarios municipales encargados de guiar a las personas en el correcto uso del espacio.<\/figcaption><\/figure>\n<figure id=\"attachment_102827\" aria-describedby=\"caption-attachment-102827\" style=\"width: 579px\" class=\"wp-caption alignnone\"><img data-recalc-dims=\"1\" loading=\"lazy\" decoding=\"async\" class=\"size-full wp-image-102827\" src=\"https:\/\/i0.wp.com\/eltrabajo.cl\/portal\/wp-content\/uploads\/2020\/09\/Plan-Calle-1.jpg?resize=579%2C330&#038;ssl=1\" alt=\"La Municipalidad de San Felipe est\u00e1 realizando una demarcaci\u00f3n especial de las calles para permitir a los transe\u00fantes desplazarse con mayor seguridad, aumentando el espacio disponible para peatones.\" width=\"579\" height=\"330\" srcset=\"https:\/\/i0.wp.com\/eltrabajo.cl\/portal\/wp-content\/uploads\/2020\/09\/Plan-Calle-1.jpg?w=579&amp;ssl=1 579w, https:\/\/i0.wp.com\/eltrabajo.cl\/portal\/wp-content\/uploads\/2020\/09\/Plan-Calle-1.jpg?resize=300%2C171&amp;ssl=1 300w, https:\/\/i0.wp.com\/eltrabajo.cl\/portal\/wp-content\/uploads\/2020\/09\/Plan-Calle-1.jpg?resize=200%2C114&amp;ssl=1 200w\" sizes=\"auto, (max-width: 579px) 100vw, 579px\" \/><figcaption id=\"caption-attachment-102827\" class=\"wp-caption-text\">La Municipalidad de San Felipe est\u00e1 realizando una demarcaci\u00f3n especial de las calles para permitir a los transe\u00fantes desplazarse con mayor seguridad, aumentando el espacio disponible para peatones.<\/figcaption><\/figure>\n","protected":false},"excerpt":{"rendered":"<p>El objetivo es descongestionar las veredas y crear zonas de espera, que permitan mantener la distancia social entre las personas. La Municipalidad de San Felipe inici\u00f3 el Plan de Educaci\u00f3n de Desplazamiento&#8230;<\/p>\n","protected":false},"author":482,"featured_media":102827,"comment_status":"closed","ping_status":"open","sticky":false,"template":"","format":"standard","meta":{"advanced_seo_description":"","jetpack_seo_html_title":"","jetpack_seo_noindex":false,"_jetpack_memberships_contains_paid_content":false,"footnotes":""},"categories":[105,103],"tags":[],"class_list":["post-102826","post","type-post","status-publish","format-standard","has-post-thumbnail","hentry","category-covid-19","category-cronica-2"],"jetpack_featured_media_url":"https:\/\/i0.wp.com\/eltrabajo.cl\/portal\/wp-content\/uploads\/2020\/09\/Plan-Calle-1.jpg?fit=579%2C330&ssl=1","jetpack_sharing_enabled":true,"jetpack_likes_enabled":true,"jetpack-related-posts":[],"_links":{"self":[{"href":"https:\/\/eltrabajo.cl\/portal\/wp-json\/wp\/v2\/posts\/102826","targetHints":{"allow":["GET"]}}],"collection":[{"href":"https:\/\/eltrabajo.cl\/portal\/wp-json\/wp\/v2\/posts"}],"about":[{"href":"https:\/\/eltrabajo.cl\/portal\/wp-json\/wp\/v2\/types\/post"}],"author":[{"embeddable":true,"href":"https:\/\/eltrabajo.cl\/portal\/wp-json\/wp\/v2\/users\/482"}],"replies":[{"embeddable":true,"href":"https:\/\/eltrabajo.cl\/portal\/wp-json\/wp\/v2\/comments?post=102826"}],"version-history":[{"count":0,"href":"https:\/\/eltrabajo.cl\/portal\/wp-json\/wp\/v2\/posts\/102826\/revisions"}],"wp:featuredmedia":[{"embeddable":true,"href":"https:\/\/eltrabajo.cl\/portal\/wp-json\/wp\/v2\/media\/102827"}],"wp:attachment":[{"href":"https:\/\/eltrabajo.cl\/portal\/wp-json\/wp\/v2\/media?parent=102826"}],"wp:term":[{"taxonomy":"category","embeddable":true,"href":"https:\/\/eltrabajo.cl\/portal\/wp-json\/wp\/v2\/categories?post=102826"},{"taxonomy":"post_tag","embeddable":true,"href":"https:\/\/eltrabajo.cl\/portal\/wp-json\/wp\/v2\/tags?post=102826"}],"curies":[{"name":"wp","href":"https:\/\/api.w.org\/{rel}","templated":true}]}}