{"id":102830,"date":"2020-09-17T07:40:12","date_gmt":"2020-09-17T10:40:12","guid":{"rendered":"https:\/\/www.eltrabajo.cl\/portal\/?p=102830"},"modified":"2020-09-16T20:52:36","modified_gmt":"2020-09-16T23:52:36","slug":"el-uni-uni-obligado-a-ganar-al-puntero-para-comenzar-a-despejar-dudas","status":"publish","type":"post","link":"https:\/\/eltrabajo.cl\/portal\/el-uni-uni-obligado-a-ganar-al-puntero-para-comenzar-a-despejar-dudas\/","title":{"rendered":"El Un\u00ed Un\u00ed obligado a ganar al puntero para comenzar a despejar dudas"},"content":{"rendered":"<ul style=\"text-align: justify;\">\n<li style=\"text-align: left;\"><strong>A partir de las cuatro de la tarde en Quillota.<\/strong><\/li>\n<\/ul>\n<p style=\"text-align: justify;\">Con la imperiosa necesidad de ganar para evitar que el l\u00edder tempranamente comience a sacar una ventaja irremontable, Uni\u00f3n San Felipe deber\u00e1 afrontar su partido de esta tarde frente a \u00d1ublense de Chill\u00e1n.<\/p>\n<p style=\"text-align: justify;\">El pleito que tendr\u00e1 lugar en el estadio Lucio Fari\u00f1a Fern\u00e1ndez de Quillota ser\u00e1 a todas luces muy importante, a ra\u00edz que los sanfelipe\u00f1os est\u00e1n obligados a despejar dudas en su funcionamiento que se ha visto muy deslucido en los \u00faltimos dos encuentros, donde solo ha podido rescatar un punto de seis posibles.<\/p>\n<p style=\"text-align: justify;\"><strong>Gonzalo Villegas<\/strong>, uno de los jugadores m\u00e1s experimentados del actual plantel albirrojo, dej\u00f3 en claro que se hace imperioso que cada integrante del equipo \u2018ponga un poco m\u00e1s\u2019, ya que de lo contrario los buenos resultados no llegar\u00e1n.\u00a0 <em>\u00abTodos entendemos que cada uno de nosotros puede y debe dar un poco m\u00e1s, y por lo que veo, siento que mis compa\u00f1eros piensan lo mismo\u00bb,<\/em> dijo el zaguero central.<\/p>\n<p style=\"text-align: justify;\">Respecto al juego de hoy y el futuro del conjunto, Villegas remat\u00f3: <em>\u00abEstamos tranquilos y solo esperando revertir la situaci\u00f3n por la que pasamos; sabemos que somos fuertes, pero no nos han salido las cosas como esper\u00e1bamos. Esto reci\u00e9n comienza, as\u00ed que no nos queda otra cosa que centrarnos en revertir todo esto\u00bb.<\/em><\/p>\n<p style=\"text-align: justify;\"><strong>Programaci\u00f3n de la Fecha 9\u00aa<\/strong><\/p>\n<p style=\"text-align: justify;\">Jueves 17 de septiembre<\/p>\n<p style=\"text-align: justify;\">13:30 horas: Valdivia \u2013 San Luis<\/p>\n<p style=\"text-align: justify;\">13:30 horas: Rangers \u2013 Barnechea<\/p>\n<p style=\"text-align: justify;\">16:00 horas: Uni\u00f3n San Felipe \u2013 \u00d1ublense<\/p>\n<p style=\"text-align: justify;\">16:00 horas: Copiap\u00f3 \u2013 Magallanes<\/p>\n<p style=\"text-align: justify;\">Domingo 20 septiembre<\/p>\n<p style=\"text-align: justify;\">13:30 horas: Santa Cruz \u2013 Temuco<\/p>\n<p style=\"text-align: justify;\">Libre: Puerto Montt<\/p>\n<p style=\"text-align: justify;\">Ayer se jugaron los cotejos: Melipilla \u2013 Cobreloa; Santiago Morning \u2013 San Marcos<\/p>\n<figure id=\"attachment_102831\" aria-describedby=\"caption-attachment-102831\" style=\"width: 579px\" class=\"wp-caption alignnone\"><img data-recalc-dims=\"1\" loading=\"lazy\" decoding=\"async\" class=\"size-full wp-image-102831\" src=\"https:\/\/i0.wp.com\/eltrabajo.cl\/portal\/wp-content\/uploads\/2020\/09\/uni-uni-3.jpg?resize=579%2C386&#038;ssl=1\" alt=\"A los albirrojos solo le queda vencer a \u00d1ublense para no perderles pisada.\" width=\"579\" height=\"386\" srcset=\"https:\/\/i0.wp.com\/eltrabajo.cl\/portal\/wp-content\/uploads\/2020\/09\/uni-uni-3.jpg?w=579&amp;ssl=1 579w, https:\/\/i0.wp.com\/eltrabajo.cl\/portal\/wp-content\/uploads\/2020\/09\/uni-uni-3.jpg?resize=300%2C200&amp;ssl=1 300w, https:\/\/i0.wp.com\/eltrabajo.cl\/portal\/wp-content\/uploads\/2020\/09\/uni-uni-3.jpg?resize=200%2C133&amp;ssl=1 200w\" sizes=\"auto, (max-width: 579px) 100vw, 579px\" \/><figcaption id=\"caption-attachment-102831\" class=\"wp-caption-text\">A los albirrojos solo le queda vencer a \u00d1ublense para no perderles pisada.<br \/>Accion en disputa del balon, durante el partido valido por el Campeonato Nacional de Primera B 2020, entre Puerto Montt y Union San Felipe, disputado en el Estadio Bicentenario Chinquihue.<br \/>FOTO: FELIPE CONSTANZO\/AGENCIAUNO<\/figcaption><\/figure>\n","protected":false},"excerpt":{"rendered":"<p>A partir de las cuatro de la tarde en Quillota. Con la imperiosa necesidad de ganar para evitar que el l\u00edder tempranamente comience a sacar una ventaja irremontable, Uni\u00f3n San Felipe deber\u00e1&#8230;<\/p>\n","protected":false},"author":482,"featured_media":102831,"comment_status":"closed","ping_status":"open","sticky":false,"template":"","format":"standard","meta":{"advanced_seo_description":"","jetpack_seo_html_title":"","jetpack_seo_noindex":false,"_jetpack_memberships_contains_paid_content":false,"footnotes":""},"categories":[19],"tags":[],"class_list":["post-102830","post","type-post","status-publish","format-standard","has-post-thumbnail","hentry","category-deportes"],"jetpack_featured_media_url":"https:\/\/i0.wp.com\/eltrabajo.cl\/portal\/wp-content\/uploads\/2020\/09\/uni-uni-3.jpg?fit=579%2C386&ssl=1","jetpack_sharing_enabled":true,"jetpack_likes_enabled":true,"jetpack-related-posts":[],"_links":{"self":[{"href":"https:\/\/eltrabajo.cl\/portal\/wp-json\/wp\/v2\/posts\/102830","targetHints":{"allow":["GET"]}}],"collection":[{"href":"https:\/\/eltrabajo.cl\/portal\/wp-json\/wp\/v2\/posts"}],"about":[{"href":"https:\/\/eltrabajo.cl\/portal\/wp-json\/wp\/v2\/types\/post"}],"author":[{"embeddable":true,"href":"https:\/\/eltrabajo.cl\/portal\/wp-json\/wp\/v2\/users\/482"}],"replies":[{"embeddable":true,"href":"https:\/\/eltrabajo.cl\/portal\/wp-json\/wp\/v2\/comments?post=102830"}],"version-history":[{"count":0,"href":"https:\/\/eltrabajo.cl\/portal\/wp-json\/wp\/v2\/posts\/102830\/revisions"}],"wp:featuredmedia":[{"embeddable":true,"href":"https:\/\/eltrabajo.cl\/portal\/wp-json\/wp\/v2\/media\/102831"}],"wp:attachment":[{"href":"https:\/\/eltrabajo.cl\/portal\/wp-json\/wp\/v2\/media?parent=102830"}],"wp:term":[{"taxonomy":"category","embeddable":true,"href":"https:\/\/eltrabajo.cl\/portal\/wp-json\/wp\/v2\/categories?post=102830"},{"taxonomy":"post_tag","embeddable":true,"href":"https:\/\/eltrabajo.cl\/portal\/wp-json\/wp\/v2\/tags?post=102830"}],"curies":[{"name":"wp","href":"https:\/\/api.w.org\/{rel}","templated":true}]}}