{"id":102837,"date":"2020-09-17T07:50:59","date_gmt":"2020-09-17T10:50:59","guid":{"rendered":"https:\/\/www.eltrabajo.cl\/portal\/?p=102837"},"modified":"2020-09-16T20:58:09","modified_gmt":"2020-09-16T23:58:09","slug":"dueno-de-casa-destruida-por-fuego-reclama-alto-costo-de-medidor-electrico","status":"publish","type":"post","link":"https:\/\/eltrabajo.cl\/portal\/dueno-de-casa-destruida-por-fuego-reclama-alto-costo-de-medidor-electrico\/","title":{"rendered":"Due\u00f1o de casa destruida por fuego reclama alto costo de medidor el\u00e9ctrico"},"content":{"rendered":"<p style=\"text-align: left;\"><span style=\"color: #c80000;\"><strong>Incendio en pasaje Eucaliptus Villa 250 A\u00f1os:<\/strong><\/span><\/p>\n<p style=\"text-align: justify;\">Dice que se acuerda de aquel d\u00eda jueves en la noche, mientras estaba trabajando en el Complejo deportivo de Uni\u00f3n San Felipe, cuando recibi\u00f3 una llamada de su hijo inform\u00e1ndole que su casa estaba incendi\u00e1ndose.<\/p>\n<p style=\"text-align: justify;\">La casa se encontraba ubicada en el pasaje Eucaliptus n\u00famero 1132 de la Villa 250 A\u00f1os.<\/p>\n<p style=\"text-align: justify;\">Nos lo encontramos en la calle camino a las oficinas de Chilquinta para clarificar una situaci\u00f3n relacionada con el cobro de 700 mil pesos para poder instalar energ\u00eda el\u00e9ctrica nuevamente.<\/p>\n<p style=\"text-align: justify;\">Nos dice que desde el s\u00e1bado ha estado trabajando para volver a armar su casa, <em>\u00abcon mi vecino, mi hijo y yo nom\u00e1s porque hay gente que pide muy caro por reparar las casas, si es para pararla nom\u00e1s, no es un chalet o un departamento, es una casa com\u00fan\u00bb,<\/em> se\u00f1ala <strong>Carlos Cortez<\/strong>.<\/p>\n<p style=\"text-align: justify;\">Aprovech\u00f3 para agradecer a la municipalidad de San Felipe que lo ayud\u00f3 con madera, electricidad, el techo, <em>\u00ablatas, clavos, todo eso me ha dado la municipalidad, vengo aqu\u00ed a Chilquinta porque me dijo la presidenta de la junta de vecinos, la se\u00f1ora Iv\u00f3n, que cobraban siete \u2018gambas\u2019 (700 mil pesos) por el medidor\u2026 Estoy pagando siete \u2018gambas\u2019 por un medidor que no lo quem\u00e9, lo quem\u00f3 la gente de al lado, yo no lo quem\u00e9, y eso me pas\u00f3 por est\u00fapido, todos los hijos que tengo\u2026 los cuatro hijos me han retado, pa\u2019 qu\u00e9 das agua\u2026 pa\u2019 qu\u00e9 das luz, por ser buen vecino le estaba pasando agua al caballero y luz, con ese incendio en mi casa me pag\u00f3 todo\u00bb,<\/em> se\u00f1al\u00f3 Carlos.<\/p>\n<p style=\"text-align: justify;\">&#8211; <strong>\u00bfC\u00f3mo est\u00e1n ustedes ahora, en pie un poquito o no?<\/strong><\/p>\n<p style=\"text-align: justify;\">&#8211; S\u00ed estamos armando la casa del s\u00e1bado\u2026 estamos con el vecino, ni el s\u00e1bado ni el domingo fui a trabajar al complejo de Uni\u00f3n San Felipe, me tuve que quedar en la casa a ayudar al vecino, a ayudarle a trabajar a las seis de la tarde, a seguir trabajando\u2026 pararla luego, Dios no permita que ojala no suceda lo mismo que no voy a pasarle luz, ah\u00ed llegan puros que fuman pitos.<\/p>\n<p style=\"text-align: justify;\">&#8211; <strong>\u00bfCarlos, sabe usted la causa del incendio?<\/strong><\/p>\n<p style=\"text-align: justify;\">&#8211; No, todav\u00eda no me entero de c\u00f3mo fue el incendio\u2026 todos me echan la culpa a m\u00ed, que mi hija quem\u00f3 la casa, mentira porque mi hija estaba durmiendo.<\/p>\n<p style=\"text-align: justify;\">&#8211; <strong>Pero dec\u00edan que hab\u00eda sido un recalentamiento del sistema el\u00e9ctrico al lado.<\/strong><\/p>\n<p style=\"text-align: justify;\">&#8211; No s\u00e9 porque como le digo, yo estaba trabajando en el complejo de Uni\u00f3n San Felipe, me llam\u00f3 mi hijo <strong>Joaqu\u00edn<\/strong> y \u00e9l me <em>dijo \u00abpap\u00e1 se est\u00e1 quemando la casa del T\u00edo Richard y entremedio del techo viene el fuego para la casa de nosotros<\/em>\u00bb.<\/p>\n<p style=\"text-align: justify;\">&#8211; <strong>\u00bfQu\u00e9 se necesita?<\/strong><\/p>\n<p style=\"text-align: justify;\">&#8211; Medidor, quiero conseguirme un medidor barato, c\u00f3mo 700 \u2018lucas\u2019 si gano 200 \u2018lucas\u2019 en el Complejo de San Felipe, no tengo de d\u00f3nde sacarlo. Y eso nom\u00e1s, me dec\u00edan que con el 10% ten\u00eda que comprarlo, pero no es culpa m\u00eda, fue la gente de al lado, no m\u00eda, si hubiese sido m\u00eda lo compro al tiro, pero no es culpa m\u00eda.<\/p>\n<p style=\"text-align: justify;\">&#8211; <strong>\u00bfSetecientos mil pesos el medidor o la instalaci\u00f3n completa?<\/strong><\/p>\n<p style=\"text-align: justify;\">&#8211; No s\u00e9, la vecina me dijo que el medidor, siete \u2018gambas\u2019 comprar el medidor de la luz me dijo: <em>\u00abSi no es de oro, \u00bfc\u00f3mo va a valer esa plata?; bueno vecino, vaya a conversar con Chilquinta\u00bb,<\/em> y para all\u00e1 voy.<\/p>\n<p style=\"text-align: justify;\">Importante se\u00f1alar que el incendio que destruy\u00f3 la casa de Carlos Cortez se produjo el d\u00eda jueves 20 de agosto de este a\u00f1o en horas de la noche.<\/p>\n<figure id=\"attachment_102840\" aria-describedby=\"caption-attachment-102840\" style=\"width: 579px\" class=\"wp-caption alignnone\"><img data-recalc-dims=\"1\" loading=\"lazy\" decoding=\"async\" class=\"size-full wp-image-102840\" src=\"https:\/\/i0.wp.com\/eltrabajo.cl\/portal\/wp-content\/uploads\/2020\/09\/Carlos-Cortez.jpg?resize=579%2C378&#038;ssl=1\" alt=\"Carlos Cortez en su bicicleta camino a Chilquinta a resolver el problema que tiene con el valor de medidor.\" width=\"579\" height=\"378\" srcset=\"https:\/\/i0.wp.com\/eltrabajo.cl\/portal\/wp-content\/uploads\/2020\/09\/Carlos-Cortez.jpg?w=579&amp;ssl=1 579w, https:\/\/i0.wp.com\/eltrabajo.cl\/portal\/wp-content\/uploads\/2020\/09\/Carlos-Cortez.jpg?resize=300%2C196&amp;ssl=1 300w, https:\/\/i0.wp.com\/eltrabajo.cl\/portal\/wp-content\/uploads\/2020\/09\/Carlos-Cortez.jpg?resize=200%2C131&amp;ssl=1 200w\" sizes=\"auto, (max-width: 579px) 100vw, 579px\" \/><figcaption id=\"caption-attachment-102840\" class=\"wp-caption-text\">Carlos Cortez en su bicicleta camino a Chilquinta a resolver el problema que tiene con el valor de medidor.<\/figcaption><\/figure>\n","protected":false},"excerpt":{"rendered":"<p>Incendio en pasaje Eucaliptus Villa 250 A\u00f1os: Dice que se acuerda de aquel d\u00eda jueves en la noche, mientras estaba trabajando en el Complejo deportivo de Uni\u00f3n San Felipe, cuando recibi\u00f3 una&#8230;<\/p>\n","protected":false},"author":482,"featured_media":102840,"comment_status":"closed","ping_status":"open","sticky":false,"template":"","format":"standard","meta":{"advanced_seo_description":"","jetpack_seo_html_title":"","jetpack_seo_noindex":false,"_jetpack_memberships_contains_paid_content":false,"footnotes":""},"categories":[15],"tags":[],"class_list":["post-102837","post","type-post","status-publish","format-standard","has-post-thumbnail","hentry","category-comunidad"],"jetpack_featured_media_url":"https:\/\/i0.wp.com\/eltrabajo.cl\/portal\/wp-content\/uploads\/2020\/09\/Carlos-Cortez.jpg?fit=579%2C378&ssl=1","jetpack_sharing_enabled":true,"jetpack_likes_enabled":true,"jetpack-related-posts":[],"_links":{"self":[{"href":"https:\/\/eltrabajo.cl\/portal\/wp-json\/wp\/v2\/posts\/102837","targetHints":{"allow":["GET"]}}],"collection":[{"href":"https:\/\/eltrabajo.cl\/portal\/wp-json\/wp\/v2\/posts"}],"about":[{"href":"https:\/\/eltrabajo.cl\/portal\/wp-json\/wp\/v2\/types\/post"}],"author":[{"embeddable":true,"href":"https:\/\/eltrabajo.cl\/portal\/wp-json\/wp\/v2\/users\/482"}],"replies":[{"embeddable":true,"href":"https:\/\/eltrabajo.cl\/portal\/wp-json\/wp\/v2\/comments?post=102837"}],"version-history":[{"count":0,"href":"https:\/\/eltrabajo.cl\/portal\/wp-json\/wp\/v2\/posts\/102837\/revisions"}],"wp:featuredmedia":[{"embeddable":true,"href":"https:\/\/eltrabajo.cl\/portal\/wp-json\/wp\/v2\/media\/102840"}],"wp:attachment":[{"href":"https:\/\/eltrabajo.cl\/portal\/wp-json\/wp\/v2\/media?parent=102837"}],"wp:term":[{"taxonomy":"category","embeddable":true,"href":"https:\/\/eltrabajo.cl\/portal\/wp-json\/wp\/v2\/categories?post=102837"},{"taxonomy":"post_tag","embeddable":true,"href":"https:\/\/eltrabajo.cl\/portal\/wp-json\/wp\/v2\/tags?post=102837"}],"curies":[{"name":"wp","href":"https:\/\/api.w.org\/{rel}","templated":true}]}}