{"id":102862,"date":"2020-09-21T07:40:08","date_gmt":"2020-09-21T10:40:08","guid":{"rendered":"https:\/\/www.eltrabajo.cl\/portal\/?p=102862"},"modified":"2020-09-20T23:35:25","modified_gmt":"2020-09-21T02:35:25","slug":"pese-a-tirar-toda-la-carne-a-la-parrilla-el-uni-uni-no-pudo-superar-al-nublense","status":"publish","type":"post","link":"https:\/\/eltrabajo.cl\/portal\/pese-a-tirar-toda-la-carne-a-la-parrilla-el-uni-uni-no-pudo-superar-al-nublense\/","title":{"rendered":"Pese a \u2018tirar toda la carne a la parrilla\u2019 el Un\u00ed Un\u00ed no pudo superar al \u00d1ublense"},"content":{"rendered":"<p style=\"text-align: justify;\">En un partido donde a base de mucha intensidad en la marca y un gran ritmo oblig\u00f3 a \u00d1ublense a refugiarse en su propio campo, Uni\u00f3n San Felipe debi\u00f3 conformarse con una escu\u00e1lida igualdad en blanco que poco y nada le sirve para sus afanes de convertirse en protagonista del torneo de la Primera Divisi\u00f3n B.<\/p>\n<p style=\"text-align: justify;\">La escuadra albirroja tuvo unos primeros 20 minutos impecables, gracias al gran trabajo que desplegaron sus volantes centrales: <strong>Leandro Fioravanti<\/strong> y <strong>Tom\u00e1s Lanzini<\/strong>. A estos medios se sumaron los externos <strong>Jimmy Cisterna<\/strong> y <strong>Pablo Vergara<\/strong>, quienes lograron conectarse de manera fluida con <strong>Gonzalo \u00c1lvarez<\/strong>.<\/p>\n<p style=\"text-align: justify;\">Durante ese lapso los de Dur\u00e1n dispusieron de dos inmejorables ocasiones de gol, pero tanto Jimmy Cisterna y Pablo Vergara no estuvieron los suficientemente finos a la hora de liquidar dichas oportunidades que fueron a parar a los postes.<\/p>\n<p style=\"text-align: justify;\">\u00d1ublense tard\u00f3 un poco en dar con el tono para lograr controlar el vendaval albirrojo, y cuando lo hizo comenzaron a aparecer, qued\u00f3 expuesto el gran d\u00e9ficit que muestra en la actualidad el Un\u00ed Un\u00ed, que no es otra cosa que la carencia de un fondo futbol\u00edstico que le permita ser un conjunto que sepa regular y controlar el juego, porque en el f\u00fatbol cuando se quiere luchar por cosas importantes, el asunto no se reduce a solo correr e ir hacia adelante.<\/p>\n<p style=\"text-align: justify;\">Con dos equipos muy claros en su manera de actuar la primera fracci\u00f3n se fue sin mayores novedades, porque por un lado los sanfelipe\u00f1os con pocas ideas intentaban hacer da\u00f1o, mientras que por el otro los chillanejos s\u00f3lo se dedicaban a ralentizar para dejar que el reloj corriera.<\/p>\n<p style=\"text-align: justify;\">Casi de inmediato al momento de reiniciarse las acciones volvi\u00f3 a quedar claro que Uni\u00f3n San Felipe buscar\u00eda romper el cero con acciones individuales, m\u00e1s que colectivas. En el 53\u2019 Jimmy Cisterna se meti\u00f3 en el \u00e1rea rival siendo objeto de tonta infracci\u00f3n que el juez <strong>Francisco Gilabert<\/strong> no dud\u00f3 en sancionarla con la pena m\u00e1xima.<\/p>\n<p style=\"text-align: justify;\"><strong>Lautaro Palacios<\/strong> fue el encargado de ponerse frente al buen arquero <strong>Rodrigo Odriozola<\/strong>, pero el tiro del artillero trasandino fue demasiado blando y s\u00f3lo permiti\u00f3 el lucimiento del cuidatubos que adem\u00e1s se dio el gusto de hacer una doble intervenci\u00f3n, porque su rebote fue a dar los botines de Cisterna, quien tampoco supo definir de manera correcta.<\/p>\n<p style=\"text-align: justify;\">El penal perdido, sumado a la p\u00e9rdida de confianza producto de los pocos balones que le llegaban, provoc\u00f3 que Palacios literalmente desapareciera del campo de juego, por lo que el entrenador mand\u00f3 en su reemplazo a <strong>Julio Castro<\/strong>, quien con muchas ganas logr\u00f3 entrar en la din\u00e1mica o idea ofensiva que se busca en este conjunto. Fue precisamente \u2018El Comandante\u2019 el que pudo haber cambiado la historia del compromiso jugado en el c\u00e9sped sint\u00e9tico del <strong>Lucio Fari\u00f1a Fern\u00e1ndez<\/strong> de Quillota, pero un cabezazo suyo en el minuto 70 fue tapado de manera excepcional por el meta de los sure\u00f1os, y en la otra a s\u00f3lo 120 segundos del final le sacaron un remate en la raya.<\/p>\n<p style=\"text-align: justify;\">A instantes que el juez pusiera el fin del pleito, Odriozola volvi\u00f3 a confirmar que estaba en su tarde al sacarle un cabezazo al defensor <strong>V\u00edctor Morales<\/strong>, en lo que fue el \u00faltimo intento unionista por quedarse con una victoria que nunca lleg\u00f3, por m\u00e1s que haya hecho m\u00e9ritos para qued\u00e1rsela, pero en el f\u00fatbol la justicia no existe y s\u00f3lo se gana con goles, que siempre son amores y no buenas razones. Por algo ya son tres los partidos en que los de Dur\u00e1n no saben de triunfos.<\/p>\n<p style=\"text-align: justify;\"><strong>Ficha T\u00e9cnica<\/strong><\/p>\n<p style=\"text-align: justify;\">Fecha 9\u00ba Torneo Primera B.<\/p>\n<p style=\"text-align: justify;\">Estadio Lucio Fari\u00f1a de Quillota.<\/p>\n<p style=\"text-align: justify;\">\u00c1rbitro: Francisco Gilabert.<\/p>\n<p style=\"text-align: justify;\">Uni\u00f3n San Felipe (0): Andr\u00e9s Fern\u00e1ndez; Francisco Salinas (Mat\u00edas Torres), Jes\u00fas Pino, V\u00edctor Morales, Gonzalo Villegas; Leandro Fioravanti, Tom\u00e1s Lanzini, Jimmy Cisterna (Alejandro Azocar), Gonzalo \u00c1lvarez, Pablo Vergara (Matt Lagos); Lautaro Palacios. DT: Erwin Dur\u00e1n.<\/p>\n<p style=\"text-align: justify;\">\u00d1ublense (0): Rodrigo Odriozola; Nozomi Kimura, Jorge Ampuero, Nicol\u00e1s Vargas, Jos\u00e9 Navarrete; Federico Mateos (Bustamante), Jorge Orellana, Luis Valenzuela (Rozas), Sebasti\u00e1n P\u00e9rez, Oscar Ortega (Brice\u00f1o), David Escalante. DT: Jaime Garc\u00eda. Goles: No hubo.<\/p>\n<p style=\"text-align: justify;\">Expulsado: Leandro Fioravanti (USF).<\/p>\n<figure id=\"attachment_102863\" aria-describedby=\"caption-attachment-102863\" style=\"width: 579px\" class=\"wp-caption alignnone\"><img data-recalc-dims=\"1\" loading=\"lazy\" decoding=\"async\" class=\"size-full wp-image-102863\" src=\"https:\/\/i0.wp.com\/eltrabajo.cl\/portal\/wp-content\/uploads\/2020\/09\/usf-nublense.jpg?resize=579%2C344&#038;ssl=1\" alt=\"Tom\u00e1s Lanzini intenta frenar el avance de un jugador de \u00d1ublense. (Foto: Felipe Venegas\/\u00d1ublense) \" width=\"579\" height=\"344\" srcset=\"https:\/\/i0.wp.com\/eltrabajo.cl\/portal\/wp-content\/uploads\/2020\/09\/usf-nublense.jpg?w=579&amp;ssl=1 579w, https:\/\/i0.wp.com\/eltrabajo.cl\/portal\/wp-content\/uploads\/2020\/09\/usf-nublense.jpg?resize=300%2C178&amp;ssl=1 300w, https:\/\/i0.wp.com\/eltrabajo.cl\/portal\/wp-content\/uploads\/2020\/09\/usf-nublense.jpg?resize=200%2C119&amp;ssl=1 200w\" sizes=\"auto, (max-width: 579px) 100vw, 579px\" \/><figcaption id=\"caption-attachment-102863\" class=\"wp-caption-text\">Tom\u00e1s Lanzini intenta frenar el avance de un jugador de \u00d1ublense. (Foto: Felipe Venegas\/\u00d1ublense)<\/figcaption><\/figure>\n<figure id=\"attachment_102864\" aria-describedby=\"caption-attachment-102864\" style=\"width: 579px\" class=\"wp-caption alignnone\"><img data-recalc-dims=\"1\" loading=\"lazy\" decoding=\"async\" class=\"size-full wp-image-102864\" src=\"https:\/\/i0.wp.com\/eltrabajo.cl\/portal\/wp-content\/uploads\/2020\/09\/fioravanti.jpg?resize=579%2C628&#038;ssl=1\" alt=\"El volante central Leandro Fioravanti empa\u00f1\u00f3 su buena actuaci\u00f3n con la expulsi\u00f3n que sufri\u00f3 al final del duelo. (Foto: Felipe Venegas\/\u00d1ublense)\" width=\"579\" height=\"628\" srcset=\"https:\/\/i0.wp.com\/eltrabajo.cl\/portal\/wp-content\/uploads\/2020\/09\/fioravanti.jpg?w=579&amp;ssl=1 579w, https:\/\/i0.wp.com\/eltrabajo.cl\/portal\/wp-content\/uploads\/2020\/09\/fioravanti.jpg?resize=277%2C300&amp;ssl=1 277w, https:\/\/i0.wp.com\/eltrabajo.cl\/portal\/wp-content\/uploads\/2020\/09\/fioravanti.jpg?resize=138%2C150&amp;ssl=1 138w\" sizes=\"auto, (max-width: 579px) 100vw, 579px\" \/><figcaption id=\"caption-attachment-102864\" class=\"wp-caption-text\">El volante central Leandro Fioravanti empa\u00f1\u00f3 su buena actuaci\u00f3n con la expulsi\u00f3n que sufri\u00f3 al final del duelo. (Foto: Felipe Venegas\/\u00d1ublense)<\/figcaption><\/figure>\n","protected":false},"excerpt":{"rendered":"<p>En un partido donde a base de mucha intensidad en la marca y un gran ritmo oblig\u00f3 a \u00d1ublense a refugiarse en su propio campo, Uni\u00f3n San Felipe debi\u00f3 conformarse con una&#8230;<\/p>\n","protected":false},"author":482,"featured_media":102863,"comment_status":"closed","ping_status":"open","sticky":false,"template":"","format":"standard","meta":{"advanced_seo_description":"","jetpack_seo_html_title":"","jetpack_seo_noindex":false,"_jetpack_memberships_contains_paid_content":false,"footnotes":""},"categories":[19],"tags":[],"class_list":["post-102862","post","type-post","status-publish","format-standard","has-post-thumbnail","hentry","category-deportes"],"jetpack_featured_media_url":"https:\/\/i0.wp.com\/eltrabajo.cl\/portal\/wp-content\/uploads\/2020\/09\/usf-nublense.jpg?fit=579%2C344&ssl=1","jetpack_sharing_enabled":true,"jetpack_likes_enabled":true,"jetpack-related-posts":[],"_links":{"self":[{"href":"https:\/\/eltrabajo.cl\/portal\/wp-json\/wp\/v2\/posts\/102862","targetHints":{"allow":["GET"]}}],"collection":[{"href":"https:\/\/eltrabajo.cl\/portal\/wp-json\/wp\/v2\/posts"}],"about":[{"href":"https:\/\/eltrabajo.cl\/portal\/wp-json\/wp\/v2\/types\/post"}],"author":[{"embeddable":true,"href":"https:\/\/eltrabajo.cl\/portal\/wp-json\/wp\/v2\/users\/482"}],"replies":[{"embeddable":true,"href":"https:\/\/eltrabajo.cl\/portal\/wp-json\/wp\/v2\/comments?post=102862"}],"version-history":[{"count":0,"href":"https:\/\/eltrabajo.cl\/portal\/wp-json\/wp\/v2\/posts\/102862\/revisions"}],"wp:featuredmedia":[{"embeddable":true,"href":"https:\/\/eltrabajo.cl\/portal\/wp-json\/wp\/v2\/media\/102863"}],"wp:attachment":[{"href":"https:\/\/eltrabajo.cl\/portal\/wp-json\/wp\/v2\/media?parent=102862"}],"wp:term":[{"taxonomy":"category","embeddable":true,"href":"https:\/\/eltrabajo.cl\/portal\/wp-json\/wp\/v2\/categories?post=102862"},{"taxonomy":"post_tag","embeddable":true,"href":"https:\/\/eltrabajo.cl\/portal\/wp-json\/wp\/v2\/tags?post=102862"}],"curies":[{"name":"wp","href":"https:\/\/api.w.org\/{rel}","templated":true}]}}