{"id":102869,"date":"2020-09-21T07:50:53","date_gmt":"2020-09-21T10:50:53","guid":{"rendered":"https:\/\/www.eltrabajo.cl\/portal\/?p=102869"},"modified":"2020-09-20T23:39:56","modified_gmt":"2020-09-21T02:39:56","slug":"pensionado-sanfelipeno-pide-a-la-afp-capital-el-total-de-sus-ahorros","status":"publish","type":"post","link":"https:\/\/eltrabajo.cl\/portal\/pensionado-sanfelipeno-pide-a-la-afp-capital-el-total-de-sus-ahorros\/","title":{"rendered":"Pensionado sanfelipe\u00f1o pide a la AFP Capital el total de sus ahorros"},"content":{"rendered":"<p style=\"text-align: left;\"><span style=\"color: #c80000;\"><strong>Administradora s\u00f3lo le entrega $20.000 por mes:<\/strong><\/span><\/p>\n<p style=\"text-align: justify;\">Luego que la Corte de Apelaciones de Antofagasta acogiera un Recurso de Protecci\u00f3n interpuesto por <strong>Mar\u00eda Ang\u00e9lica Ojeda Gonz\u00e1lez<\/strong> y ordenara a la AFP Cuprum S.A. pagar a la recurrente el total de los fondos de capitalizaci\u00f3n individual que la profesora logr\u00f3 acumular durante su vida laboral, y luego tambi\u00e9n que tras el fallo un\u00e1nime el tribunal de alzada tomara la decisi\u00f3n debido al actuar arbitrario de la AFP al denegar el giro \u00edntegro de los fondos acumulados durante los a\u00f1os trabajados, esta AFP debi\u00f3 acatar el fallo y entregar el total de sus ahorros a la demandante, lo que nos remite a una situaci\u00f3n similar ocurriendo en San Felipe.<\/p>\n<p style=\"text-align: justify;\">\n<p style=\"text-align: justify;\"><span style=\"color: #c80000;\"><strong>UN CASO SIMILAR<\/strong><\/span><\/p>\n<p style=\"text-align: justify;\">Se trata de <strong>Manuel Patricio Viveros Gallardo<\/strong>, de 67 a\u00f1os de edad, quien ha intentado solicitar el mismo tr\u00e1mite a la AFP Capital en San Felipe, pero que tras varias veces de haber visitado dichas oficinas, no le han permitido siquiera llenar alg\u00fan formulario para solicitar el total de sus ahorros.<\/p>\n<p style=\"text-align: justify;\">\u00ab<em>En total tengo unos tres millones y medio de pesos ahorrados en esta AFP, ya recib\u00ed el mill\u00f3n del 10% y logr\u00e9 pagar algunas deudas, esta AFP s\u00f3lo me da $20.000 al mes, lo dem\u00e1s que recibo es de Chile Solidario, s\u00e9 que a esta profesora de Antofagasta s\u00ed le entregaron todos sus ahorros, por esa raz\u00f3n es que hago p\u00fablico mi reclamo, pues al menos que me den un mill\u00f3n m\u00e1s para arreglar un poco mi casa<\/em>\u00bb, coment\u00f3 don Manuel a <strong>Diario El Trabajo<\/strong>.<\/p>\n<p style=\"text-align: justify;\">Importante se\u00f1alar que este vecino sufre una discapacidad del 62.50% tanto el f\u00edsico como en lo mental, lo que le complica mucho ganarse alg\u00fan dinero extra en alguna actividad laboral extra.<\/p>\n<figure id=\"attachment_102870\" aria-describedby=\"caption-attachment-102870\" style=\"width: 579px\" class=\"wp-caption alignnone\"><img data-recalc-dims=\"1\" loading=\"lazy\" decoding=\"async\" class=\"size-full wp-image-102870\" src=\"https:\/\/i0.wp.com\/eltrabajo.cl\/portal\/wp-content\/uploads\/2020\/09\/Ahorros_Manuel-Viveros-Gallardo.jpg?resize=579%2C616&#038;ssl=1\" alt=\"Manuel Viveros Gallardo, pensionado que solicita a la AFP Capital que le entreguen el total de sus ahorros.\" width=\"579\" height=\"616\" srcset=\"https:\/\/i0.wp.com\/eltrabajo.cl\/portal\/wp-content\/uploads\/2020\/09\/Ahorros_Manuel-Viveros-Gallardo.jpg?w=579&amp;ssl=1 579w, https:\/\/i0.wp.com\/eltrabajo.cl\/portal\/wp-content\/uploads\/2020\/09\/Ahorros_Manuel-Viveros-Gallardo.jpg?resize=282%2C300&amp;ssl=1 282w, https:\/\/i0.wp.com\/eltrabajo.cl\/portal\/wp-content\/uploads\/2020\/09\/Ahorros_Manuel-Viveros-Gallardo.jpg?resize=141%2C150&amp;ssl=1 141w\" sizes=\"auto, (max-width: 579px) 100vw, 579px\" \/><figcaption id=\"caption-attachment-102870\" class=\"wp-caption-text\">Manuel Viveros Gallardo, pensionado que solicita a la AFP Capital que le entreguen el total de sus ahorros.<\/figcaption><\/figure>\n<figure id=\"attachment_102871\" aria-describedby=\"caption-attachment-102871\" style=\"width: 579px\" class=\"wp-caption alignnone\"><img data-recalc-dims=\"1\" loading=\"lazy\" decoding=\"async\" class=\"size-full wp-image-102871\" src=\"https:\/\/i0.wp.com\/eltrabajo.cl\/portal\/wp-content\/uploads\/2020\/09\/Ahorros1.jpg?resize=579%2C412&#038;ssl=1\" alt=\"Es discapacitado.- Este documento certifica la discapacidad que tiene este vecino sanfelipe\u00f1o.\" width=\"579\" height=\"412\" srcset=\"https:\/\/i0.wp.com\/eltrabajo.cl\/portal\/wp-content\/uploads\/2020\/09\/Ahorros1.jpg?w=579&amp;ssl=1 579w, https:\/\/i0.wp.com\/eltrabajo.cl\/portal\/wp-content\/uploads\/2020\/09\/Ahorros1.jpg?resize=300%2C213&amp;ssl=1 300w, https:\/\/i0.wp.com\/eltrabajo.cl\/portal\/wp-content\/uploads\/2020\/09\/Ahorros1.jpg?resize=200%2C142&amp;ssl=1 200w\" sizes=\"auto, (max-width: 579px) 100vw, 579px\" \/><figcaption id=\"caption-attachment-102871\" class=\"wp-caption-text\">Es discapacitado.- Este documento certifica la discapacidad que tiene este vecino sanfelipe\u00f1o.<\/figcaption><\/figure>\n<figure id=\"attachment_102872\" aria-describedby=\"caption-attachment-102872\" style=\"width: 579px\" class=\"wp-caption alignnone\"><img data-recalc-dims=\"1\" loading=\"lazy\" decoding=\"async\" class=\"size-full wp-image-102872\" src=\"https:\/\/i0.wp.com\/eltrabajo.cl\/portal\/wp-content\/uploads\/2020\/09\/Ahorros2.jpg?resize=579%2C554&#038;ssl=1\" alt=\"UNA CHAUCHA.- S\u00f3lo 20.086 pesos le entrega por mes esta AFP a don Manuel, lo dem\u00e1s le llega por Chile Solidario y llega a los $138.000.\" width=\"579\" height=\"554\" srcset=\"https:\/\/i0.wp.com\/eltrabajo.cl\/portal\/wp-content\/uploads\/2020\/09\/Ahorros2.jpg?w=579&amp;ssl=1 579w, https:\/\/i0.wp.com\/eltrabajo.cl\/portal\/wp-content\/uploads\/2020\/09\/Ahorros2.jpg?resize=300%2C287&amp;ssl=1 300w, https:\/\/i0.wp.com\/eltrabajo.cl\/portal\/wp-content\/uploads\/2020\/09\/Ahorros2.jpg?resize=157%2C150&amp;ssl=1 157w\" sizes=\"auto, (max-width: 579px) 100vw, 579px\" \/><figcaption id=\"caption-attachment-102872\" class=\"wp-caption-text\">UNA CHAUCHA.- S\u00f3lo 20.086 pesos le entrega por mes esta AFP a don Manuel, lo dem\u00e1s le llega por Chile Solidario y llega a los $138.000.<\/figcaption><\/figure>\n","protected":false},"excerpt":{"rendered":"<p>Administradora s\u00f3lo le entrega $20.000 por mes: Luego que la Corte de Apelaciones de Antofagasta acogiera un Recurso de Protecci\u00f3n interpuesto por Mar\u00eda Ang\u00e9lica Ojeda Gonz\u00e1lez y ordenara a la AFP Cuprum&#8230;<\/p>\n","protected":false},"author":482,"featured_media":102870,"comment_status":"closed","ping_status":"open","sticky":false,"template":"","format":"standard","meta":{"advanced_seo_description":"","jetpack_seo_html_title":"","jetpack_seo_noindex":false,"_jetpack_memberships_contains_paid_content":false,"footnotes":""},"categories":[15],"tags":[],"class_list":["post-102869","post","type-post","status-publish","format-standard","has-post-thumbnail","hentry","category-comunidad"],"jetpack_featured_media_url":"https:\/\/i0.wp.com\/eltrabajo.cl\/portal\/wp-content\/uploads\/2020\/09\/Ahorros_Manuel-Viveros-Gallardo.jpg?fit=579%2C616&ssl=1","jetpack_sharing_enabled":true,"jetpack_likes_enabled":true,"jetpack-related-posts":[],"_links":{"self":[{"href":"https:\/\/eltrabajo.cl\/portal\/wp-json\/wp\/v2\/posts\/102869","targetHints":{"allow":["GET"]}}],"collection":[{"href":"https:\/\/eltrabajo.cl\/portal\/wp-json\/wp\/v2\/posts"}],"about":[{"href":"https:\/\/eltrabajo.cl\/portal\/wp-json\/wp\/v2\/types\/post"}],"author":[{"embeddable":true,"href":"https:\/\/eltrabajo.cl\/portal\/wp-json\/wp\/v2\/users\/482"}],"replies":[{"embeddable":true,"href":"https:\/\/eltrabajo.cl\/portal\/wp-json\/wp\/v2\/comments?post=102869"}],"version-history":[{"count":0,"href":"https:\/\/eltrabajo.cl\/portal\/wp-json\/wp\/v2\/posts\/102869\/revisions"}],"wp:featuredmedia":[{"embeddable":true,"href":"https:\/\/eltrabajo.cl\/portal\/wp-json\/wp\/v2\/media\/102870"}],"wp:attachment":[{"href":"https:\/\/eltrabajo.cl\/portal\/wp-json\/wp\/v2\/media?parent=102869"}],"wp:term":[{"taxonomy":"category","embeddable":true,"href":"https:\/\/eltrabajo.cl\/portal\/wp-json\/wp\/v2\/categories?post=102869"},{"taxonomy":"post_tag","embeddable":true,"href":"https:\/\/eltrabajo.cl\/portal\/wp-json\/wp\/v2\/tags?post=102869"}],"curies":[{"name":"wp","href":"https:\/\/api.w.org\/{rel}","templated":true}]}}