{"id":102882,"date":"2020-09-22T07:40:13","date_gmt":"2020-09-22T10:40:13","guid":{"rendered":"https:\/\/www.eltrabajo.cl\/portal\/?p=102882"},"modified":"2020-09-21T20:32:44","modified_gmt":"2020-09-21T23:32:44","slug":"el-uni-da-un-verdadero-golpe-al-traer-de-retorno-al-futbol-chileno-a-lucas-wilchez","status":"publish","type":"post","link":"https:\/\/eltrabajo.cl\/portal\/el-uni-da-un-verdadero-golpe-al-traer-de-retorno-al-futbol-chileno-a-lucas-wilchez\/","title":{"rendered":"El Un\u00ed da un verdadero golpe al traer de retorno al f\u00fatbol chileno a Lucas Wilchez"},"content":{"rendered":"<p style=\"text-align: justify;\">Dos de las principales carencias que ha presentado el Un\u00ed Un\u00ed durante la actual temporada han sido el poco poder de gol y la falta de organizaci\u00f3n en su juego.\u00a0 Conscientes que con esos d\u00e9ficits es imposible luchar por algo, la dirigencia albirroja opt\u00f3 por contratar al conocido delantero argentino <strong>Lucas Wilchez<\/strong>, un jugador de trayectoria que en Chile se hizo conocido cuando defendi\u00f3 a Colo Colo, donde jug\u00f3 75 partidos y marc\u00f3 9 goles, entre las temporadas 2010 \u2013 2012.<\/p>\n<p style=\"text-align: justify;\">La noticia del arribo de Wilchez tom\u00f3 fuerza en horas de la tarde del domingo pasado, y si bien es cierto ya se sabe que existe un completo acuerdo entre las partes, es decir entre el club y el jugador, a\u00fan no se ha firmado el contrato respectivo, por lo que, al cierre de la presente edici\u00f3n de <strong>El Trabajo Deportivo<\/strong>, Uni\u00f3n San Felipe no oficializaba el arribo del trasandino que en Chile se hizo ampliamente famoso por el apodo de <strong>\u2018Peter Veneno\u2019<\/strong>.<\/p>\n<p style=\"text-align: justify;\">Uni\u00f3n San Felipe ser\u00e1 el cuarto club extranjero de Lucas Wilchez, quien a sus 37 a\u00f1os de edad registra pasos en: Colo Colo, Real Zaragoza y el Asteras Tr\u00edpoli de Grecia. La \u00faltima casa deportiva de Wilchez fue el Club Almagro del ascenso argentino.<\/p>\n<figure id=\"attachment_102883\" aria-describedby=\"caption-attachment-102883\" style=\"width: 579px\" class=\"wp-caption alignnone\"><img data-recalc-dims=\"1\" loading=\"lazy\" decoding=\"async\" class=\"size-full wp-image-102883\" src=\"https:\/\/i0.wp.com\/eltrabajo.cl\/portal\/wp-content\/uploads\/2020\/09\/lucas-wilchez.jpg?resize=579%2C324&#038;ssl=1\" alt=\"Lucas Wilchez se incorporar\u00e1 al Un\u00ed Un\u00ed en el mes de octubre.\" width=\"579\" height=\"324\" srcset=\"https:\/\/i0.wp.com\/eltrabajo.cl\/portal\/wp-content\/uploads\/2020\/09\/lucas-wilchez.jpg?w=579&amp;ssl=1 579w, https:\/\/i0.wp.com\/eltrabajo.cl\/portal\/wp-content\/uploads\/2020\/09\/lucas-wilchez.jpg?resize=300%2C168&amp;ssl=1 300w, https:\/\/i0.wp.com\/eltrabajo.cl\/portal\/wp-content\/uploads\/2020\/09\/lucas-wilchez.jpg?resize=200%2C112&amp;ssl=1 200w\" sizes=\"auto, (max-width: 579px) 100vw, 579px\" \/><figcaption id=\"caption-attachment-102883\" class=\"wp-caption-text\">Lucas Wilchez se incorporar\u00e1 al Un\u00ed Un\u00ed en el mes de octubre.<\/figcaption><\/figure>\n","protected":false},"excerpt":{"rendered":"<p>Dos de las principales carencias que ha presentado el Un\u00ed Un\u00ed durante la actual temporada han sido el poco poder de gol y la falta de organizaci\u00f3n en su juego.\u00a0 Conscientes que&#8230;<\/p>\n","protected":false},"author":482,"featured_media":102883,"comment_status":"closed","ping_status":"open","sticky":false,"template":"","format":"standard","meta":{"advanced_seo_description":"","jetpack_seo_html_title":"","jetpack_seo_noindex":false,"_jetpack_memberships_contains_paid_content":false,"footnotes":""},"categories":[19],"tags":[],"class_list":["post-102882","post","type-post","status-publish","format-standard","has-post-thumbnail","hentry","category-deportes"],"jetpack_featured_media_url":"https:\/\/i0.wp.com\/eltrabajo.cl\/portal\/wp-content\/uploads\/2020\/09\/lucas-wilchez.jpg?fit=579%2C324&ssl=1","jetpack_sharing_enabled":true,"jetpack_likes_enabled":true,"jetpack-related-posts":[],"_links":{"self":[{"href":"https:\/\/eltrabajo.cl\/portal\/wp-json\/wp\/v2\/posts\/102882","targetHints":{"allow":["GET"]}}],"collection":[{"href":"https:\/\/eltrabajo.cl\/portal\/wp-json\/wp\/v2\/posts"}],"about":[{"href":"https:\/\/eltrabajo.cl\/portal\/wp-json\/wp\/v2\/types\/post"}],"author":[{"embeddable":true,"href":"https:\/\/eltrabajo.cl\/portal\/wp-json\/wp\/v2\/users\/482"}],"replies":[{"embeddable":true,"href":"https:\/\/eltrabajo.cl\/portal\/wp-json\/wp\/v2\/comments?post=102882"}],"version-history":[{"count":0,"href":"https:\/\/eltrabajo.cl\/portal\/wp-json\/wp\/v2\/posts\/102882\/revisions"}],"wp:featuredmedia":[{"embeddable":true,"href":"https:\/\/eltrabajo.cl\/portal\/wp-json\/wp\/v2\/media\/102883"}],"wp:attachment":[{"href":"https:\/\/eltrabajo.cl\/portal\/wp-json\/wp\/v2\/media?parent=102882"}],"wp:term":[{"taxonomy":"category","embeddable":true,"href":"https:\/\/eltrabajo.cl\/portal\/wp-json\/wp\/v2\/categories?post=102882"},{"taxonomy":"post_tag","embeddable":true,"href":"https:\/\/eltrabajo.cl\/portal\/wp-json\/wp\/v2\/tags?post=102882"}],"curies":[{"name":"wp","href":"https:\/\/api.w.org\/{rel}","templated":true}]}}