{"id":102890,"date":"2020-09-22T07:50:45","date_gmt":"2020-09-22T10:50:45","guid":{"rendered":"https:\/\/www.eltrabajo.cl\/portal\/?p=102890"},"modified":"2020-09-21T20:37:49","modified_gmt":"2020-09-21T23:37:49","slug":"peligro-por-quema-de-pastizales-para-habilitar-terrenos-en-toma-y-construir-viviendas-de-material-ligero","status":"publish","type":"post","link":"https:\/\/eltrabajo.cl\/portal\/peligro-por-quema-de-pastizales-para-habilitar-terrenos-en-toma-y-construir-viviendas-de-material-ligero\/","title":{"rendered":"Peligro por quema de pastizales para habilitar terrenos en toma y construir viviendas de material ligero"},"content":{"rendered":"<p style=\"text-align: left;\"><span style=\"color: #c80000;\"><strong>Advierte Bomberos de San Felipe:<\/strong><\/span><\/p>\n<p style=\"text-align: justify;\">D\u00edas atr\u00e1s informamos que se produjo una emergencia por recalentamiento el\u00e9ctrico en el sector de Villa Yevide, producto de los famosos \u2018colgados\u2019. Como consecuencia de eso quedaron varias casas sin luz, la gran mayor\u00eda de ellas ocupadas por adultos mayores.<\/p>\n<p style=\"text-align: justify;\">Consultado al respecto el comandante <strong>Juan Carlos Herrera Lillo<\/strong>, en cuanto a si se hab\u00edan producido nuevas emergencias, indic\u00f3 que en ese lugar hay un tema muy complejo que est\u00e1n analizando <em>\u00abcon otras compa\u00f1\u00edas, ni Dios lo quiera pase un incendio grande. La verdad que se han estado haciendo unas quemas de pastizales para poder ir avanzando en los terrenos, por lo que vemos una situaci\u00f3n muy complicada si no se toman las medidas que correspondan en el sector\u00bb,<\/em> se\u00f1al\u00f3.<\/p>\n<p style=\"text-align: justify;\">&#8211; <strong>\u00bfAlguna reuni\u00f3n con las autoridades?<\/strong><\/p>\n<p style=\"text-align: justify;\">&#8211; Hasta el momento no hemos tenido ninguna, pero es preocupante para nosotros porque la verdad, un incendio donde es puro material ligero va a ser muy complicado en ese sector.<\/p>\n<p style=\"text-align: justify;\">Sobre alg\u00fan balance, dijo que ha sido bastante positivo, <em>\u00abcreo que est\u00e1 dem\u00e1s seguirle informando a la gente que tiene que mantenerse en casa, cuidarse porque no queremos que esto sea un segundo rebrote, y esperamos que se mantenga como se ha mantenido, cuid\u00e1ndose la gente. Nosotros tambi\u00e9n estamos manteniendo lo que hemos hecho estos \u00faltimos meses y cuidando a los bomberos. Y que la gente tambi\u00e9n se cuide, hay cosas que a veces la gente cree que no es la soluci\u00f3n tomar las medidas m\u00e1s dr\u00e1sticas, que hay que ir paso m\u00e1s adelante y evitar que esto se siga contagiando y esperar que la familia se cuide que es lo m\u00e1s importante\u00bb,<\/em> dijo Herrera.<\/p>\n<p style=\"text-align: justify;\">&#8211; <strong>\u00bfCu\u00e1les fueron los principales procedimientos que tuvieron durante el 18?<\/strong><\/p>\n<p style=\"text-align: justify;\">&#8211; Algunos incendios\u2026 amagos de incendios por descuido, prendiendo alguna fogata para poder hacer brasas y el asado, pero m\u00e1s all\u00e1 no tuvimos ning\u00fan tema de riesgo, afortunadamente la gente entendi\u00f3 y no sali\u00f3.<\/p>\n<p style=\"text-align: justify;\">Record\u00f3 que el hecho m\u00e1s grave tuvo que ver con el accidente de tr\u00e1nsito ocurrido el d\u00eda jueves 17 en horas de la noche en la comuna de Panquehue, donde lamentablemente muri\u00f3 una persona: <em>\u00abS\u00ed, la verdad que ese fue el m\u00e1s grave, lamentablemente tuvimos una persona fallecida y de ah\u00ed no hemos tenido un accidente que salga de lo normal\u00bb,<\/em> se\u00f1al\u00f3 Herrera.<\/p>\n<p style=\"text-align: justify;\">En cuanto a la toma, se dice que son alrededor de 120 personas.<\/p>\n<figure id=\"attachment_102891\" aria-describedby=\"caption-attachment-102891\" style=\"width: 578px\" class=\"wp-caption alignnone\"><img data-recalc-dims=\"1\" loading=\"lazy\" decoding=\"async\" class=\"size-full wp-image-102891\" src=\"https:\/\/i0.wp.com\/eltrabajo.cl\/portal\/wp-content\/uploads\/2020\/09\/Toma-Ok.jpg?resize=578%2C386&#038;ssl=1\" alt=\"Ac\u00e1 vemos al obispo de Aconcagua, Gonzalo Bravo \u00c1lvarez, conversando con un ciudadano que se presume est\u00e1 en la toma. \" width=\"578\" height=\"386\" srcset=\"https:\/\/i0.wp.com\/eltrabajo.cl\/portal\/wp-content\/uploads\/2020\/09\/Toma-Ok.jpg?w=578&amp;ssl=1 578w, https:\/\/i0.wp.com\/eltrabajo.cl\/portal\/wp-content\/uploads\/2020\/09\/Toma-Ok.jpg?resize=300%2C200&amp;ssl=1 300w, https:\/\/i0.wp.com\/eltrabajo.cl\/portal\/wp-content\/uploads\/2020\/09\/Toma-Ok.jpg?resize=200%2C134&amp;ssl=1 200w\" sizes=\"auto, (max-width: 578px) 100vw, 578px\" \/><figcaption id=\"caption-attachment-102891\" class=\"wp-caption-text\">Ac\u00e1 vemos al obispo de Aconcagua, Gonzalo Bravo \u00c1lvarez, conversando con un ciudadano que se presume est\u00e1 en la toma.<\/figcaption><\/figure>\n","protected":false},"excerpt":{"rendered":"<p>Advierte Bomberos de San Felipe: D\u00edas atr\u00e1s informamos que se produjo una emergencia por recalentamiento el\u00e9ctrico en el sector de Villa Yevide, producto de los famosos \u2018colgados\u2019. Como consecuencia de eso quedaron&#8230;<\/p>\n","protected":false},"author":482,"featured_media":102891,"comment_status":"closed","ping_status":"open","sticky":false,"template":"","format":"standard","meta":{"advanced_seo_description":"","jetpack_seo_html_title":"","jetpack_seo_noindex":false,"_jetpack_memberships_contains_paid_content":false,"footnotes":""},"categories":[103],"tags":[],"class_list":["post-102890","post","type-post","status-publish","format-standard","has-post-thumbnail","hentry","category-cronica-2"],"jetpack_featured_media_url":"https:\/\/i0.wp.com\/eltrabajo.cl\/portal\/wp-content\/uploads\/2020\/09\/Toma-Ok.jpg?fit=578%2C386&ssl=1","jetpack_sharing_enabled":true,"jetpack_likes_enabled":true,"jetpack-related-posts":[],"_links":{"self":[{"href":"https:\/\/eltrabajo.cl\/portal\/wp-json\/wp\/v2\/posts\/102890","targetHints":{"allow":["GET"]}}],"collection":[{"href":"https:\/\/eltrabajo.cl\/portal\/wp-json\/wp\/v2\/posts"}],"about":[{"href":"https:\/\/eltrabajo.cl\/portal\/wp-json\/wp\/v2\/types\/post"}],"author":[{"embeddable":true,"href":"https:\/\/eltrabajo.cl\/portal\/wp-json\/wp\/v2\/users\/482"}],"replies":[{"embeddable":true,"href":"https:\/\/eltrabajo.cl\/portal\/wp-json\/wp\/v2\/comments?post=102890"}],"version-history":[{"count":0,"href":"https:\/\/eltrabajo.cl\/portal\/wp-json\/wp\/v2\/posts\/102890\/revisions"}],"wp:featuredmedia":[{"embeddable":true,"href":"https:\/\/eltrabajo.cl\/portal\/wp-json\/wp\/v2\/media\/102891"}],"wp:attachment":[{"href":"https:\/\/eltrabajo.cl\/portal\/wp-json\/wp\/v2\/media?parent=102890"}],"wp:term":[{"taxonomy":"category","embeddable":true,"href":"https:\/\/eltrabajo.cl\/portal\/wp-json\/wp\/v2\/categories?post=102890"},{"taxonomy":"post_tag","embeddable":true,"href":"https:\/\/eltrabajo.cl\/portal\/wp-json\/wp\/v2\/tags?post=102890"}],"curies":[{"name":"wp","href":"https:\/\/api.w.org\/{rel}","templated":true}]}}