{"id":102906,"date":"2020-09-23T07:45:48","date_gmt":"2020-09-23T10:45:48","guid":{"rendered":"https:\/\/www.eltrabajo.cl\/portal\/?p=102906"},"modified":"2020-09-22T22:42:16","modified_gmt":"2020-09-23T01:42:16","slug":"vienen-90-000-cajas-de-mercaderia-y-50-000-kits-para-adultos-mayores-de-la-v-region","status":"publish","type":"post","link":"https:\/\/eltrabajo.cl\/portal\/vienen-90-000-cajas-de-mercaderia-y-50-000-kits-para-adultos-mayores-de-la-v-region\/","title":{"rendered":"Vienen 90.000 cajas de mercader\u00eda y 50.000 Kits para adultos mayores de la V Regi\u00f3n"},"content":{"rendered":"<p style=\"text-align: left;\"><span style=\"color: #c80000;\"><strong>Cerca de 3.800 cajas est\u00e1n destinadas para San Felipe:<\/strong><\/span><\/p>\n<p style=\"text-align: justify;\">Muy buenas noticias para los sanfelipe\u00f1os, vienen cerca de 3.800 cajas m\u00e1s de mercader\u00eda para nuestra comuna, cajas de las grandes y tambi\u00e9n miles de Kits para adultos mayores. A nivel regional son 90.000 cajas de mercader\u00eda y 50.000 Kits para adultos mayores.<\/p>\n<p style=\"text-align: justify;\">La informaci\u00f3n la confirm\u00f3 a <strong>Diario El Trabajo<\/strong> el consejero regional <strong>Iv\u00e1n Reyes<\/strong>: <em>\u00abNosotros en el Gobierno Regional hemos invertido aproximadamente 35.000 millones de pesos de nuestro presupuesto para poder ir en ayuda de poder enfrentar la pandemia de la mejor manera posible, y dentro de estas ayudas que hemos establecido tenemos las cajas de mercader\u00eda. Al d\u00eda de hoy nosotros aprobamos y entregamos ya unas 85.000 cajas en una primera partida que fue la jornada anterior, ahora ya hemos aprobado la compra de 90.000 cajas m\u00e1s de mercader\u00eda, las que ser\u00e1n un aporte importante para las familias de la Quinta Regi\u00f3n, pero junto con esa ayuda tambi\u00e9n hemos aprobado la compra de 50.000 Kits para adultos mayores<\/em>\u00bb, coment\u00f3 Reyes.<\/p>\n<p style=\"text-align: justify;\">&#8211; <strong>\u00bfQu\u00e9 traen esos Kits para adultos mayores?<\/strong><\/p>\n<p style=\"text-align: justify;\">&#8211; Estas son cajas especiales que traen pa\u00f1ales desechables, \u00fatiles de aseo y otras cosas que los adultos mayores hoy d\u00eda requieren con mayor necesidad.<\/p>\n<p style=\"text-align: justify;\">&#8211; <strong>\u00bfC\u00f3mo ser\u00e1n repartidas estas cajas y Kits a nivel del Valle de Aconcagua?<\/strong><\/p>\n<p style=\"text-align: justify;\">&#8211; Vamos a distribuirlas de forma similar a la primera vez, en el tema de los Kits para adultos mayores fueron los municipios los que hicieron llegar al Gobierno Regional y al Ejecutivo en este caso, listados de aquellos adultos que son m\u00e1s vulnerables, que a trav\u00e9s del Ministerio de Desarrollo Social se ha verificado la informaci\u00f3n que han entregado los municipios, ya se est\u00e1n elaborando esos listados porque estas cajas para los adultos mayores van a venir con nombre y apellidos, vienen identificadas con el nombre del beneficiario.<\/p>\n<p style=\"text-align: justify;\">&#8211; <strong>\u00bfC\u00f3mo ser\u00e1 la distribuci\u00f3n de estos Kits y cajas en esta oportunidad?<\/strong><\/p>\n<p style=\"text-align: justify;\">&#8211; Estos Kits ser\u00e1n distribuidos por medio de la asociaci\u00f3n de taxis colectivos, para poder tambi\u00e9n ayudarlos, las cajas de mercader\u00eda se repartir\u00e1n a trav\u00e9s del transporte escolar como se hizo la primera vez, est\u00e1 contemplado por el GORE el pago del flete de distribuci\u00f3n de esas cajas.<\/p>\n<p style=\"text-align: justify;\">&#8211; <strong>\u00bfCu\u00e1ndo ser\u00e1n estas entregas y cu\u00e1ntas vienen para San Felipe?<\/strong><\/p>\n<p style=\"text-align: justify;\">&#8211; Nosotros esperamos que en los primeros d\u00edas de octubre ya podamos iniciar ese proceso, estamos a la espera de que desde el Nivel Central se nos autorice a la entrega. Para San Felipe vienen alrededor de 3.800 cajas, solamente para la comuna de San Felipe, es una caja grande, que contiene bastantes elementos para cada familia.<\/p>\n<p style=\"text-align: justify;\">&#8211; <strong>\u00bfCu\u00e1l es el panorama en San Felipe frente a la pandemia?<\/strong><\/p>\n<p style=\"text-align: justify;\">&#8211; Si bien es cierto que hemos bajado de alguna manera la presi\u00f3n de este contagio de Coronavirus, porque nosotros en San Felipe ya estamos en Fase 3, esperamos que no tengamos rebrote, porque el riesgo mayor es el rebrote que se pueda producir cuando nos relajamos en las medidas sanitarias, a\u00fan as\u00ed estamos enfrentando esta crisis de la mejor manera posible.<\/p>\n<p style=\"text-align: justify;\">Roberto Gonz\u00e1lez Short<\/p>\n<figure id=\"attachment_102909\" aria-describedby=\"caption-attachment-102909\" style=\"width: 578px\" class=\"wp-caption alignnone\"><img data-recalc-dims=\"1\" loading=\"lazy\" decoding=\"async\" class=\"size-full wp-image-102909\" src=\"https:\/\/i0.wp.com\/eltrabajo.cl\/portal\/wp-content\/uploads\/2020\/09\/Cajas1.jpg?resize=578%2C386&#038;ssl=1\" alt=\"Llegan en octubre.- A nivel regional son 90.000 cajas de mercader\u00eda y 50.000 de Kits para adultos mayores las asignadas por el Gobierno Regional.\" width=\"578\" height=\"386\" srcset=\"https:\/\/i0.wp.com\/eltrabajo.cl\/portal\/wp-content\/uploads\/2020\/09\/Cajas1.jpg?w=578&amp;ssl=1 578w, https:\/\/i0.wp.com\/eltrabajo.cl\/portal\/wp-content\/uploads\/2020\/09\/Cajas1.jpg?resize=300%2C200&amp;ssl=1 300w, https:\/\/i0.wp.com\/eltrabajo.cl\/portal\/wp-content\/uploads\/2020\/09\/Cajas1.jpg?resize=200%2C134&amp;ssl=1 200w\" sizes=\"auto, (max-width: 578px) 100vw, 578px\" \/><figcaption id=\"caption-attachment-102909\" class=\"wp-caption-text\">Llegan en octubre.- A nivel regional son 90.000 cajas de mercader\u00eda y 50.000 de Kits para adultos mayores las asignadas por el Gobierno Regional.<\/figcaption><\/figure>\n<figure id=\"attachment_102907\" aria-describedby=\"caption-attachment-102907\" style=\"width: 579px\" class=\"wp-caption alignnone\"><img data-recalc-dims=\"1\" loading=\"lazy\" decoding=\"async\" class=\"size-full wp-image-102907\" src=\"https:\/\/i0.wp.com\/eltrabajo.cl\/portal\/wp-content\/uploads\/2020\/09\/Cajas2.jpg?resize=579%2C369&#038;ssl=1\" alt=\"Las cajas de mercader\u00eda se repartir\u00e1n a trav\u00e9s del transporte escolar como se hizo la primera vez, est\u00e1 contemplado por el GORE el pago del flete de distribuci\u00f3n de esas cajas.\" width=\"579\" height=\"369\" srcset=\"https:\/\/i0.wp.com\/eltrabajo.cl\/portal\/wp-content\/uploads\/2020\/09\/Cajas2.jpg?w=579&amp;ssl=1 579w, https:\/\/i0.wp.com\/eltrabajo.cl\/portal\/wp-content\/uploads\/2020\/09\/Cajas2.jpg?resize=300%2C191&amp;ssl=1 300w, https:\/\/i0.wp.com\/eltrabajo.cl\/portal\/wp-content\/uploads\/2020\/09\/Cajas2.jpg?resize=200%2C127&amp;ssl=1 200w\" sizes=\"auto, (max-width: 579px) 100vw, 579px\" \/><figcaption id=\"caption-attachment-102907\" class=\"wp-caption-text\">Las cajas de mercader\u00eda se repartir\u00e1n a trav\u00e9s del transporte escolar como se hizo la primera vez, est\u00e1 contemplado por el GORE el pago del flete de distribuci\u00f3n de esas cajas.<\/figcaption><\/figure>\n<figure id=\"attachment_102908\" aria-describedby=\"caption-attachment-102908\" style=\"width: 579px\" class=\"wp-caption alignnone\"><img data-recalc-dims=\"1\" loading=\"lazy\" decoding=\"async\" class=\"size-full wp-image-102908\" src=\"https:\/\/i0.wp.com\/eltrabajo.cl\/portal\/wp-content\/uploads\/2020\/09\/Cajas_Ivan-Reyes.jpg?resize=579%2C605&#038;ssl=1\" alt=\"Consejero Regional Iv\u00e1n Reyes.\" width=\"579\" height=\"605\" srcset=\"https:\/\/i0.wp.com\/eltrabajo.cl\/portal\/wp-content\/uploads\/2020\/09\/Cajas_Ivan-Reyes.jpg?w=579&amp;ssl=1 579w, https:\/\/i0.wp.com\/eltrabajo.cl\/portal\/wp-content\/uploads\/2020\/09\/Cajas_Ivan-Reyes.jpg?resize=287%2C300&amp;ssl=1 287w, https:\/\/i0.wp.com\/eltrabajo.cl\/portal\/wp-content\/uploads\/2020\/09\/Cajas_Ivan-Reyes.jpg?resize=144%2C150&amp;ssl=1 144w\" sizes=\"auto, (max-width: 579px) 100vw, 579px\" \/><figcaption id=\"caption-attachment-102908\" class=\"wp-caption-text\">Consejero Regional Iv\u00e1n Reyes.<\/figcaption><\/figure>\n","protected":false},"excerpt":{"rendered":"<p>Cerca de 3.800 cajas est\u00e1n destinadas para San Felipe: Muy buenas noticias para los sanfelipe\u00f1os, vienen cerca de 3.800 cajas m\u00e1s de mercader\u00eda para nuestra comuna, cajas de las grandes y tambi\u00e9n&#8230;<\/p>\n","protected":false},"author":482,"featured_media":102907,"comment_status":"closed","ping_status":"open","sticky":false,"template":"","format":"standard","meta":{"advanced_seo_description":"","jetpack_seo_html_title":"","jetpack_seo_noindex":false,"_jetpack_memberships_contains_paid_content":false,"footnotes":""},"categories":[105,103],"tags":[],"class_list":["post-102906","post","type-post","status-publish","format-standard","has-post-thumbnail","hentry","category-covid-19","category-cronica-2"],"jetpack_featured_media_url":"https:\/\/i0.wp.com\/eltrabajo.cl\/portal\/wp-content\/uploads\/2020\/09\/Cajas2.jpg?fit=579%2C369&ssl=1","jetpack_sharing_enabled":true,"jetpack_likes_enabled":true,"jetpack-related-posts":[],"_links":{"self":[{"href":"https:\/\/eltrabajo.cl\/portal\/wp-json\/wp\/v2\/posts\/102906","targetHints":{"allow":["GET"]}}],"collection":[{"href":"https:\/\/eltrabajo.cl\/portal\/wp-json\/wp\/v2\/posts"}],"about":[{"href":"https:\/\/eltrabajo.cl\/portal\/wp-json\/wp\/v2\/types\/post"}],"author":[{"embeddable":true,"href":"https:\/\/eltrabajo.cl\/portal\/wp-json\/wp\/v2\/users\/482"}],"replies":[{"embeddable":true,"href":"https:\/\/eltrabajo.cl\/portal\/wp-json\/wp\/v2\/comments?post=102906"}],"version-history":[{"count":0,"href":"https:\/\/eltrabajo.cl\/portal\/wp-json\/wp\/v2\/posts\/102906\/revisions"}],"wp:featuredmedia":[{"embeddable":true,"href":"https:\/\/eltrabajo.cl\/portal\/wp-json\/wp\/v2\/media\/102907"}],"wp:attachment":[{"href":"https:\/\/eltrabajo.cl\/portal\/wp-json\/wp\/v2\/media?parent=102906"}],"wp:term":[{"taxonomy":"category","embeddable":true,"href":"https:\/\/eltrabajo.cl\/portal\/wp-json\/wp\/v2\/categories?post=102906"},{"taxonomy":"post_tag","embeddable":true,"href":"https:\/\/eltrabajo.cl\/portal\/wp-json\/wp\/v2\/tags?post=102906"}],"curies":[{"name":"wp","href":"https:\/\/api.w.org\/{rel}","templated":true}]}}