{"id":102914,"date":"2020-09-23T07:55:27","date_gmt":"2020-09-23T10:55:27","guid":{"rendered":"https:\/\/www.eltrabajo.cl\/portal\/?p=102914"},"modified":"2020-09-22T22:47:25","modified_gmt":"2020-09-23T01:47:25","slug":"enorme-arbol-de-pimiento-le-esta-destruyendo-su-casa-en-curimon","status":"publish","type":"post","link":"https:\/\/eltrabajo.cl\/portal\/enorme-arbol-de-pimiento-le-esta-destruyendo-su-casa-en-curimon\/","title":{"rendered":"Enorme \u00e1rbol de pimiento le est\u00e1 destruyendo su casa en Curim\u00f3n"},"content":{"rendered":"<p style=\"text-align: left;\"><span style=\"color: #c80000;\"><strong>Vecina solicita ayuda a la Dipma para evitar una tragedia:<\/strong><\/span><\/p>\n<p style=\"text-align: justify;\">Luego que en julio de 2018 public\u00e1ramos la historia del enorme pimiento que amenaza con destruir la vivienda de una familia en Camino del Inca, en Curim\u00f3n, a dos a\u00f1os de hecha la denuncia esper\u00e1bamos que ese problema ya se hubiese solucionado, sin embargo la ma\u00f1ana de este martes <strong>Diario El Trabajo<\/strong> visit\u00f3 la casa de do\u00f1a <strong>Mireya Poblete Pardo<\/strong>, adulta mayor que habl\u00f3 con nuestro medio para solicitar nuevamente la ayuda de las autoridades municipales de nuestra comuna y solucionar definitivamente su problema.<\/p>\n<p style=\"text-align: justify;\">\u00ab<em>Desde hace m\u00e1s de 14 a\u00f1os yo vivo en esta casa, ya este pimiento estaba aqu\u00ed, ha ido creciendo, y con los a\u00f1os sus ra\u00edces se han ido metiendo por debajo de la tierra hasta mi casa, levant\u00f3 los pastelones, quebr\u00f3 las paredes y ya desfigur\u00f3 los marcos de las puertas y ventanas, no puedo cerrarlas, el piso estuvo agrietado algunos a\u00f1os y tuve que eliminar por completo el piso de madera, luego que <strong>Diario El Trabajo<\/strong> public\u00f3 la noticia llegaron empleados de Chilquinta, cortaron algunas ramitas y nos dejaron ah\u00ed la basura, pero el problema contin\u00faa, pues las ra\u00edces siguen creciendo y da\u00f1ando la casa, los cables el\u00e9ctricos est\u00e1n atrapados en el ramaje de este pimiento, cuando llueve tambi\u00e9n se inunda todo, tanto en la entrada como el interior de mi casa, hay un peligro inminente que caiga sobre la casa o que esas posas de agua se electrifiquen y nos ocurra una desgracia, por eso solicitamos a la Dipma que nos ayude a solucionar este problema\u00bb, dijo la vecina.<\/em><\/p>\n<p style=\"text-align: justify;\">\n<p style=\"text-align: justify;\"><span style=\"color: #c80000;\"><strong>DIPMA RESPONDE<\/strong><\/span><\/p>\n<p style=\"text-align: justify;\">Nuestro medio habl\u00f3 con la directora de la Dipma, <strong>Jacqueline Aguilar<\/strong>, quien nos asegur\u00f3 que hoy mi\u00e9rcoles estar\u00e1n visitando a esta familia para valorar los pasos a seguir, \u00ab<em>desafortunadamente no ten\u00eda conocimiento de esta situaci\u00f3n. Evidentemente, que visitaremos este mi\u00e9rcoles el sector y la propiedad, para ver la factibilidad de ayudar a la se\u00f1ora Mireya. Y digo la factibilidad, porque nuestros medios son limitados, pero haremos todo lo posible por solucionar o mitigar al m\u00e1ximo la problem\u00e1tica que aqueja a la vecina. Esto es lo que pueda informar, ya que a\u00fan no hemos visitado el lugar. Esa visita se realizar\u00e1 este mi\u00e9rcoles durante la ma\u00f1ana<\/em>\u00bb, indic\u00f3 Aguilar a <strong>Diario El Trabajo<\/strong>.<\/p>\n<p style=\"text-align: justify;\"><strong>Roberto Gonz\u00e1lez Short<\/strong><\/p>\n<figure id=\"attachment_102916\" aria-describedby=\"caption-attachment-102916\" style=\"width: 578px\" class=\"wp-caption alignnone\"><img data-recalc-dims=\"1\" loading=\"lazy\" decoding=\"async\" class=\"size-full wp-image-102916\" src=\"https:\/\/i0.wp.com\/eltrabajo.cl\/portal\/wp-content\/uploads\/2020\/09\/Arbol1.jpg?resize=578%2C386&#038;ssl=1\" alt=\"UN PROBLEMA GIGANTE.- Estas vecinas muestran a Diario El Trabajo el enorme pimiento expandido por encima de su casa.\" width=\"578\" height=\"386\" srcset=\"https:\/\/i0.wp.com\/eltrabajo.cl\/portal\/wp-content\/uploads\/2020\/09\/Arbol1.jpg?w=578&amp;ssl=1 578w, https:\/\/i0.wp.com\/eltrabajo.cl\/portal\/wp-content\/uploads\/2020\/09\/Arbol1.jpg?resize=300%2C200&amp;ssl=1 300w, https:\/\/i0.wp.com\/eltrabajo.cl\/portal\/wp-content\/uploads\/2020\/09\/Arbol1.jpg?resize=200%2C134&amp;ssl=1 200w\" sizes=\"auto, (max-width: 578px) 100vw, 578px\" \/><figcaption id=\"caption-attachment-102916\" class=\"wp-caption-text\">UN PROBLEMA GIGANTE.- Estas vecinas muestran a Diario El Trabajo el enorme pimiento expandido por encima de su casa.<\/figcaption><\/figure>\n<figure id=\"attachment_102917\" aria-describedby=\"caption-attachment-102917\" style=\"width: 579px\" class=\"wp-caption alignnone\"><img data-recalc-dims=\"1\" loading=\"lazy\" decoding=\"async\" class=\"size-full wp-image-102917\" src=\"https:\/\/i0.wp.com\/eltrabajo.cl\/portal\/wp-content\/uploads\/2020\/09\/Arbol2.jpg?resize=579%2C387&#038;ssl=1\" alt=\"PELIGRO INMINENTE.- Como se nota en la gr\u00e1fica, el enorme pimiento est\u00e1 por encima de la vivienda, y sus ra\u00edces ya est\u00e1n debajo del piso intentando salir, adem\u00e1s, los cables el\u00e9ctricos tambi\u00e9n son otro peligro.\" width=\"579\" height=\"387\" srcset=\"https:\/\/i0.wp.com\/eltrabajo.cl\/portal\/wp-content\/uploads\/2020\/09\/Arbol2.jpg?w=579&amp;ssl=1 579w, https:\/\/i0.wp.com\/eltrabajo.cl\/portal\/wp-content\/uploads\/2020\/09\/Arbol2.jpg?resize=300%2C201&amp;ssl=1 300w, https:\/\/i0.wp.com\/eltrabajo.cl\/portal\/wp-content\/uploads\/2020\/09\/Arbol2.jpg?resize=200%2C134&amp;ssl=1 200w\" sizes=\"auto, (max-width: 579px) 100vw, 579px\" \/><figcaption id=\"caption-attachment-102917\" class=\"wp-caption-text\">PELIGRO INMINENTE.- Como se nota en la gr\u00e1fica, el enorme pimiento est\u00e1 por encima de la vivienda, y sus ra\u00edces ya est\u00e1n debajo del piso intentando salir, adem\u00e1s, los cables el\u00e9ctricos tambi\u00e9n son otro peligro.<\/figcaption><\/figure>\n<figure id=\"attachment_102918\" aria-describedby=\"caption-attachment-102918\" style=\"width: 579px\" class=\"wp-caption alignnone\"><img data-recalc-dims=\"1\" loading=\"lazy\" decoding=\"async\" class=\"size-full wp-image-102918\" src=\"https:\/\/i0.wp.com\/eltrabajo.cl\/portal\/wp-content\/uploads\/2020\/09\/Arbol3.jpg?resize=579%2C387&#038;ssl=1\" alt=\"PISO DESTRUIDO.- Esta es la madera del viejo piso, la que debi\u00f3 ser quitada porque las ra\u00edces la da\u00f1aron con el tiempo.\" width=\"579\" height=\"387\" srcset=\"https:\/\/i0.wp.com\/eltrabajo.cl\/portal\/wp-content\/uploads\/2020\/09\/Arbol3.jpg?w=579&amp;ssl=1 579w, https:\/\/i0.wp.com\/eltrabajo.cl\/portal\/wp-content\/uploads\/2020\/09\/Arbol3.jpg?resize=300%2C201&amp;ssl=1 300w, https:\/\/i0.wp.com\/eltrabajo.cl\/portal\/wp-content\/uploads\/2020\/09\/Arbol3.jpg?resize=200%2C134&amp;ssl=1 200w\" sizes=\"auto, (max-width: 579px) 100vw, 579px\" \/><figcaption id=\"caption-attachment-102918\" class=\"wp-caption-text\">PISO DESTRUIDO.- Esta es la madera del viejo piso, la que debi\u00f3 ser quitada porque las ra\u00edces la da\u00f1aron con el tiempo.<\/figcaption><\/figure>\n<figure id=\"attachment_102915\" aria-describedby=\"caption-attachment-102915\" style=\"width: 579px\" class=\"wp-caption alignnone\"><img data-recalc-dims=\"1\" loading=\"lazy\" decoding=\"async\" class=\"size-full wp-image-102915\" src=\"https:\/\/i0.wp.com\/eltrabajo.cl\/portal\/wp-content\/uploads\/2020\/09\/Arbol_Mireya-Poblete.jpg?resize=579%2C659&#038;ssl=1\" alt=\"Mireya Poblete Pardo, vecina afectada por este invasivo pimiento.\" width=\"579\" height=\"659\" srcset=\"https:\/\/i0.wp.com\/eltrabajo.cl\/portal\/wp-content\/uploads\/2020\/09\/Arbol_Mireya-Poblete.jpg?w=579&amp;ssl=1 579w, https:\/\/i0.wp.com\/eltrabajo.cl\/portal\/wp-content\/uploads\/2020\/09\/Arbol_Mireya-Poblete.jpg?resize=264%2C300&amp;ssl=1 264w, https:\/\/i0.wp.com\/eltrabajo.cl\/portal\/wp-content\/uploads\/2020\/09\/Arbol_Mireya-Poblete.jpg?resize=132%2C150&amp;ssl=1 132w\" sizes=\"auto, (max-width: 579px) 100vw, 579px\" \/><figcaption id=\"caption-attachment-102915\" class=\"wp-caption-text\">Mireya Poblete Pardo, vecina afectada por este invasivo pimiento.<\/figcaption><\/figure>\n<figure id=\"attachment_102919\" aria-describedby=\"caption-attachment-102919\" style=\"width: 579px\" class=\"wp-caption alignnone\"><img data-recalc-dims=\"1\" loading=\"lazy\" decoding=\"async\" class=\"size-full wp-image-102919\" src=\"https:\/\/i0.wp.com\/eltrabajo.cl\/portal\/wp-content\/uploads\/2020\/09\/Arbol4.jpg?resize=579%2C863&#038;ssl=1\" alt=\"SUBTERR\u00c1NEO.- La vereda y pastelones est\u00e1n ya levantados, pues las ra\u00edces de este \u00e1rbol se expande debajo de la tierra.\" width=\"579\" height=\"863\" srcset=\"https:\/\/i0.wp.com\/eltrabajo.cl\/portal\/wp-content\/uploads\/2020\/09\/Arbol4.jpg?w=579&amp;ssl=1 579w, https:\/\/i0.wp.com\/eltrabajo.cl\/portal\/wp-content\/uploads\/2020\/09\/Arbol4.jpg?resize=201%2C300&amp;ssl=1 201w, https:\/\/i0.wp.com\/eltrabajo.cl\/portal\/wp-content\/uploads\/2020\/09\/Arbol4.jpg?resize=101%2C150&amp;ssl=1 101w\" sizes=\"auto, (max-width: 579px) 100vw, 579px\" \/><figcaption id=\"caption-attachment-102919\" class=\"wp-caption-text\">SUBTERR\u00c1NEO.- La vereda y pastelones est\u00e1n ya levantados, pues las ra\u00edces de este \u00e1rbol se expande debajo de la tierra.<\/figcaption><\/figure>\n","protected":false},"excerpt":{"rendered":"<p>Vecina solicita ayuda a la Dipma para evitar una tragedia: Luego que en julio de 2018 public\u00e1ramos la historia del enorme pimiento que amenaza con destruir la vivienda de una familia en&#8230;<\/p>\n","protected":false},"author":482,"featured_media":102916,"comment_status":"closed","ping_status":"open","sticky":false,"template":"","format":"standard","meta":{"advanced_seo_description":"","jetpack_seo_html_title":"","jetpack_seo_noindex":false,"_jetpack_memberships_contains_paid_content":false,"footnotes":""},"categories":[15],"tags":[],"class_list":["post-102914","post","type-post","status-publish","format-standard","has-post-thumbnail","hentry","category-comunidad"],"jetpack_featured_media_url":"https:\/\/i0.wp.com\/eltrabajo.cl\/portal\/wp-content\/uploads\/2020\/09\/Arbol1.jpg?fit=578%2C386&ssl=1","jetpack_sharing_enabled":true,"jetpack_likes_enabled":true,"jetpack-related-posts":[],"_links":{"self":[{"href":"https:\/\/eltrabajo.cl\/portal\/wp-json\/wp\/v2\/posts\/102914","targetHints":{"allow":["GET"]}}],"collection":[{"href":"https:\/\/eltrabajo.cl\/portal\/wp-json\/wp\/v2\/posts"}],"about":[{"href":"https:\/\/eltrabajo.cl\/portal\/wp-json\/wp\/v2\/types\/post"}],"author":[{"embeddable":true,"href":"https:\/\/eltrabajo.cl\/portal\/wp-json\/wp\/v2\/users\/482"}],"replies":[{"embeddable":true,"href":"https:\/\/eltrabajo.cl\/portal\/wp-json\/wp\/v2\/comments?post=102914"}],"version-history":[{"count":0,"href":"https:\/\/eltrabajo.cl\/portal\/wp-json\/wp\/v2\/posts\/102914\/revisions"}],"wp:featuredmedia":[{"embeddable":true,"href":"https:\/\/eltrabajo.cl\/portal\/wp-json\/wp\/v2\/media\/102916"}],"wp:attachment":[{"href":"https:\/\/eltrabajo.cl\/portal\/wp-json\/wp\/v2\/media?parent=102914"}],"wp:term":[{"taxonomy":"category","embeddable":true,"href":"https:\/\/eltrabajo.cl\/portal\/wp-json\/wp\/v2\/categories?post=102914"},{"taxonomy":"post_tag","embeddable":true,"href":"https:\/\/eltrabajo.cl\/portal\/wp-json\/wp\/v2\/tags?post=102914"}],"curies":[{"name":"wp","href":"https:\/\/api.w.org\/{rel}","templated":true}]}}