{"id":102999,"date":"2020-09-25T07:45:40","date_gmt":"2020-09-25T10:45:40","guid":{"rendered":"https:\/\/www.eltrabajo.cl\/portal\/?p=102999"},"modified":"2020-09-24T20:18:40","modified_gmt":"2020-09-24T23:18:40","slug":"anfp-pide-se-autorice-el-estadio-municipal-para-recibir-partidos-profesionales","status":"publish","type":"post","link":"https:\/\/eltrabajo.cl\/portal\/anfp-pide-se-autorice-el-estadio-municipal-para-recibir-partidos-profesionales\/","title":{"rendered":"ANFP pide se autorice el estadio Municipal para recibir partidos profesionales"},"content":{"rendered":"<p style=\"text-align: justify;\">Por medio de una carta dirigida a la Ministra del Deporte, <strong>Cecilia P\u00e9rez<\/strong>, el presidente de la Asociaci\u00f3n Nacional de F\u00fatbol Profesional, <strong>Pablo Milad<\/strong>, solicit\u00f3 que la autoridad evalu\u00e9 la posibilidad que cuatro recintos deportivos sean habilitados para albergar partidos de los torneos nacionales.<\/p>\n<p style=\"text-align: justify;\">Entre los reductos por los cuales intercede Milad, se encuentra el estadio Municipal de San Felipe, que como se sabr\u00e1 fue objetado por Estadio Seguro, pese a que la Sociedad Chilena de Medicina del Deporte lo valid\u00f3 sin poner mayores objeciones. <em>\u00abLos beneficios que estas habilitaciones generar\u00edan, adem\u00e1s de disminuir el riesgo sanitario de evitar las migraciones de clubes de una regi\u00f3n a otra, es el producir un efecto de descompresi\u00f3n respecto de la utilizaci\u00f3n tanto de recursos humanos en materia de seguridad p\u00fablica, como tambi\u00e9n de infraestructura\u00bb,<\/em> dice la misiva en su parte final.<\/p>\n<p style=\"text-align: justify;\">Los otros estadios que la ANFP busca que se habiliten son: Estadio Municipal \u2018Joaqu\u00edn Mu\u00f1oz Garc\u00eda\u2019 de Santa Cruz; Estadio Municipal de San Bernardo y el Estadio Municipal de La Pintana.<\/p>\n<figure id=\"attachment_103000\" aria-describedby=\"caption-attachment-103000\" style=\"width: 578px\" class=\"wp-caption alignnone\"><img data-recalc-dims=\"1\" loading=\"lazy\" decoding=\"async\" class=\"size-full wp-image-103000\" src=\"https:\/\/i0.wp.com\/eltrabajo.cl\/portal\/wp-content\/uploads\/2020\/09\/estadio-municipal.jpg?resize=578%2C385&#038;ssl=1\" alt=\"De prosperar las gestiones de la ANFP, el estadio Municipal ser\u00eda habilitado para que el Un\u00ed Un\u00ed juegue sus partidos como local.\" width=\"578\" height=\"385\" srcset=\"https:\/\/i0.wp.com\/eltrabajo.cl\/portal\/wp-content\/uploads\/2020\/09\/estadio-municipal.jpg?w=578&amp;ssl=1 578w, https:\/\/i0.wp.com\/eltrabajo.cl\/portal\/wp-content\/uploads\/2020\/09\/estadio-municipal.jpg?resize=300%2C200&amp;ssl=1 300w, https:\/\/i0.wp.com\/eltrabajo.cl\/portal\/wp-content\/uploads\/2020\/09\/estadio-municipal.jpg?resize=200%2C133&amp;ssl=1 200w\" sizes=\"auto, (max-width: 578px) 100vw, 578px\" \/><figcaption id=\"caption-attachment-103000\" class=\"wp-caption-text\">De prosperar las gestiones de la ANFP, el estadio Municipal ser\u00eda habilitado para que el Un\u00ed Un\u00ed juegue sus partidos como local.<\/figcaption><\/figure>\n","protected":false},"excerpt":{"rendered":"<p>Por medio de una carta dirigida a la Ministra del Deporte, Cecilia P\u00e9rez, el presidente de la Asociaci\u00f3n Nacional de F\u00fatbol Profesional, Pablo Milad, solicit\u00f3 que la autoridad evalu\u00e9 la posibilidad que&#8230;<\/p>\n","protected":false},"author":482,"featured_media":103000,"comment_status":"closed","ping_status":"open","sticky":false,"template":"","format":"standard","meta":{"advanced_seo_description":"","jetpack_seo_html_title":"","jetpack_seo_noindex":false,"_jetpack_memberships_contains_paid_content":false,"footnotes":""},"categories":[19],"tags":[],"class_list":["post-102999","post","type-post","status-publish","format-standard","has-post-thumbnail","hentry","category-deportes"],"jetpack_featured_media_url":"https:\/\/i0.wp.com\/eltrabajo.cl\/portal\/wp-content\/uploads\/2020\/09\/estadio-municipal.jpg?fit=578%2C385&ssl=1","jetpack_sharing_enabled":true,"jetpack_likes_enabled":true,"jetpack-related-posts":[],"_links":{"self":[{"href":"https:\/\/eltrabajo.cl\/portal\/wp-json\/wp\/v2\/posts\/102999","targetHints":{"allow":["GET"]}}],"collection":[{"href":"https:\/\/eltrabajo.cl\/portal\/wp-json\/wp\/v2\/posts"}],"about":[{"href":"https:\/\/eltrabajo.cl\/portal\/wp-json\/wp\/v2\/types\/post"}],"author":[{"embeddable":true,"href":"https:\/\/eltrabajo.cl\/portal\/wp-json\/wp\/v2\/users\/482"}],"replies":[{"embeddable":true,"href":"https:\/\/eltrabajo.cl\/portal\/wp-json\/wp\/v2\/comments?post=102999"}],"version-history":[{"count":0,"href":"https:\/\/eltrabajo.cl\/portal\/wp-json\/wp\/v2\/posts\/102999\/revisions"}],"wp:featuredmedia":[{"embeddable":true,"href":"https:\/\/eltrabajo.cl\/portal\/wp-json\/wp\/v2\/media\/103000"}],"wp:attachment":[{"href":"https:\/\/eltrabajo.cl\/portal\/wp-json\/wp\/v2\/media?parent=102999"}],"wp:term":[{"taxonomy":"category","embeddable":true,"href":"https:\/\/eltrabajo.cl\/portal\/wp-json\/wp\/v2\/categories?post=102999"},{"taxonomy":"post_tag","embeddable":true,"href":"https:\/\/eltrabajo.cl\/portal\/wp-json\/wp\/v2\/tags?post=102999"}],"curies":[{"name":"wp","href":"https:\/\/api.w.org\/{rel}","templated":true}]}}