{"id":103012,"date":"2020-09-25T08:00:31","date_gmt":"2020-09-25T11:00:31","guid":{"rendered":"https:\/\/www.eltrabajo.cl\/portal\/?p=103012"},"modified":"2020-09-24T20:28:29","modified_gmt":"2020-09-24T23:28:29","slug":"detienen-a-22-personas-que-se-encontraban-en-un-restaurante-sin-las-medidas-sanitarias","status":"publish","type":"post","link":"https:\/\/eltrabajo.cl\/portal\/detienen-a-22-personas-que-se-encontraban-en-un-restaurante-sin-las-medidas-sanitarias\/","title":{"rendered":"Detienen a 22 personas que se encontraban en un restaurante sin las medidas sanitarias"},"content":{"rendered":"<p style=\"text-align: left;\"><span style=\"color: #c80000;\"><strong>Por infringir el art\u00edculo 318 del C\u00f3digo Penal:<\/strong><\/span><\/p>\n<p style=\"text-align: justify;\">Carabineros de San Felipe detuvo a 22 personas que estaban al interior de un restaurante ubicado en calle Coimas, viendo un partido sin la autorizaci\u00f3n correspondiente.<\/p>\n<p style=\"text-align: justify;\">La informaci\u00f3n fue entregada por Carabineros de San Felipe a trav\u00e9s del capit\u00e1n <strong>Franco Herrera Quezada<\/strong>, quien se\u00f1al\u00f3 que estas detenciones se produjeron a eso de las 19:40 horas de este d\u00eda mi\u00e9rcoles, cuando se recibi\u00f3 informaci\u00f3n que estaba funcionando un local clandestino de venta de bebidas alcoh\u00f3licas en calle Coimas, entre Santo Domingo y Carlos Condell; <em>\u00abal lugar fue personal de Carabineros y efectivamente pudo establecer la veracidad del hecho, hab\u00eda un local que estaba funcionando incluso a puertas abiertas de libre acceso p\u00fablico, con ventas de cervezas para ser consumidas al interior del local, se estaba exhibiendo adem\u00e1s un encuentro deportivo del Colo-Colo, habiendo al interior una afluencia de 22 personas que estaban totalmente aglomeradas, sin ninguna medida sanitaria, as\u00ed es que por tal motivo se procedi\u00f3 de inmediato al cierre de este local clandestino, a la detenci\u00f3n tanto del regente como la totalidad de personas que estaban al interior consumiendo bebidas alcoh\u00f3licas por infracci\u00f3n al art\u00edculo 318 del c\u00f3digo penal, por poner en riesgo la salubridad p\u00fablica y ellos; adem\u00e1s se dio cuenta al juzgado de polic\u00eda local por la venta clandestina de alcohol y paralelamente tambi\u00e9n a la Seremi de Salud para efectos del sumario sanitario que el caso amerita\u00bb,<\/em> indic\u00f3.<\/p>\n<p style=\"text-align: justify;\">Lo otro importante que se\u00f1al\u00f3 el capit\u00e1n Herrera, fue que dentro de las 22 personas detenidas hab\u00eda dos adolescentes de 15 y 17 a\u00f1os, las cuales fueron entregadas a sus padres y adem\u00e1s hab\u00eda una persona que manten\u00eda una orden vigente del Tribunal de Vi\u00f1a del Mar.<\/p>\n<p style=\"text-align: justify;\">El fiscal de turno dispuso que los detenidos quedaran en libertad en espera de citaci\u00f3n por parte del Ministerio P\u00fablico.<\/p>\n<figure id=\"attachment_103013\" aria-describedby=\"caption-attachment-103013\" style=\"width: 579px\" class=\"wp-caption alignnone\"><img data-recalc-dims=\"1\" loading=\"lazy\" decoding=\"async\" class=\"size-full wp-image-103013\" src=\"https:\/\/i0.wp.com\/eltrabajo.cl\/portal\/wp-content\/uploads\/2020\/09\/capitan-franco-Herrera-1.jpg?resize=579%2C389&#038;ssl=1\" alt=\"Capit\u00e1n Franco Herrera Quezada, subcomisario de los Servicios de la Segunda Comisar\u00eda de San Felipe.\" width=\"579\" height=\"389\" srcset=\"https:\/\/i0.wp.com\/eltrabajo.cl\/portal\/wp-content\/uploads\/2020\/09\/capitan-franco-Herrera-1.jpg?w=579&amp;ssl=1 579w, https:\/\/i0.wp.com\/eltrabajo.cl\/portal\/wp-content\/uploads\/2020\/09\/capitan-franco-Herrera-1.jpg?resize=300%2C202&amp;ssl=1 300w, https:\/\/i0.wp.com\/eltrabajo.cl\/portal\/wp-content\/uploads\/2020\/09\/capitan-franco-Herrera-1.jpg?resize=200%2C134&amp;ssl=1 200w\" sizes=\"auto, (max-width: 579px) 100vw, 579px\" \/><figcaption id=\"caption-attachment-103013\" class=\"wp-caption-text\">Capit\u00e1n Franco Herrera Quezada, subcomisario de los Servicios de la Segunda Comisar\u00eda de San Felipe.<\/figcaption><\/figure>\n","protected":false},"excerpt":{"rendered":"<p>Por infringir el art\u00edculo 318 del C\u00f3digo Penal: Carabineros de San Felipe detuvo a 22 personas que estaban al interior de un restaurante ubicado en calle Coimas, viendo un partido sin la&#8230;<\/p>\n","protected":false},"author":482,"featured_media":103013,"comment_status":"closed","ping_status":"open","sticky":false,"template":"","format":"standard","meta":{"advanced_seo_description":"","jetpack_seo_html_title":"","jetpack_seo_noindex":false,"_jetpack_memberships_contains_paid_content":false,"footnotes":""},"categories":[21],"tags":[],"class_list":["post-103012","post","type-post","status-publish","format-standard","has-post-thumbnail","hentry","category-policial"],"jetpack_featured_media_url":"https:\/\/i0.wp.com\/eltrabajo.cl\/portal\/wp-content\/uploads\/2020\/09\/capitan-franco-Herrera-1.jpg?fit=579%2C389&ssl=1","jetpack_sharing_enabled":true,"jetpack_likes_enabled":true,"jetpack-related-posts":[],"_links":{"self":[{"href":"https:\/\/eltrabajo.cl\/portal\/wp-json\/wp\/v2\/posts\/103012","targetHints":{"allow":["GET"]}}],"collection":[{"href":"https:\/\/eltrabajo.cl\/portal\/wp-json\/wp\/v2\/posts"}],"about":[{"href":"https:\/\/eltrabajo.cl\/portal\/wp-json\/wp\/v2\/types\/post"}],"author":[{"embeddable":true,"href":"https:\/\/eltrabajo.cl\/portal\/wp-json\/wp\/v2\/users\/482"}],"replies":[{"embeddable":true,"href":"https:\/\/eltrabajo.cl\/portal\/wp-json\/wp\/v2\/comments?post=103012"}],"version-history":[{"count":0,"href":"https:\/\/eltrabajo.cl\/portal\/wp-json\/wp\/v2\/posts\/103012\/revisions"}],"wp:featuredmedia":[{"embeddable":true,"href":"https:\/\/eltrabajo.cl\/portal\/wp-json\/wp\/v2\/media\/103013"}],"wp:attachment":[{"href":"https:\/\/eltrabajo.cl\/portal\/wp-json\/wp\/v2\/media?parent=103012"}],"wp:term":[{"taxonomy":"category","embeddable":true,"href":"https:\/\/eltrabajo.cl\/portal\/wp-json\/wp\/v2\/categories?post=103012"},{"taxonomy":"post_tag","embeddable":true,"href":"https:\/\/eltrabajo.cl\/portal\/wp-json\/wp\/v2\/tags?post=103012"}],"curies":[{"name":"wp","href":"https:\/\/api.w.org\/{rel}","templated":true}]}}