{"id":103064,"date":"2020-09-29T07:50:10","date_gmt":"2020-09-29T10:50:10","guid":{"rendered":"https:\/\/www.eltrabajo.cl\/portal\/?p=103064"},"modified":"2020-09-28T21:14:42","modified_gmt":"2020-09-29T00:14:42","slug":"hoy-familiares-y-amigos-despiden-a-joel-torrejon-en-cementerio-de-almendral","status":"publish","type":"post","link":"https:\/\/eltrabajo.cl\/portal\/hoy-familiares-y-amigos-despiden-a-joel-torrejon-en-cementerio-de-almendral\/","title":{"rendered":"Hoy familiares y amigos despiden a Joel Torrej\u00f3n en cementerio de Almendral"},"content":{"rendered":"<p style=\"text-align: left;\"><span style=\"color: #c80000;\"><strong>Atravesaba cuadro depresivo por muerte de su madre:<\/strong><\/span><\/p>\n<p style=\"text-align: justify;\">Como un torbellino de alegr\u00eda que arras\u00f3 con todo el cari\u00f1o de sus amigos, familiares y admiradoras a su paso por muy corto tiempo, as\u00ed se fue para siempre el conocido <strong>Joel Andr\u00e9s Torrej\u00f3n Quiroz<\/strong>, de 19 a\u00f1os de edad, a quien sus familiares hallaron sin vida este domingo en su casa de habitaci\u00f3n. Su determinaci\u00f3n, pese a todo el dolor y amargura de sus familiares y cercanos, aunque fue muy lamentada por ellos, de igual manera no ha sido cuestionada, pues representa en el fondo el cierre de una conmovedora historia del anhelo de un hijo por reunirse con su difunta madre.<\/p>\n<p style=\"text-align: justify;\">\n<p style=\"text-align: justify;\"><span style=\"color: #c80000;\"><strong>FAMILIA DESTROZADA<\/strong><\/span><\/p>\n<p style=\"text-align: justify;\">\u2018<strong>El Negrito<\/strong>\u2019, como era conocido Joel Andr\u00e9s, era hijo del conocido dirigente deportivo <strong>Juan Torrej\u00f3n<\/strong>, presidente de la Asociaci\u00f3n de F\u00fatbol Amateur de Santa Mar\u00eda, quien visiblemente afectado hizo un gran esfuerzo para atender a <strong>Diario El Trabajo<\/strong>, y contarnos as\u00ed c\u00f3mo \u00e9l y toda su familia han quedado destrozados por la partida de su hijo Joel.<\/p>\n<p style=\"text-align: justify;\">\u00ab<em>Mi hijo hace poco hab\u00eda cumplido sus 19 a\u00f1os, estudiaba en el Liceo Roberto Humeres, a Joel desde chiquitito cuando adopt\u00e9 y con mucho cari\u00f1o lo reconoc\u00ed como mi hijo cuando falleci\u00f3 su mam\u00e1 <strong>Rosita Quiroz<\/strong>, desde que lleg\u00f3 a nuestro hogar \u00e9l se hizo al tiro de cinco hermanos, es mi hijo y por eso lleva mi apellido, siempre fue un chico muy tranquilo y aunque viv\u00eda su vida fant\u00e1stica como pod\u00eda, \u00e9l nunca pudo superar la muerte de su madre, ocurrida hace cinco a\u00f1os en el mes de septiembre, cada a\u00f1o Joel se deprim\u00eda mucho en estos meses<\/em>\u00bb, coment\u00f3 Torrej\u00f3n a nuestro medio.<\/p>\n<p style=\"text-align: justify;\">&#8211; <strong>\u00bfC\u00f3mo manejaron ustedes su depresi\u00f3n para brindarle acompa\u00f1amiento?<\/strong><\/p>\n<p style=\"text-align: justify;\">&#8211; Luchamos contra su depresi\u00f3n toda la familia, sus hermanos, lo tuvimos en tratamiento, despu\u00e9s con esto de la pandemia se agot\u00f3 todo, \u00e9l cumpli\u00f3 los 18 a\u00f1os, estaba feliz, ten\u00eda muchos planes y ya quer\u00eda hacer su vida independiente. Me dijo: \u2018Pap\u00e1, ya me mandaste t\u00fa hasta los 17 a\u00f1os y ya soy un hombre y quiero hacer mi vida bajo mi propia perspectiva\u2019.<\/p>\n<p style=\"text-align: justify;\">&#8211; <strong>\u00bfEra un chico muy enamorado Joel? <\/strong><\/p>\n<p style=\"text-align: justify;\">&#8211; S\u00ed y mucho, \u00e9l ten\u00eda sus pololas, ten\u00eda mucha suerte con las mujeres. Yo de repente no sab\u00eda cu\u00e1l era su polola porque muchas lo regaloneaban, \u00e9l era muy espectacular, viv\u00eda muy acelerado y siempre dec\u00eda que quer\u00eda estar con su mam\u00e1, siempre encontrarse con ella y yo s\u00e9 que ahora est\u00e1 con su mam\u00e1.<\/p>\n<p style=\"text-align: justify;\">&#8211; <strong>\u00bfD\u00f3nde se realiza su velatorio y cu\u00e1ndo los funerales?<\/strong><\/p>\n<p style=\"text-align: justify;\">&#8211; En Villa 250 A\u00f1os viven sus abuelos y \u00e9l ten\u00eda amistades en ese sector, ah\u00ed en una casa se realizar\u00e1 el velatorio la noche de este lunes, y sus funerales ser\u00e1n en el patio 19 a las 11:30 horas de este martes en el Cementerio Municipal de San Felipe, en El Almendral. Sabemos que mucha gente quiere estar con \u00e9l en el velatorio, pero no se puede, se nos complica mucho por el protocolo.<\/p>\n<p style=\"text-align: justify;\">&#8211; <strong>\u00bfAlg\u00fan mensaje a nuestros lectores, especialmente a quienes tienen hijos adolescentes?<\/strong><\/p>\n<p style=\"text-align: justify;\">&#8211; S\u00ed, quiero agradecer a todos quienes me han llamado y nos est\u00e1n apoyando con solidaridad, quiero decirles a los padres y a las madres que tienen hijos, que le pongan atenci\u00f3n a todas las se\u00f1ales de sus hijos, a veces uno piensa que le estamos dando todo y hasta podemos creer que ellos est\u00e1n jugando cuando se enfadan o dicen algunas cosas, a veces no les creemos, lo cierto del caso es que contra los estados depresivos poco o nada se logra hacer, varios doctores me han llamado y me han explicado que es muy dif\u00edcil luchar contra la depresi\u00f3n porque es una situaci\u00f3n fulminante que te atrapa.<\/p>\n<p style=\"text-align: justify;\">\n<p style=\"text-align: justify;\"><span style=\"color: #c80000;\"><strong>\u00a1ADI\u00d3S NEGRITO!<\/strong><\/span><\/p>\n<p style=\"text-align: justify;\">Todo el personal administrativo, gerencial y period\u00edstico de <strong>Diario El Trabajo<\/strong> hoy nos unimos al sentimiento de dolor de la Familia Torrej\u00f3n en estos momentos de amargura, esperando que pronto logren repuntar en sus esfuerzos y proyectos hacia un mejor porvenir. \u00a1<strong>Descansa en Paz Joel Torrej\u00f3n Quiroz<\/strong>!<\/p>\n<p style=\"text-align: justify;\"><strong>Roberto Gonz\u00e1lez Short<\/strong><\/p>\n<figure id=\"attachment_103066\" aria-describedby=\"caption-attachment-103066\" style=\"width: 699px\" class=\"wp-caption alignnone\"><img data-recalc-dims=\"1\" loading=\"lazy\" decoding=\"async\" class=\"size-full wp-image-103066\" src=\"https:\/\/i0.wp.com\/eltrabajo.cl\/portal\/wp-content\/uploads\/2020\/09\/Joel-Torrejon-2.jpg?resize=640%2C641&#038;ssl=1\" alt=\"JOEL TORREJ\u00d3N.- Este joven sanfelipe\u00f1o vivi\u00f3 intensamente cada momento de su vida, ser\u00e1 sepultado hoy.\" width=\"640\" height=\"641\" srcset=\"https:\/\/i0.wp.com\/eltrabajo.cl\/portal\/wp-content\/uploads\/2020\/09\/Joel-Torrejon-2.jpg?w=699&amp;ssl=1 699w, https:\/\/i0.wp.com\/eltrabajo.cl\/portal\/wp-content\/uploads\/2020\/09\/Joel-Torrejon-2.jpg?resize=300%2C300&amp;ssl=1 300w, https:\/\/i0.wp.com\/eltrabajo.cl\/portal\/wp-content\/uploads\/2020\/09\/Joel-Torrejon-2.jpg?resize=150%2C150&amp;ssl=1 150w, https:\/\/i0.wp.com\/eltrabajo.cl\/portal\/wp-content\/uploads\/2020\/09\/Joel-Torrejon-2.jpg?resize=696%2C697&amp;ssl=1 696w\" sizes=\"auto, (max-width: 640px) 100vw, 640px\" \/><figcaption id=\"caption-attachment-103066\" class=\"wp-caption-text\">JOEL TORREJ\u00d3N.- Este joven sanfelipe\u00f1o vivi\u00f3 intensamente cada momento de su vida, ser\u00e1 sepultado hoy.<\/figcaption><\/figure>\n<figure id=\"attachment_103067\" aria-describedby=\"caption-attachment-103067\" style=\"width: 699px\" class=\"wp-caption alignnone\"><img data-recalc-dims=\"1\" loading=\"lazy\" decoding=\"async\" class=\"size-full wp-image-103067\" src=\"https:\/\/i0.wp.com\/eltrabajo.cl\/portal\/wp-content\/uploads\/2020\/09\/Joel-Torrejon-Quiroz.jpg?resize=640%2C647&#038;ssl=1\" alt=\"Joel era un chico tranquilo, su partida sorprendi\u00f3 a muchos en nuestra comuna.\" width=\"640\" height=\"647\" srcset=\"https:\/\/i0.wp.com\/eltrabajo.cl\/portal\/wp-content\/uploads\/2020\/09\/Joel-Torrejon-Quiroz.jpg?w=699&amp;ssl=1 699w, https:\/\/i0.wp.com\/eltrabajo.cl\/portal\/wp-content\/uploads\/2020\/09\/Joel-Torrejon-Quiroz.jpg?resize=297%2C300&amp;ssl=1 297w, https:\/\/i0.wp.com\/eltrabajo.cl\/portal\/wp-content\/uploads\/2020\/09\/Joel-Torrejon-Quiroz.jpg?resize=148%2C150&amp;ssl=1 148w, https:\/\/i0.wp.com\/eltrabajo.cl\/portal\/wp-content\/uploads\/2020\/09\/Joel-Torrejon-Quiroz.jpg?resize=696%2C704&amp;ssl=1 696w\" sizes=\"auto, (max-width: 640px) 100vw, 640px\" \/><figcaption id=\"caption-attachment-103067\" class=\"wp-caption-text\">Joel era un chico tranquilo, su partida sorprendi\u00f3 a muchos en nuestra comuna.<\/figcaption><\/figure>\n<figure id=\"attachment_103068\" aria-describedby=\"caption-attachment-103068\" style=\"width: 699px\" class=\"wp-caption alignnone\"><img data-recalc-dims=\"1\" loading=\"lazy\" decoding=\"async\" class=\"size-full wp-image-103068\" src=\"https:\/\/i0.wp.com\/eltrabajo.cl\/portal\/wp-content\/uploads\/2020\/09\/Joel_Juan-Torrejon.jpg?resize=640%2C643&#038;ssl=1\" alt=\"Juan Torrej\u00f3n, conocido dirigente deportivo, pap\u00e1 de Joel.\" width=\"640\" height=\"643\" srcset=\"https:\/\/i0.wp.com\/eltrabajo.cl\/portal\/wp-content\/uploads\/2020\/09\/Joel_Juan-Torrejon.jpg?w=699&amp;ssl=1 699w, https:\/\/i0.wp.com\/eltrabajo.cl\/portal\/wp-content\/uploads\/2020\/09\/Joel_Juan-Torrejon.jpg?resize=300%2C300&amp;ssl=1 300w, https:\/\/i0.wp.com\/eltrabajo.cl\/portal\/wp-content\/uploads\/2020\/09\/Joel_Juan-Torrejon.jpg?resize=149%2C150&amp;ssl=1 149w, https:\/\/i0.wp.com\/eltrabajo.cl\/portal\/wp-content\/uploads\/2020\/09\/Joel_Juan-Torrejon.jpg?resize=696%2C699&amp;ssl=1 696w\" sizes=\"auto, (max-width: 640px) 100vw, 640px\" \/><figcaption id=\"caption-attachment-103068\" class=\"wp-caption-text\">Juan Torrej\u00f3n, conocido dirigente deportivo, pap\u00e1 de Joel.<\/figcaption><\/figure>\n","protected":false},"excerpt":{"rendered":"<p>Atravesaba cuadro depresivo por muerte de su madre: Como un torbellino de alegr\u00eda que arras\u00f3 con todo el cari\u00f1o de sus amigos, familiares y admiradoras a su paso por muy corto tiempo,&#8230;<\/p>\n","protected":false},"author":482,"featured_media":103065,"comment_status":"closed","ping_status":"open","sticky":false,"template":"","format":"standard","meta":{"advanced_seo_description":"","jetpack_seo_html_title":"","jetpack_seo_noindex":false,"_jetpack_memberships_contains_paid_content":false,"footnotes":""},"categories":[15],"tags":[],"class_list":["post-103064","post","type-post","status-publish","format-standard","has-post-thumbnail","hentry","category-comunidad"],"jetpack_featured_media_url":"https:\/\/i0.wp.com\/eltrabajo.cl\/portal\/wp-content\/uploads\/2020\/09\/Joel-Torrejon-2-copia.jpg?fit=700%2C527&ssl=1","jetpack_sharing_enabled":true,"jetpack_likes_enabled":true,"jetpack-related-posts":[],"_links":{"self":[{"href":"https:\/\/eltrabajo.cl\/portal\/wp-json\/wp\/v2\/posts\/103064","targetHints":{"allow":["GET"]}}],"collection":[{"href":"https:\/\/eltrabajo.cl\/portal\/wp-json\/wp\/v2\/posts"}],"about":[{"href":"https:\/\/eltrabajo.cl\/portal\/wp-json\/wp\/v2\/types\/post"}],"author":[{"embeddable":true,"href":"https:\/\/eltrabajo.cl\/portal\/wp-json\/wp\/v2\/users\/482"}],"replies":[{"embeddable":true,"href":"https:\/\/eltrabajo.cl\/portal\/wp-json\/wp\/v2\/comments?post=103064"}],"version-history":[{"count":0,"href":"https:\/\/eltrabajo.cl\/portal\/wp-json\/wp\/v2\/posts\/103064\/revisions"}],"wp:featuredmedia":[{"embeddable":true,"href":"https:\/\/eltrabajo.cl\/portal\/wp-json\/wp\/v2\/media\/103065"}],"wp:attachment":[{"href":"https:\/\/eltrabajo.cl\/portal\/wp-json\/wp\/v2\/media?parent=103064"}],"wp:term":[{"taxonomy":"category","embeddable":true,"href":"https:\/\/eltrabajo.cl\/portal\/wp-json\/wp\/v2\/categories?post=103064"},{"taxonomy":"post_tag","embeddable":true,"href":"https:\/\/eltrabajo.cl\/portal\/wp-json\/wp\/v2\/tags?post=103064"}],"curies":[{"name":"wp","href":"https:\/\/api.w.org\/{rel}","templated":true}]}}