{"id":103070,"date":"2020-09-29T07:55:05","date_gmt":"2020-09-29T10:55:05","guid":{"rendered":"https:\/\/www.eltrabajo.cl\/portal\/?p=103070"},"modified":"2020-09-28T21:17:21","modified_gmt":"2020-09-29T00:17:21","slug":"desborde-de-canal-inunda-algunas-casas-en-villa-juan-martinez-de-rosas","status":"publish","type":"post","link":"https:\/\/eltrabajo.cl\/portal\/desborde-de-canal-inunda-algunas-casas-en-villa-juan-martinez-de-rosas\/","title":{"rendered":"Desborde de canal inunda algunas casas en Villa Juan Mart\u00ednez de Rosas"},"content":{"rendered":"<p style=\"text-align: justify;\">Una mala noche tuvieron que pasar este s\u00e1bado algunos vecinos del pasaje Fernando M\u00e1rquez de la Plata en Villa Juan Mart\u00ednez de Rosas, ubicada en el sector oriente de San Felipe, al costado Villa Cordillera. Lo anterior porque cuando ya se preparaban para dormir, sus casas se inundaron producto del desborde de un canal que se encuentra ubicado en la parte posterior de sus viviendas.<\/p>\n<p style=\"text-align: justify;\">El agua f\u00e1cilmente alcanz\u00f3 un nivel de unos cinco cent\u00edmetros, debiendo los afectados salir con palas y escobillones a tratar de solucionar el problema.<\/p>\n<p style=\"text-align: justify;\"><strong>V\u00edctor Morales<\/strong>, uno de los vecinos afectados, cont\u00f3 lo siguiente a nuestro medio: <em>\u00abEl problema que tuvimos fue como a las 11 de la noche, ya todos y\u00e9ndonos a acostar, cuando el agua empez\u00f3 a entrarse a las casas. Esto era un verdadero r\u00edo, con dos vecinos m\u00e1s que eran los que est\u00e1bamos m\u00e1s afectados, fuimos con unas palas y unas picotas, nos fuimos por detr\u00e1s para ver por d\u00f3nde pod\u00edamos pasar porque est\u00e1 todo cerrado, no se puede entrar por ning\u00fan lado. Hay un pedazo donde est\u00e1 roto all\u00e1 que me imagino alguien debe haber roto antes, nos metimos por ah\u00ed, empezamos a encauzar el agua para que no siguiera vini\u00e9ndose por la orilla de las casas. Estuvimos trabajando harto rato hasta que lleg\u00f3 bomberos, nos dijeron que no era mucho lo que se pod\u00eda hacer por dentro porque como es un terreno privado, ellos no se pueden meter. Lo \u00fanico que hicieron ellos fue chequear el canal hasta el final y ver a d\u00f3nde daba, llamaron a las personas de regad\u00edo de las compuertas para que por favor pudieran cerrar y as\u00ed el agua dejara de meterse a las casas. Nosotros somos dos afectados, un vecino que tiene la casa en arriendo, que hasta el momento no hay nadie, y mi casa que se me inund\u00f3 la \u00faltima habitaci\u00f3n, el patio. El \u00fanico miedo que ten\u00eda era que el agua siguiera subiendo porque tengo a mi hija con miastenia grave y usa un bypass nocturno, entonces si se me quemaba ese bypass era muy grave para m\u00ed\u00bb.<\/em><\/p>\n<p style=\"text-align: justify;\">El vecino comenta que este problema viene desde hace unos tres meses, porque en la parte de atr\u00e1s, donde se ubica el canal, era una plantaci\u00f3n de alfalfa, todo estaba a desnivel, <em>\u00abentonces cuando vino la empresa que est\u00e1 construyendo al lado, emparej\u00f3 el terreno, pero justo en el lado de las casas que van en la orilla dej\u00f3 un desnivel\u2026 Somos cuatro casas donde dej\u00f3 el desnivel, m\u00e1s otras casas que est\u00e1n al otro lado, y justo donde est\u00e1 el desnivel se hace un hoyo, aparte de eso coopera el canal que pasa por el lado de ellos nunca lo han limpiado, est\u00e1 lleno de zarzamora, ramas y todo tipo de cosas\u00bb,<\/em> se\u00f1ala V\u00edctor, uno de los afectados.<\/p>\n<p style=\"text-align: justify;\">Agrega que tuvieron que romper por debajo de las panderetas ubicadas en el pasaje Pedro Prado para que el agua escurriera y se fuera por la calle, <em>\u00abporque si no estar\u00eda todo afectado, aqu\u00ed el vecino de al lado se puede ver que todav\u00eda tiene huella otro vecino de m\u00e1s all\u00e1, tiene por el patio que parec\u00eda regad\u00edo ayer (domingo). Vino otro vecino y me dijo: \u2018Vecino yo tengo hasta la cocina inundada\u2019, supuestamente esa vinieron personas de la municipalidad\u2026 una persona de emergencia, la se\u00f1orita\u2026 no me acuerdo, me dijo: \u2018No se preocupe que aqu\u00ed en su casa va a venir un cami\u00f3n ultra jet -algo as\u00ed- y les va a venir a desinfectar la casa\u2019. Ayer (domingo) lo estuvimos esperando casi cuatro horas y decidimos empezar a limpiar por nosotros mismos. Yo tengo cuatro beb\u00e9s, no puedo esperar, aparte que no se sabe de esas aguas de regad\u00edo qu\u00e9 cosas vienen, as\u00ed es que nos toc\u00f3 lavar, limpiar y como ve todav\u00eda tenemos desorden, muebles mojados y esto ya hab\u00eda pasado la otra vez cuando ellos nivelaron ese terreno, llovi\u00f3 mucho, se volvi\u00f3 a juntar agua ah\u00ed donde mismo, esa agua empez\u00f3 a pasarse a las casas, yo tuve que cambiar una cama porque se fue con hongos, era mucha la humedad\u00bb,<\/em> sostuvo V\u00edctor.<\/p>\n<p style=\"text-align: justify;\">El afectado dice que desde la Universidad de Valpara\u00edso, a trav\u00e9s de un comunicado, descartaron categ\u00f3ricamente que la inundaci\u00f3n registrada en la Villa Juan Mart\u00ednez de Rosas, se deba a los trabajos de ampliaci\u00f3n que se realizan en sus dependencias.<\/p>\n<p style=\"text-align: justify;\">Agregan que apenas conocieron la informaci\u00f3n aparecida en las redes sociales, se comunicaron de inmediato con los encargados de realizar los trabajos de construcci\u00f3n y les confirmaron que no existe ninguna anomal\u00eda en las faenas que se realizan con dicha situaci\u00f3n.<\/p>\n<p style=\"text-align: justify;\">De todas maneras, insiste que por \u00faltimo los encargados de los canales de regad\u00edo debieran encargarse de la mantenci\u00f3n para evitar este tipo de problemas.<\/p>\n<p style=\"text-align: justify;\">Desde la Junta de Vecinos de la Villa Juan Mart\u00ednez de Rosas, su presidente <strong>Jaime V\u00e1squez<\/strong>, reconoce que no es primera vez que sucede este problema; <em>\u00abya ha habido otras situaciones que han afectado por este desborde de este canal, donde el agua entra por los patios de los vecinos del \u00faltimo pasaje que tenemos en el sector\u00bb,<\/em> dijo.<\/p>\n<p style=\"text-align: justify;\">Sobre lo que se puede hacer, indic\u00f3 que le hab\u00edan solicitado hacer tipo una demanda colectiva por la utilizaci\u00f3n de los canales y a quien corresponda. El regante o los canalistas del lugar, <em>\u00abporque tiene que ver con la limpieza, mantenci\u00f3n de estos canales, eso lo pensamos hacer, si est\u00e1 la motivaci\u00f3n de los vecinos, s\u00ed lo vamos a hacer y acompa\u00f1ar esa posici\u00f3n de los vecinos, ya que hay un inter\u00e9s de una construcci\u00f3n que se va a hacer atr\u00e1s, no sabemos c\u00f3mo va a afectar tambi\u00e9n a los vecinos\u00bb,<\/em> se\u00f1al\u00f3 el presidente.<\/p>\n<p style=\"text-align: justify;\">Respecto a lo no ida del cami\u00f3n desde la municipalidad, se\u00f1alaron iba a ir un cami\u00f3n de una empresa limpia fosas que finalmente lleg\u00f3 ayer en la tarde, que sanitizaron el patio, pero al interior no se pod\u00eda por la violencia con que se lanza el agua.<\/p>\n<p style=\"text-align: justify;\">Toda esta situaci\u00f3n ocurri\u00f3 el d\u00eda s\u00e1bado en la noche.<\/p>\n<figure id=\"attachment_103071\" aria-describedby=\"caption-attachment-103071\" style=\"width: 698px\" class=\"wp-caption alignnone\"><img data-recalc-dims=\"1\" loading=\"lazy\" decoding=\"async\" class=\"size-full wp-image-103071\" src=\"https:\/\/i0.wp.com\/eltrabajo.cl\/portal\/wp-content\/uploads\/2020\/09\/canal-agua.jpg?resize=640%2C525&#038;ssl=1\" alt=\"El agua al interior de la casa lleg\u00f3 f\u00e1cilmente a unos cinco cent\u00edmetros.\" width=\"640\" height=\"525\" srcset=\"https:\/\/i0.wp.com\/eltrabajo.cl\/portal\/wp-content\/uploads\/2020\/09\/canal-agua.jpg?w=698&amp;ssl=1 698w, https:\/\/i0.wp.com\/eltrabajo.cl\/portal\/wp-content\/uploads\/2020\/09\/canal-agua.jpg?resize=300%2C246&amp;ssl=1 300w, https:\/\/i0.wp.com\/eltrabajo.cl\/portal\/wp-content\/uploads\/2020\/09\/canal-agua.jpg?resize=183%2C150&amp;ssl=1 183w, https:\/\/i0.wp.com\/eltrabajo.cl\/portal\/wp-content\/uploads\/2020\/09\/canal-agua.jpg?resize=696%2C571&amp;ssl=1 696w\" sizes=\"auto, (max-width: 640px) 100vw, 640px\" \/><figcaption id=\"caption-attachment-103071\" class=\"wp-caption-text\">El agua al interior de la casa lleg\u00f3 f\u00e1cilmente a unos cinco cent\u00edmetros.<\/figcaption><\/figure>\n<figure id=\"attachment_103072\" aria-describedby=\"caption-attachment-103072\" style=\"width: 699px\" class=\"wp-caption alignnone\"><img data-recalc-dims=\"1\" loading=\"lazy\" decoding=\"async\" class=\"size-full wp-image-103072\" src=\"https:\/\/i0.wp.com\/eltrabajo.cl\/portal\/wp-content\/uploads\/2020\/09\/canal-Bomberos.jpg?resize=640%2C884&#038;ssl=1\" alt=\"Personal de Bomberos lleg\u00f3 al lugar pero no pudo hacer gran cosa por tratarse de una propiedad privada.\" width=\"640\" height=\"884\" srcset=\"https:\/\/i0.wp.com\/eltrabajo.cl\/portal\/wp-content\/uploads\/2020\/09\/canal-Bomberos.jpg?w=699&amp;ssl=1 699w, https:\/\/i0.wp.com\/eltrabajo.cl\/portal\/wp-content\/uploads\/2020\/09\/canal-Bomberos.jpg?resize=217%2C300&amp;ssl=1 217w, https:\/\/i0.wp.com\/eltrabajo.cl\/portal\/wp-content\/uploads\/2020\/09\/canal-Bomberos.jpg?resize=109%2C150&amp;ssl=1 109w, https:\/\/i0.wp.com\/eltrabajo.cl\/portal\/wp-content\/uploads\/2020\/09\/canal-Bomberos.jpg?resize=696%2C962&amp;ssl=1 696w\" sizes=\"auto, (max-width: 640px) 100vw, 640px\" \/><figcaption id=\"caption-attachment-103072\" class=\"wp-caption-text\">Personal de Bomberos lleg\u00f3 al lugar pero no pudo hacer gran cosa por tratarse de una propiedad privada.<\/figcaption><\/figure>\n<figure id=\"attachment_103073\" aria-describedby=\"caption-attachment-103073\" style=\"width: 699px\" class=\"wp-caption alignnone\"><img data-recalc-dims=\"1\" loading=\"lazy\" decoding=\"async\" class=\"size-full wp-image-103073\" src=\"https:\/\/i0.wp.com\/eltrabajo.cl\/portal\/wp-content\/uploads\/2020\/09\/canal-Carta.jpg?resize=640%2C530&#038;ssl=1\" alt=\"En la declaraci\u00f3n de la Universidad de Valpara\u00edso, esa entidad descart\u00f3 cualquier relaci\u00f3n con la inundaci\u00f3n.\" width=\"640\" height=\"530\" srcset=\"https:\/\/i0.wp.com\/eltrabajo.cl\/portal\/wp-content\/uploads\/2020\/09\/canal-Carta.jpg?w=699&amp;ssl=1 699w, https:\/\/i0.wp.com\/eltrabajo.cl\/portal\/wp-content\/uploads\/2020\/09\/canal-Carta.jpg?resize=300%2C248&amp;ssl=1 300w, https:\/\/i0.wp.com\/eltrabajo.cl\/portal\/wp-content\/uploads\/2020\/09\/canal-Carta.jpg?resize=181%2C150&amp;ssl=1 181w, https:\/\/i0.wp.com\/eltrabajo.cl\/portal\/wp-content\/uploads\/2020\/09\/canal-Carta.jpg?resize=696%2C577&amp;ssl=1 696w\" sizes=\"auto, (max-width: 640px) 100vw, 640px\" \/><figcaption id=\"caption-attachment-103073\" class=\"wp-caption-text\">En la declaraci\u00f3n de la Universidad de Valpara\u00edso, esa entidad descart\u00f3 cualquier relaci\u00f3n con la inundaci\u00f3n.<\/figcaption><\/figure>\n<figure id=\"attachment_103074\" aria-describedby=\"caption-attachment-103074\" style=\"width: 699px\" class=\"wp-caption alignnone\"><img data-recalc-dims=\"1\" loading=\"lazy\" decoding=\"async\" class=\"size-full wp-image-103074\" src=\"https:\/\/i0.wp.com\/eltrabajo.cl\/portal\/wp-content\/uploads\/2020\/09\/canal-Vecino.jpg?resize=640%2C801&#038;ssl=1\" alt=\"En calcetines tuvo que salir el afectado junto a uno de sus hijos.\" width=\"640\" height=\"801\" srcset=\"https:\/\/i0.wp.com\/eltrabajo.cl\/portal\/wp-content\/uploads\/2020\/09\/canal-Vecino.jpg?w=699&amp;ssl=1 699w, https:\/\/i0.wp.com\/eltrabajo.cl\/portal\/wp-content\/uploads\/2020\/09\/canal-Vecino.jpg?resize=240%2C300&amp;ssl=1 240w, https:\/\/i0.wp.com\/eltrabajo.cl\/portal\/wp-content\/uploads\/2020\/09\/canal-Vecino.jpg?resize=120%2C150&amp;ssl=1 120w, https:\/\/i0.wp.com\/eltrabajo.cl\/portal\/wp-content\/uploads\/2020\/09\/canal-Vecino.jpg?resize=696%2C871&amp;ssl=1 696w\" sizes=\"auto, (max-width: 640px) 100vw, 640px\" \/><figcaption id=\"caption-attachment-103074\" class=\"wp-caption-text\">En calcetines tuvo que salir el afectado junto a uno de sus hijos.<\/figcaption><\/figure>\n<figure id=\"attachment_103075\" aria-describedby=\"caption-attachment-103075\" style=\"width: 699px\" class=\"wp-caption alignnone\"><img data-recalc-dims=\"1\" loading=\"lazy\" decoding=\"async\" class=\"size-full wp-image-103075\" src=\"https:\/\/i0.wp.com\/eltrabajo.cl\/portal\/wp-content\/uploads\/2020\/09\/canal.jpg?resize=640%2C800&#038;ssl=1\" alt=\"El canal totalmente desbordado. Vecinos culpan a la falta de limpieza por parte de los canalistas.\" width=\"640\" height=\"800\" srcset=\"https:\/\/i0.wp.com\/eltrabajo.cl\/portal\/wp-content\/uploads\/2020\/09\/canal.jpg?w=699&amp;ssl=1 699w, https:\/\/i0.wp.com\/eltrabajo.cl\/portal\/wp-content\/uploads\/2020\/09\/canal.jpg?resize=240%2C300&amp;ssl=1 240w, https:\/\/i0.wp.com\/eltrabajo.cl\/portal\/wp-content\/uploads\/2020\/09\/canal.jpg?resize=120%2C150&amp;ssl=1 120w, https:\/\/i0.wp.com\/eltrabajo.cl\/portal\/wp-content\/uploads\/2020\/09\/canal.jpg?resize=696%2C870&amp;ssl=1 696w\" sizes=\"auto, (max-width: 640px) 100vw, 640px\" \/><figcaption id=\"caption-attachment-103075\" class=\"wp-caption-text\">El canal totalmente desbordado. Vecinos culpan a la falta de limpieza por parte de los canalistas.<\/figcaption><\/figure>\n","protected":false},"excerpt":{"rendered":"<p>Una mala noche tuvieron que pasar este s\u00e1bado algunos vecinos del pasaje Fernando M\u00e1rquez de la Plata en Villa Juan Mart\u00ednez de Rosas, ubicada en el sector oriente de San Felipe, al&#8230;<\/p>\n","protected":false},"author":482,"featured_media":103071,"comment_status":"closed","ping_status":"open","sticky":false,"template":"","format":"standard","meta":{"advanced_seo_description":"","jetpack_seo_html_title":"","jetpack_seo_noindex":false,"_jetpack_memberships_contains_paid_content":false,"footnotes":""},"categories":[15],"tags":[],"class_list":["post-103070","post","type-post","status-publish","format-standard","has-post-thumbnail","hentry","category-comunidad"],"jetpack_featured_media_url":"https:\/\/i0.wp.com\/eltrabajo.cl\/portal\/wp-content\/uploads\/2020\/09\/canal-agua.jpg?fit=698%2C573&ssl=1","jetpack_sharing_enabled":true,"jetpack_likes_enabled":true,"jetpack-related-posts":[],"_links":{"self":[{"href":"https:\/\/eltrabajo.cl\/portal\/wp-json\/wp\/v2\/posts\/103070","targetHints":{"allow":["GET"]}}],"collection":[{"href":"https:\/\/eltrabajo.cl\/portal\/wp-json\/wp\/v2\/posts"}],"about":[{"href":"https:\/\/eltrabajo.cl\/portal\/wp-json\/wp\/v2\/types\/post"}],"author":[{"embeddable":true,"href":"https:\/\/eltrabajo.cl\/portal\/wp-json\/wp\/v2\/users\/482"}],"replies":[{"embeddable":true,"href":"https:\/\/eltrabajo.cl\/portal\/wp-json\/wp\/v2\/comments?post=103070"}],"version-history":[{"count":0,"href":"https:\/\/eltrabajo.cl\/portal\/wp-json\/wp\/v2\/posts\/103070\/revisions"}],"wp:featuredmedia":[{"embeddable":true,"href":"https:\/\/eltrabajo.cl\/portal\/wp-json\/wp\/v2\/media\/103071"}],"wp:attachment":[{"href":"https:\/\/eltrabajo.cl\/portal\/wp-json\/wp\/v2\/media?parent=103070"}],"wp:term":[{"taxonomy":"category","embeddable":true,"href":"https:\/\/eltrabajo.cl\/portal\/wp-json\/wp\/v2\/categories?post=103070"},{"taxonomy":"post_tag","embeddable":true,"href":"https:\/\/eltrabajo.cl\/portal\/wp-json\/wp\/v2\/tags?post=103070"}],"curies":[{"name":"wp","href":"https:\/\/api.w.org\/{rel}","templated":true}]}}