{"id":103081,"date":"2020-09-30T07:40:56","date_gmt":"2020-09-30T10:40:56","guid":{"rendered":"https:\/\/www.eltrabajo.cl\/portal\/?p=103081"},"modified":"2020-09-29T21:00:05","modified_gmt":"2020-09-30T00:00:05","slug":"medio-centenar-de-familias-migrantes-auxiliadas-por-caritas-san-felipe-y-obispado","status":"publish","type":"post","link":"https:\/\/eltrabajo.cl\/portal\/medio-centenar-de-familias-migrantes-auxiliadas-por-caritas-san-felipe-y-obispado\/","title":{"rendered":"Medio centenar de familias migrantes auxiliadas por C\u00e1ritas San Felipe y Obispado"},"content":{"rendered":"<p style=\"text-align: left;\"><span style=\"color: #c80000;\"><strong>Con Kit de higiene hogar y mercader\u00eda a cada beneficiado:<\/strong><\/span><\/p>\n<p style=\"text-align: justify;\">Hace ya varias semanas que no se sabe c\u00f3mo lo est\u00e1n pasando las familias m\u00e1s vulnerables de San Felipe, aquellas que no han logrado recibir un 10% de nada, especialmente los extranjeros que en su mayor\u00eda no tienen trabajo y tienen hijos chicos a su cargo, pero aunque no se vea esa penosa realidad no significa que no sea real, es por ello que <strong>Diario El Trabajo<\/strong> dio seguimiento al trabajo social que en terreno est\u00e1n haciendo un grupo de voluntarios, C\u00e1ritas Chile y el Obispado de San Felipe.<\/p>\n<p style=\"text-align: justify;\">\n<p style=\"text-align: justify;\"><span style=\"color: #c80000;\"><strong>SON DOS CAJAS A CADA FAMILIA<\/strong><\/span><\/p>\n<p style=\"text-align: justify;\">Se trata de una campa\u00f1a proyectada a cuatro meses a partir de esta semana, iniciativa que se desarrolla en el marco de la campa\u00f1a <strong>Nadie se Salva Solo<\/strong>, en la que voluntarios de la\u00a0 Pastoral Social C\u00e1ritas San Felipe hicieron entrega de Kits de higiene hogar y mercader\u00eda a familias migrantes. Este proyecto es financiado con recursos econ\u00f3micos a trav\u00e9s del <em>Concurso Chile Compromiso de Todos &#8211; Covid-19 para el a\u00f1o 2020<\/em>, del\u00a0 Ministerio de Desarrollo Social y Familia.<\/p>\n<p style=\"text-align: justify;\">\u00ab<em>Este proyecto beneficia a unas 50 familias migrantes en San Felipe, que por efectos de la pandemia Covid han disminuido sus ingresos y acrecentando su vulnerabilidad. Los efectos del Covid-19, afectan desproporcionadamente a la poblaci\u00f3n migrante, que enfrenta la actual crisis sanitaria con riesgos asociados a una mayor vulnerabilidad social. No todos, pero muchos de ellos han perdido sus trabajos y su fuente de ingreso econ\u00f3mico<\/em> (frecuentemente irregular e informal) <em>con la actual crisis sanitaria, y por necesidades materiales y de sustento salen a trabajar, con limitada protecci\u00f3n para su salud. Sus condiciones de habitabilidad son muchas veces precarias, constituy\u00e9ndose un complejo escenario para seguir las recomendaciones sanitarias de prevenci\u00f3n. A su vez, en su mayor\u00eda, estas personas no cuentan con una red de apoyo o estructura familiar que les brinde ayuda durante este per\u00edodo de resguardo, situaci\u00f3n que les impide acceder a elementos b\u00e1sicos de alimentaci\u00f3n, higiene y aseo<\/em>\u00bb, coment\u00f3 a nuestro medio el voluntario del proyecto Migrantes, <strong>Renso Far\u00edas<\/strong>.<\/p>\n<p style=\"text-align: justify;\">&#8211; <strong>\u00bfDesde hace cu\u00e1ntos d\u00edas iniciaron la entrega de esta ayuda a los migrantes?<\/strong><\/p>\n<p style=\"text-align: justify;\">&#8211; Esta ayuda a las familias comenz\u00f3 a ser entregada por un grupo de voluntarios que pertenecemos a los movimientos Madrugadores de Aconcagua y Encuentro de Padres en el Esp\u00edritu (EPE) de San Felipe, quienes llegaremos hasta los hogares de los beneficiados para compartir con ellos y entregar un mensaje de esperanza. Esta semana estamos haciendo la primera entrega, esperamos que en los siguientes cuatro meses lo sigamos haciendo.<\/p>\n<p style=\"text-align: justify;\">&#8211; <strong>\u00bfQu\u00e9 busca en el fondo lograr este solidario proyecto?<\/strong><\/p>\n<p style=\"text-align: justify;\">&#8211; Este proyecto busca contribuir a la reducci\u00f3n de vulnerabilidad de las personas migrantes para enfrentar la emergencia sanitaria del Covid-19, a trav\u00e9s del establecimiento de medidas de aseguramiento del acceso regular a alimentos, porque van a recibir una caja con alimentos durante cuatro meses consecutivos, la entrega de medidas sanitarias y de higiene personal para favorecer la prevenci\u00f3n de contagio en quienes residen en condiciones de hacinamiento y\/o carencia\u00a0 habitacional.<\/p>\n<p style=\"text-align: justify;\"><strong>Roberto Gonz\u00e1lez Short<\/strong><\/p>\n<figure id=\"attachment_103082\" aria-describedby=\"caption-attachment-103082\" style=\"width: 698px\" class=\"wp-caption alignnone\"><img data-recalc-dims=\"1\" loading=\"lazy\" decoding=\"async\" class=\"size-full wp-image-103082\" src=\"https:\/\/i0.wp.com\/eltrabajo.cl\/portal\/wp-content\/uploads\/2020\/09\/Caritas1.jpg?resize=640%2C434&#038;ssl=1\" alt=\"FAMILIAS AGRADECIDAS.- Carlos Rojas, Iv\u00e1n Guti\u00e9rrez y Renso Far\u00edas, los tres voluntarios del programa Migrantes, entregaron la tarde de este martes m\u00e1s cajas a familias migrantes en Departamentos Enc\u00f3n.\" width=\"640\" height=\"434\" srcset=\"https:\/\/i0.wp.com\/eltrabajo.cl\/portal\/wp-content\/uploads\/2020\/09\/Caritas1.jpg?w=698&amp;ssl=1 698w, https:\/\/i0.wp.com\/eltrabajo.cl\/portal\/wp-content\/uploads\/2020\/09\/Caritas1.jpg?resize=300%2C203&amp;ssl=1 300w, https:\/\/i0.wp.com\/eltrabajo.cl\/portal\/wp-content\/uploads\/2020\/09\/Caritas1.jpg?resize=200%2C136&amp;ssl=1 200w, https:\/\/i0.wp.com\/eltrabajo.cl\/portal\/wp-content\/uploads\/2020\/09\/Caritas1.jpg?resize=696%2C472&amp;ssl=1 696w\" sizes=\"auto, (max-width: 640px) 100vw, 640px\" \/><figcaption id=\"caption-attachment-103082\" class=\"wp-caption-text\">FAMILIAS AGRADECIDAS.- Carlos Rojas, Iv\u00e1n Guti\u00e9rrez y Renso Far\u00edas, los tres voluntarios del programa Migrantes, entregaron la tarde de este martes m\u00e1s cajas a familias migrantes en Departamentos Enc\u00f3n.<\/figcaption><\/figure>\n<figure id=\"attachment_103084\" aria-describedby=\"caption-attachment-103084\" style=\"width: 699px\" class=\"wp-caption alignnone\"><img data-recalc-dims=\"1\" loading=\"lazy\" decoding=\"async\" class=\"size-full wp-image-103084\" src=\"https:\/\/i0.wp.com\/eltrabajo.cl\/portal\/wp-content\/uploads\/2020\/09\/Caritas3.jpg?resize=640%2C454&#038;ssl=1\" alt=\"JUSTO A TIEMPO.- Los migrantes haitianos, peruanos, venezolanos y ecuatorianos, entre otras nacionalidades, est\u00e1n aliviadas con estas cajas de mercader\u00eda e insumos de aseo para adultos mayores tambi\u00e9n.\" width=\"640\" height=\"454\" srcset=\"https:\/\/i0.wp.com\/eltrabajo.cl\/portal\/wp-content\/uploads\/2020\/09\/Caritas3.jpg?w=699&amp;ssl=1 699w, https:\/\/i0.wp.com\/eltrabajo.cl\/portal\/wp-content\/uploads\/2020\/09\/Caritas3.jpg?resize=300%2C213&amp;ssl=1 300w, https:\/\/i0.wp.com\/eltrabajo.cl\/portal\/wp-content\/uploads\/2020\/09\/Caritas3.jpg?resize=200%2C142&amp;ssl=1 200w, https:\/\/i0.wp.com\/eltrabajo.cl\/portal\/wp-content\/uploads\/2020\/09\/Caritas3.jpg?resize=696%2C494&amp;ssl=1 696w\" sizes=\"auto, (max-width: 640px) 100vw, 640px\" \/><figcaption id=\"caption-attachment-103084\" class=\"wp-caption-text\">JUSTO A TIEMPO.- Los migrantes haitianos, peruanos, venezolanos y ecuatorianos, entre otras nacionalidades, est\u00e1n aliviadas con estas cajas de mercader\u00eda e insumos de aseo para adultos mayores tambi\u00e9n.<\/figcaption><\/figure>\n<figure id=\"attachment_103083\" aria-describedby=\"caption-attachment-103083\" style=\"width: 699px\" class=\"wp-caption alignnone\"><img data-recalc-dims=\"1\" loading=\"lazy\" decoding=\"async\" class=\"size-full wp-image-103083\" src=\"https:\/\/i0.wp.com\/eltrabajo.cl\/portal\/wp-content\/uploads\/2020\/09\/Caritas2.jpg?resize=640%2C712&#038;ssl=1\" alt=\"TRANSPARENCIA.- Cada entrega de recursos asistenciales a estas familias es confirmada en las actas de la organizaci\u00f3n.\" width=\"640\" height=\"712\" srcset=\"https:\/\/i0.wp.com\/eltrabajo.cl\/portal\/wp-content\/uploads\/2020\/09\/Caritas2.jpg?w=699&amp;ssl=1 699w, https:\/\/i0.wp.com\/eltrabajo.cl\/portal\/wp-content\/uploads\/2020\/09\/Caritas2.jpg?resize=270%2C300&amp;ssl=1 270w, https:\/\/i0.wp.com\/eltrabajo.cl\/portal\/wp-content\/uploads\/2020\/09\/Caritas2.jpg?resize=135%2C150&amp;ssl=1 135w, https:\/\/i0.wp.com\/eltrabajo.cl\/portal\/wp-content\/uploads\/2020\/09\/Caritas2.jpg?resize=696%2C775&amp;ssl=1 696w\" sizes=\"auto, (max-width: 640px) 100vw, 640px\" \/><figcaption id=\"caption-attachment-103083\" class=\"wp-caption-text\">TRANSPARENCIA.- Cada entrega de recursos asistenciales a estas familias es confirmada en las actas de la organizaci\u00f3n.<\/figcaption><\/figure>\n<figure id=\"attachment_103085\" aria-describedby=\"caption-attachment-103085\" style=\"width: 699px\" class=\"wp-caption alignnone\"><img data-recalc-dims=\"1\" loading=\"lazy\" decoding=\"async\" class=\"size-full wp-image-103085\" src=\"https:\/\/i0.wp.com\/eltrabajo.cl\/portal\/wp-content\/uploads\/2020\/09\/Caritas_Renso-Farias.jpg?resize=640%2C668&#038;ssl=1\" alt=\"Voluntario del proyecto Migrantes, Renso Far\u00edas.\" width=\"640\" height=\"668\" srcset=\"https:\/\/i0.wp.com\/eltrabajo.cl\/portal\/wp-content\/uploads\/2020\/09\/Caritas_Renso-Farias.jpg?w=699&amp;ssl=1 699w, https:\/\/i0.wp.com\/eltrabajo.cl\/portal\/wp-content\/uploads\/2020\/09\/Caritas_Renso-Farias.jpg?resize=287%2C300&amp;ssl=1 287w, https:\/\/i0.wp.com\/eltrabajo.cl\/portal\/wp-content\/uploads\/2020\/09\/Caritas_Renso-Farias.jpg?resize=144%2C150&amp;ssl=1 144w, https:\/\/i0.wp.com\/eltrabajo.cl\/portal\/wp-content\/uploads\/2020\/09\/Caritas_Renso-Farias.jpg?resize=696%2C727&amp;ssl=1 696w\" sizes=\"auto, (max-width: 640px) 100vw, 640px\" \/><figcaption id=\"caption-attachment-103085\" class=\"wp-caption-text\">Voluntario del proyecto Migrantes, Renso Far\u00edas.<\/figcaption><\/figure>\n","protected":false},"excerpt":{"rendered":"<p>Con Kit de higiene hogar y mercader\u00eda a cada beneficiado: Hace ya varias semanas que no se sabe c\u00f3mo lo est\u00e1n pasando las familias m\u00e1s vulnerables de San Felipe, aquellas que no&#8230;<\/p>\n","protected":false},"author":482,"featured_media":103082,"comment_status":"closed","ping_status":"open","sticky":false,"template":"","format":"standard","meta":{"advanced_seo_description":"","jetpack_seo_html_title":"","jetpack_seo_noindex":false,"_jetpack_memberships_contains_paid_content":false,"footnotes":""},"categories":[15,105],"tags":[],"class_list":["post-103081","post","type-post","status-publish","format-standard","has-post-thumbnail","hentry","category-comunidad","category-covid-19"],"jetpack_featured_media_url":"https:\/\/i0.wp.com\/eltrabajo.cl\/portal\/wp-content\/uploads\/2020\/09\/Caritas1.jpg?fit=698%2C473&ssl=1","jetpack_sharing_enabled":true,"jetpack_likes_enabled":true,"jetpack-related-posts":[],"_links":{"self":[{"href":"https:\/\/eltrabajo.cl\/portal\/wp-json\/wp\/v2\/posts\/103081","targetHints":{"allow":["GET"]}}],"collection":[{"href":"https:\/\/eltrabajo.cl\/portal\/wp-json\/wp\/v2\/posts"}],"about":[{"href":"https:\/\/eltrabajo.cl\/portal\/wp-json\/wp\/v2\/types\/post"}],"author":[{"embeddable":true,"href":"https:\/\/eltrabajo.cl\/portal\/wp-json\/wp\/v2\/users\/482"}],"replies":[{"embeddable":true,"href":"https:\/\/eltrabajo.cl\/portal\/wp-json\/wp\/v2\/comments?post=103081"}],"version-history":[{"count":0,"href":"https:\/\/eltrabajo.cl\/portal\/wp-json\/wp\/v2\/posts\/103081\/revisions"}],"wp:featuredmedia":[{"embeddable":true,"href":"https:\/\/eltrabajo.cl\/portal\/wp-json\/wp\/v2\/media\/103082"}],"wp:attachment":[{"href":"https:\/\/eltrabajo.cl\/portal\/wp-json\/wp\/v2\/media?parent=103081"}],"wp:term":[{"taxonomy":"category","embeddable":true,"href":"https:\/\/eltrabajo.cl\/portal\/wp-json\/wp\/v2\/categories?post=103081"},{"taxonomy":"post_tag","embeddable":true,"href":"https:\/\/eltrabajo.cl\/portal\/wp-json\/wp\/v2\/tags?post=103081"}],"curies":[{"name":"wp","href":"https:\/\/api.w.org\/{rel}","templated":true}]}}