{"id":103087,"date":"2020-09-30T07:45:19","date_gmt":"2020-09-30T10:45:19","guid":{"rendered":"https:\/\/www.eltrabajo.cl\/portal\/?p=103087"},"modified":"2020-09-29T21:03:02","modified_gmt":"2020-09-30T00:03:02","slug":"triste-y-masiva-despedida-dieron-familiares-y-amigos-a-joel-torrejon-quiroz","status":"publish","type":"post","link":"https:\/\/eltrabajo.cl\/portal\/triste-y-masiva-despedida-dieron-familiares-y-amigos-a-joel-torrejon-quiroz\/","title":{"rendered":"Triste y masiva despedida dieron familiares y amigos a Joel Torrej\u00f3n Quiroz"},"content":{"rendered":"<p style=\"text-align: justify;\">Haciendo rugir los motores de sus autos, sacando chispas y humo del pavimento y con m\u00fasica a todo trapo despidieron sus amigos al joven<strong> Joel Andr\u00e9s Torrej\u00f3n Quiroz<\/strong>, de 19 a\u00f1os de edad, frente al Cementerio Municipal en Almendral, ya que no todas las personas pudieron ingresar al camposanto la ma\u00f1ana de este martes para despedir al \u2018Negrito\u2019 Torrej\u00f3n.<\/p>\n<p style=\"text-align: justify;\">El responso lo oficiaron sus familiares en Villa 250 A\u00f1os, en casa de familiares del joven a las 11:00 horas, luego una gran caravana de veh\u00edculos sigui\u00f3 la carroza f\u00fanebre hasta su \u00faltima morada, hasta donde tambi\u00e9n llegaron decenas de choferes de colectivos para solidarizar con <strong>Juan Torrej\u00f3n<\/strong>, pap\u00e1 de Joel.<\/p>\n<p style=\"text-align: justify;\">En un momento determinado el administrador del cementerio tuvo que cerrar los portones para impedir que m\u00e1s personas de las permitidas por protocolo entraran el lugar de descanso.<\/p>\n<p style=\"text-align: justify;\"><strong>Roberto Gonz\u00e1lez Short<\/strong><\/p>\n<figure id=\"attachment_103089\" aria-describedby=\"caption-attachment-103089\" style=\"width: 698px\" class=\"wp-caption alignnone\"><img data-recalc-dims=\"1\" loading=\"lazy\" decoding=\"async\" class=\"size-full wp-image-103089\" src=\"https:\/\/i0.wp.com\/eltrabajo.cl\/portal\/wp-content\/uploads\/2020\/09\/joel-torrejon-2-1.jpg?resize=640%2C421&#038;ssl=1\" alt=\"MASIVA DESPEDIDA.- Una larga caravana recorri\u00f3 el trayecto final del viaje terrenal de Joel a su \u00faltima morada.\" width=\"640\" height=\"421\" srcset=\"https:\/\/i0.wp.com\/eltrabajo.cl\/portal\/wp-content\/uploads\/2020\/09\/joel-torrejon-2-1.jpg?w=698&amp;ssl=1 698w, https:\/\/i0.wp.com\/eltrabajo.cl\/portal\/wp-content\/uploads\/2020\/09\/joel-torrejon-2-1.jpg?resize=300%2C197&amp;ssl=1 300w, https:\/\/i0.wp.com\/eltrabajo.cl\/portal\/wp-content\/uploads\/2020\/09\/joel-torrejon-2-1.jpg?resize=200%2C132&amp;ssl=1 200w, https:\/\/i0.wp.com\/eltrabajo.cl\/portal\/wp-content\/uploads\/2020\/09\/joel-torrejon-2-1.jpg?resize=696%2C458&amp;ssl=1 696w\" sizes=\"auto, (max-width: 640px) 100vw, 640px\" \/><figcaption id=\"caption-attachment-103089\" class=\"wp-caption-text\">MASIVA DESPEDIDA.- Una larga caravana recorri\u00f3 el trayecto final del viaje terrenal de Joel a su \u00faltima morada.<\/figcaption><\/figure>\n<figure id=\"attachment_103091\" aria-describedby=\"caption-attachment-103091\" style=\"width: 698px\" class=\"wp-caption alignnone\"><img data-recalc-dims=\"1\" loading=\"lazy\" decoding=\"async\" class=\"size-full wp-image-103091\" src=\"https:\/\/i0.wp.com\/eltrabajo.cl\/portal\/wp-content\/uploads\/2020\/09\/joel-torrejon-4.jpg?resize=640%2C417&#038;ssl=1\" alt=\"AMIGOS HASTA EL FINAL.- Los funcionarios del cementerio nada tuvieron que hacer en este momento, los fieles amigos de Joel se encargaron de cargar el f\u00e9retro de su amigo.\" width=\"640\" height=\"417\" srcset=\"https:\/\/i0.wp.com\/eltrabajo.cl\/portal\/wp-content\/uploads\/2020\/09\/joel-torrejon-4.jpg?w=698&amp;ssl=1 698w, https:\/\/i0.wp.com\/eltrabajo.cl\/portal\/wp-content\/uploads\/2020\/09\/joel-torrejon-4.jpg?resize=300%2C196&amp;ssl=1 300w, https:\/\/i0.wp.com\/eltrabajo.cl\/portal\/wp-content\/uploads\/2020\/09\/joel-torrejon-4.jpg?resize=200%2C130&amp;ssl=1 200w, https:\/\/i0.wp.com\/eltrabajo.cl\/portal\/wp-content\/uploads\/2020\/09\/joel-torrejon-4.jpg?resize=696%2C454&amp;ssl=1 696w\" sizes=\"auto, (max-width: 640px) 100vw, 640px\" \/><figcaption id=\"caption-attachment-103091\" class=\"wp-caption-text\">AMIGOS HASTA EL FINAL.- Los funcionarios del cementerio nada tuvieron que hacer en este momento, los fieles amigos de Joel se encargaron de cargar el f\u00e9retro de su amigo.<\/figcaption><\/figure>\n<figure id=\"attachment_103092\" aria-describedby=\"caption-attachment-103092\" style=\"width: 699px\" class=\"wp-caption alignnone\"><img data-recalc-dims=\"1\" loading=\"lazy\" decoding=\"async\" class=\"size-full wp-image-103092\" src=\"https:\/\/i0.wp.com\/eltrabajo.cl\/portal\/wp-content\/uploads\/2020\/09\/joel-torrejon-5.jpg?resize=640%2C396&#038;ssl=1\" alt=\"ESTRICTOS PROTOCOLOS.- El administrador del cementerio tuvo que cerrar los portones para impedir que m\u00e1s personas de las permitidas por protocolo entraran el lugar de descanso.\" width=\"640\" height=\"396\" srcset=\"https:\/\/i0.wp.com\/eltrabajo.cl\/portal\/wp-content\/uploads\/2020\/09\/joel-torrejon-5.jpg?w=699&amp;ssl=1 699w, https:\/\/i0.wp.com\/eltrabajo.cl\/portal\/wp-content\/uploads\/2020\/09\/joel-torrejon-5.jpg?resize=300%2C185&amp;ssl=1 300w, https:\/\/i0.wp.com\/eltrabajo.cl\/portal\/wp-content\/uploads\/2020\/09\/joel-torrejon-5.jpg?resize=200%2C124&amp;ssl=1 200w, https:\/\/i0.wp.com\/eltrabajo.cl\/portal\/wp-content\/uploads\/2020\/09\/joel-torrejon-5.jpg?resize=696%2C430&amp;ssl=1 696w\" sizes=\"auto, (max-width: 640px) 100vw, 640px\" \/><figcaption id=\"caption-attachment-103092\" class=\"wp-caption-text\">ESTRICTOS PROTOCOLOS.- El administrador del cementerio tuvo que cerrar los portones para impedir que m\u00e1s personas de las permitidas por protocolo entraran el lugar de descanso.<\/figcaption><\/figure>\n<figure id=\"attachment_103090\" aria-describedby=\"caption-attachment-103090\" style=\"width: 699px\" class=\"wp-caption alignnone\"><img data-recalc-dims=\"1\" loading=\"lazy\" decoding=\"async\" class=\"size-full wp-image-103090\" src=\"https:\/\/i0.wp.com\/eltrabajo.cl\/portal\/wp-content\/uploads\/2020\/09\/joel-torrejon-3.jpg?resize=640%2C807&#038;ssl=1\" alt=\"POLERAS DE JOEL.- Los amigos de Joel lucieron con pesar y orgullo a la vez sus poleras con fotos impresas de su entra\u00f1able amigo.\" width=\"640\" height=\"807\" srcset=\"https:\/\/i0.wp.com\/eltrabajo.cl\/portal\/wp-content\/uploads\/2020\/09\/joel-torrejon-3.jpg?w=699&amp;ssl=1 699w, https:\/\/i0.wp.com\/eltrabajo.cl\/portal\/wp-content\/uploads\/2020\/09\/joel-torrejon-3.jpg?resize=238%2C300&amp;ssl=1 238w, https:\/\/i0.wp.com\/eltrabajo.cl\/portal\/wp-content\/uploads\/2020\/09\/joel-torrejon-3.jpg?resize=119%2C150&amp;ssl=1 119w, https:\/\/i0.wp.com\/eltrabajo.cl\/portal\/wp-content\/uploads\/2020\/09\/joel-torrejon-3.jpg?resize=696%2C877&amp;ssl=1 696w\" sizes=\"auto, (max-width: 640px) 100vw, 640px\" \/><figcaption id=\"caption-attachment-103090\" class=\"wp-caption-text\">POLERAS DE JOEL.- Los amigos de Joel lucieron con pesar y orgullo a la vez sus poleras con fotos impresas de su entra\u00f1able amigo.<\/figcaption><\/figure>\n<figure id=\"attachment_103088\" aria-describedby=\"caption-attachment-103088\" style=\"width: 699px\" class=\"wp-caption alignnone\"><img data-recalc-dims=\"1\" loading=\"lazy\" decoding=\"async\" class=\"size-full wp-image-103088\" src=\"https:\/\/i0.wp.com\/eltrabajo.cl\/portal\/wp-content\/uploads\/2020\/09\/joel-torrejon-1.jpg?resize=640%2C641&#038;ssl=1\" alt=\"HASTA SIEMPRE JOEL.- Este joven sanfelipe\u00f1o vivi\u00f3 intensamente cada momento de su vida, fue sepultado este martes al mediod\u00eda.\" width=\"640\" height=\"641\" srcset=\"https:\/\/i0.wp.com\/eltrabajo.cl\/portal\/wp-content\/uploads\/2020\/09\/joel-torrejon-1.jpg?w=699&amp;ssl=1 699w, https:\/\/i0.wp.com\/eltrabajo.cl\/portal\/wp-content\/uploads\/2020\/09\/joel-torrejon-1.jpg?resize=300%2C300&amp;ssl=1 300w, https:\/\/i0.wp.com\/eltrabajo.cl\/portal\/wp-content\/uploads\/2020\/09\/joel-torrejon-1.jpg?resize=150%2C150&amp;ssl=1 150w, https:\/\/i0.wp.com\/eltrabajo.cl\/portal\/wp-content\/uploads\/2020\/09\/joel-torrejon-1.jpg?resize=696%2C697&amp;ssl=1 696w\" sizes=\"auto, (max-width: 640px) 100vw, 640px\" \/><figcaption id=\"caption-attachment-103088\" class=\"wp-caption-text\">HASTA SIEMPRE JOEL.- Este joven sanfelipe\u00f1o vivi\u00f3 intensamente cada momento de su vida, fue sepultado este martes al mediod\u00eda.<\/figcaption><\/figure>\n","protected":false},"excerpt":{"rendered":"<p>Haciendo rugir los motores de sus autos, sacando chispas y humo del pavimento y con m\u00fasica a todo trapo despidieron sus amigos al joven Joel Andr\u00e9s Torrej\u00f3n Quiroz, de 19 a\u00f1os de&#8230;<\/p>\n","protected":false},"author":482,"featured_media":103091,"comment_status":"closed","ping_status":"open","sticky":false,"template":"","format":"standard","meta":{"advanced_seo_description":"","jetpack_seo_html_title":"","jetpack_seo_noindex":false,"_jetpack_memberships_contains_paid_content":false,"footnotes":""},"categories":[15],"tags":[],"class_list":["post-103087","post","type-post","status-publish","format-standard","has-post-thumbnail","hentry","category-comunidad"],"jetpack_featured_media_url":"https:\/\/i0.wp.com\/eltrabajo.cl\/portal\/wp-content\/uploads\/2020\/09\/joel-torrejon-4.jpg?fit=698%2C455&ssl=1","jetpack_sharing_enabled":true,"jetpack_likes_enabled":true,"jetpack-related-posts":[],"_links":{"self":[{"href":"https:\/\/eltrabajo.cl\/portal\/wp-json\/wp\/v2\/posts\/103087","targetHints":{"allow":["GET"]}}],"collection":[{"href":"https:\/\/eltrabajo.cl\/portal\/wp-json\/wp\/v2\/posts"}],"about":[{"href":"https:\/\/eltrabajo.cl\/portal\/wp-json\/wp\/v2\/types\/post"}],"author":[{"embeddable":true,"href":"https:\/\/eltrabajo.cl\/portal\/wp-json\/wp\/v2\/users\/482"}],"replies":[{"embeddable":true,"href":"https:\/\/eltrabajo.cl\/portal\/wp-json\/wp\/v2\/comments?post=103087"}],"version-history":[{"count":0,"href":"https:\/\/eltrabajo.cl\/portal\/wp-json\/wp\/v2\/posts\/103087\/revisions"}],"wp:featuredmedia":[{"embeddable":true,"href":"https:\/\/eltrabajo.cl\/portal\/wp-json\/wp\/v2\/media\/103091"}],"wp:attachment":[{"href":"https:\/\/eltrabajo.cl\/portal\/wp-json\/wp\/v2\/media?parent=103087"}],"wp:term":[{"taxonomy":"category","embeddable":true,"href":"https:\/\/eltrabajo.cl\/portal\/wp-json\/wp\/v2\/categories?post=103087"},{"taxonomy":"post_tag","embeddable":true,"href":"https:\/\/eltrabajo.cl\/portal\/wp-json\/wp\/v2\/tags?post=103087"}],"curies":[{"name":"wp","href":"https:\/\/api.w.org\/{rel}","templated":true}]}}