{"id":103094,"date":"2020-09-30T07:50:30","date_gmt":"2020-09-30T10:50:30","guid":{"rendered":"https:\/\/www.eltrabajo.cl\/portal\/?p=103094"},"modified":"2020-09-29T21:06:11","modified_gmt":"2020-09-30T00:06:11","slug":"pesada-retroexcavadora-a-punto-de-desbarrancar-sobre-una-vivienda","status":"publish","type":"post","link":"https:\/\/eltrabajo.cl\/portal\/pesada-retroexcavadora-a-punto-de-desbarrancar-sobre-una-vivienda\/","title":{"rendered":"Pesada retroexcavadora a punto de desbarrancar sobre una vivienda"},"content":{"rendered":"<p style=\"text-align: left;\"><span style=\"color: #c80000;\"><strong>Desde ayer en puntilla Las Salinas del cerro Yevide:<\/strong><\/span><\/p>\n<p style=\"text-align: justify;\">Hasta el cierre de nuestra edici\u00f3n la pesada m\u00e1quina no hab\u00eda sido removida del precipicio. Vecinos lograron ponerse a salvo. Experiencia del operario evit\u00f3 una tragedia.<\/p>\n<p style=\"text-align: justify;\">Fue la experticia de m\u00e1s de 20 a\u00f1os del operario <strong>Jorge Vera<\/strong> en el rubro minero y de trabajar con maquinaria especializada, lo que evit\u00f3 una tragedia la tarde de este martes en puntilla Las Salinas en el cerro Yevide, cuando una retroexcavadora que realiza camino para crear el suelo plano para construir una casa en la ladera del cerro, se abalanz\u00f3 sobre un mediano precipicio y qued\u00f3 a pocos cent\u00edmetros de caer sobre una vivienda.<\/p>\n<p style=\"text-align: justify;\">Una vez que la pesada m\u00e1quina se desestabiliz\u00f3 sobre la tierra reci\u00e9n removida, en fracci\u00f3n de segundos el conductor logr\u00f3 reafirmar las bases y la pala mec\u00e1nicas en la tierra, evitando as\u00ed la tragedia. Esta escena es la que Diario El Trabajo confirm\u00f3 en el lugar al cierre de nuestra edici\u00f3n.<\/p>\n<p style=\"text-align: justify;\">Una vez asegurada la retroexcavadora, Jorge inform\u00f3 a los vecinos en peligro e hizo el llamado a Bomberos de Santa Mar\u00eda, activ\u00e1ndose as\u00ed un amplio operativo en el que tambi\u00e9n participaron unidades y voluntarios del Cuerpo de Bomberos de San Felipe.<\/p>\n<p style=\"text-align: justify;\">\n<p style=\"text-align: justify;\"><span style=\"color: #c80000;\"><strong>HISTORIA INCONCLUSA<\/strong><\/span><\/p>\n<p style=\"text-align: justify;\">Nuestro medio logr\u00f3 hablar con Jorge Vera, quien habl\u00f3 sobre el percance: \u00ab<em>Yo he trabajado muchos a\u00f1os con maquinaria pesada en miner\u00eda, al menos unos 20 a\u00f1os, y hace como cinco a\u00f1os que tengo esta m\u00e1quina, o sea trabajo de forma particular. Este es el primer d\u00eda de trabajo ac\u00e1 en el cerro, empec\u00e9 con una subida, llegu\u00e9 aqu\u00ed arriba sobre una huella que hay que dejar para llegar a otro sector y hacer un plano para una casa. Lo que pas\u00f3 en este caso es que las ruedas est\u00e1n de un lado y la pala del otro, la m\u00e1quina siempre se est\u00e1 moviendo y uno casi no se da cuenta, no se siente, as\u00ed que en una cuando me mov\u00ed la m\u00e1quina se desestabiliz\u00f3 <\/em>(\u2026) <em>Es la segunda vez que me pasa algo as\u00ed, algo similar pero la otra vez no hab\u00eda el peligro de una casa debajo de la m\u00e1quina, esta es la primera vez<\/em> (\u2026) <em>La soluci\u00f3n aqu\u00ed es que venga otra m\u00e1quina y crear espacio para poder remolcar mi retroexcavadora, es la \u00fanica soluci\u00f3n, pero eso tarda horas<\/em>\u00bb, coment\u00f3 Vera a <strong>Diario El Trabajo<\/strong>.<\/p>\n<p style=\"text-align: justify;\">Al filo de las 19:00 horas las unidades de Bomberos de Santa Mar\u00eda se retiraron del lugar, quedando a cargo el personal de Bomberos San Felipe.<\/p>\n<p style=\"text-align: justify;\"><strong>Roberto Gonz\u00e1lez Short<\/strong><\/p>\n<figure id=\"attachment_103095\" aria-describedby=\"caption-attachment-103095\" style=\"width: 698px\" class=\"wp-caption alignnone\"><img data-recalc-dims=\"1\" loading=\"lazy\" decoding=\"async\" class=\"size-full wp-image-103095\" src=\"https:\/\/i0.wp.com\/eltrabajo.cl\/portal\/wp-content\/uploads\/2020\/09\/Retroexcavadora1.jpg?resize=640%2C429&#038;ssl=1\" alt=\"PELIGRO INMINENTE.- Esta pesada m\u00e1quina estaba a pocos cent\u00edmetros de caer sobre esta vivienda. Hasta el cierre de nuestra edici\u00f3n todo era incertidumbre.\" width=\"640\" height=\"429\" srcset=\"https:\/\/i0.wp.com\/eltrabajo.cl\/portal\/wp-content\/uploads\/2020\/09\/Retroexcavadora1.jpg?w=698&amp;ssl=1 698w, https:\/\/i0.wp.com\/eltrabajo.cl\/portal\/wp-content\/uploads\/2020\/09\/Retroexcavadora1.jpg?resize=300%2C201&amp;ssl=1 300w, https:\/\/i0.wp.com\/eltrabajo.cl\/portal\/wp-content\/uploads\/2020\/09\/Retroexcavadora1.jpg?resize=200%2C134&amp;ssl=1 200w, https:\/\/i0.wp.com\/eltrabajo.cl\/portal\/wp-content\/uploads\/2020\/09\/Retroexcavadora1.jpg?resize=696%2C467&amp;ssl=1 696w\" sizes=\"auto, (max-width: 640px) 100vw, 640px\" \/><figcaption id=\"caption-attachment-103095\" class=\"wp-caption-text\">PELIGRO INMINENTE.- Esta pesada m\u00e1quina estaba a pocos cent\u00edmetros de caer sobre esta vivienda. Hasta el cierre de nuestra edici\u00f3n todo era incertidumbre.<\/figcaption><\/figure>\n<figure id=\"attachment_103096\" aria-describedby=\"caption-attachment-103096\" style=\"width: 698px\" class=\"wp-caption alignnone\"><img data-recalc-dims=\"1\" loading=\"lazy\" decoding=\"async\" class=\"size-full wp-image-103096\" src=\"https:\/\/i0.wp.com\/eltrabajo.cl\/portal\/wp-content\/uploads\/2020\/09\/Retroexcavadora2.jpg?resize=640%2C427&#038;ssl=1\" alt=\"EN SUSPENSO.- Gracias a esta pala y las bases mec\u00e1nicas la tragedia no sucedi\u00f3. Hoy mi\u00e9rcoles sabremos qu\u00e9 pas\u00f3 con este accidente laboral.\" width=\"640\" height=\"427\" srcset=\"https:\/\/i0.wp.com\/eltrabajo.cl\/portal\/wp-content\/uploads\/2020\/09\/Retroexcavadora2.jpg?w=698&amp;ssl=1 698w, https:\/\/i0.wp.com\/eltrabajo.cl\/portal\/wp-content\/uploads\/2020\/09\/Retroexcavadora2.jpg?resize=300%2C200&amp;ssl=1 300w, https:\/\/i0.wp.com\/eltrabajo.cl\/portal\/wp-content\/uploads\/2020\/09\/Retroexcavadora2.jpg?resize=200%2C134&amp;ssl=1 200w, https:\/\/i0.wp.com\/eltrabajo.cl\/portal\/wp-content\/uploads\/2020\/09\/Retroexcavadora2.jpg?resize=696%2C465&amp;ssl=1 696w\" sizes=\"auto, (max-width: 640px) 100vw, 640px\" \/><figcaption id=\"caption-attachment-103096\" class=\"wp-caption-text\">EN SUSPENSO.- Gracias a esta pala y las bases mec\u00e1nicas la tragedia no sucedi\u00f3. Hoy mi\u00e9rcoles sabremos qu\u00e9 pas\u00f3 con este accidente laboral.<\/figcaption><\/figure>\n<figure id=\"attachment_103097\" aria-describedby=\"caption-attachment-103097\" style=\"width: 699px\" class=\"wp-caption alignnone\"><img data-recalc-dims=\"1\" loading=\"lazy\" decoding=\"async\" class=\"size-full wp-image-103097\" src=\"https:\/\/i0.wp.com\/eltrabajo.cl\/portal\/wp-content\/uploads\/2020\/09\/Retroexcavadora3.jpg?resize=640%2C428&#038;ssl=1\" alt=\"LA HORA DE LA VERDAD.- Para que esta m\u00e1quina pueda ser rescatada se necesita de potencia y experticia al maniobrar.\" width=\"640\" height=\"428\" srcset=\"https:\/\/i0.wp.com\/eltrabajo.cl\/portal\/wp-content\/uploads\/2020\/09\/Retroexcavadora3.jpg?w=699&amp;ssl=1 699w, https:\/\/i0.wp.com\/eltrabajo.cl\/portal\/wp-content\/uploads\/2020\/09\/Retroexcavadora3.jpg?resize=300%2C200&amp;ssl=1 300w, https:\/\/i0.wp.com\/eltrabajo.cl\/portal\/wp-content\/uploads\/2020\/09\/Retroexcavadora3.jpg?resize=200%2C134&amp;ssl=1 200w, https:\/\/i0.wp.com\/eltrabajo.cl\/portal\/wp-content\/uploads\/2020\/09\/Retroexcavadora3.jpg?resize=696%2C465&amp;ssl=1 696w\" sizes=\"auto, (max-width: 640px) 100vw, 640px\" \/><figcaption id=\"caption-attachment-103097\" class=\"wp-caption-text\">LA HORA DE LA VERDAD.- Para que esta m\u00e1quina pueda ser rescatada se necesita de potencia y experticia al maniobrar.<\/figcaption><\/figure>\n<figure id=\"attachment_103098\" aria-describedby=\"caption-attachment-103098\" style=\"width: 699px\" class=\"wp-caption alignnone\"><img data-recalc-dims=\"1\" loading=\"lazy\" decoding=\"async\" class=\"size-full wp-image-103098\" src=\"https:\/\/i0.wp.com\/eltrabajo.cl\/portal\/wp-content\/uploads\/2020\/09\/Retroexcavadora_Jorge-Vera.jpg?resize=640%2C644&#038;ssl=1\" alt=\"Jorge Vera, conductor de la retroexcavadora.\" width=\"640\" height=\"644\" srcset=\"https:\/\/i0.wp.com\/eltrabajo.cl\/portal\/wp-content\/uploads\/2020\/09\/Retroexcavadora_Jorge-Vera.jpg?w=699&amp;ssl=1 699w, https:\/\/i0.wp.com\/eltrabajo.cl\/portal\/wp-content\/uploads\/2020\/09\/Retroexcavadora_Jorge-Vera.jpg?resize=298%2C300&amp;ssl=1 298w, https:\/\/i0.wp.com\/eltrabajo.cl\/portal\/wp-content\/uploads\/2020\/09\/Retroexcavadora_Jorge-Vera.jpg?resize=149%2C150&amp;ssl=1 149w, https:\/\/i0.wp.com\/eltrabajo.cl\/portal\/wp-content\/uploads\/2020\/09\/Retroexcavadora_Jorge-Vera.jpg?resize=696%2C700&amp;ssl=1 696w\" sizes=\"auto, (max-width: 640px) 100vw, 640px\" \/><figcaption id=\"caption-attachment-103098\" class=\"wp-caption-text\">Jorge Vera, conductor de la retroexcavadora.<\/figcaption><\/figure>\n","protected":false},"excerpt":{"rendered":"<p>Desde ayer en puntilla Las Salinas del cerro Yevide: Hasta el cierre de nuestra edici\u00f3n la pesada m\u00e1quina no hab\u00eda sido removida del precipicio. Vecinos lograron ponerse a salvo. Experiencia del operario&#8230;<\/p>\n","protected":false},"author":482,"featured_media":103095,"comment_status":"closed","ping_status":"open","sticky":false,"template":"","format":"standard","meta":{"advanced_seo_description":"","jetpack_seo_html_title":"","jetpack_seo_noindex":false,"_jetpack_memberships_contains_paid_content":false,"footnotes":""},"categories":[21],"tags":[],"class_list":["post-103094","post","type-post","status-publish","format-standard","has-post-thumbnail","hentry","category-policial"],"jetpack_featured_media_url":"https:\/\/i0.wp.com\/eltrabajo.cl\/portal\/wp-content\/uploads\/2020\/09\/Retroexcavadora1.jpg?fit=698%2C468&ssl=1","jetpack_sharing_enabled":true,"jetpack_likes_enabled":true,"jetpack-related-posts":[],"_links":{"self":[{"href":"https:\/\/eltrabajo.cl\/portal\/wp-json\/wp\/v2\/posts\/103094","targetHints":{"allow":["GET"]}}],"collection":[{"href":"https:\/\/eltrabajo.cl\/portal\/wp-json\/wp\/v2\/posts"}],"about":[{"href":"https:\/\/eltrabajo.cl\/portal\/wp-json\/wp\/v2\/types\/post"}],"author":[{"embeddable":true,"href":"https:\/\/eltrabajo.cl\/portal\/wp-json\/wp\/v2\/users\/482"}],"replies":[{"embeddable":true,"href":"https:\/\/eltrabajo.cl\/portal\/wp-json\/wp\/v2\/comments?post=103094"}],"version-history":[{"count":0,"href":"https:\/\/eltrabajo.cl\/portal\/wp-json\/wp\/v2\/posts\/103094\/revisions"}],"wp:featuredmedia":[{"embeddable":true,"href":"https:\/\/eltrabajo.cl\/portal\/wp-json\/wp\/v2\/media\/103095"}],"wp:attachment":[{"href":"https:\/\/eltrabajo.cl\/portal\/wp-json\/wp\/v2\/media?parent=103094"}],"wp:term":[{"taxonomy":"category","embeddable":true,"href":"https:\/\/eltrabajo.cl\/portal\/wp-json\/wp\/v2\/categories?post=103094"},{"taxonomy":"post_tag","embeddable":true,"href":"https:\/\/eltrabajo.cl\/portal\/wp-json\/wp\/v2\/tags?post=103094"}],"curies":[{"name":"wp","href":"https:\/\/api.w.org\/{rel}","templated":true}]}}