{"id":103100,"date":"2020-09-30T07:55:33","date_gmt":"2020-09-30T10:55:33","guid":{"rendered":"https:\/\/www.eltrabajo.cl\/portal\/?p=103100"},"modified":"2020-09-29T21:09:06","modified_gmt":"2020-09-30T00:09:06","slug":"amigos-familiares-y-expareja-se-unen-para-ir-en-ayuda-de-antoinette-bruna","status":"publish","type":"post","link":"https:\/\/eltrabajo.cl\/portal\/amigos-familiares-y-expareja-se-unen-para-ir-en-ayuda-de-antoinette-bruna\/","title":{"rendered":"Amigos, familiares y expareja se unen para ir en ayuda de Antoinette Bruna"},"content":{"rendered":"<p style=\"text-align: left;\"><span style=\"color: #c80000;\"><strong>Vender\u00e1n pescado frito este viernes:<\/strong><\/span><\/p>\n<ul style=\"text-align: justify;\">\n<li style=\"text-align: left;\"><strong>Joven mujer necesita urgente operarse de c\u00e1ncer a la tiroides.<\/strong><\/li>\n<\/ul>\n<p style=\"text-align: justify;\">Como medio de comunicaci\u00f3n hemos perdido la cuenta de cuantas publicaciones se han realizado en torno a la realizaci\u00f3n de actividades de beneficencia para ir en ayuda de alguna persona, ya sea mujer, hombre, ni\u00f1o, ni\u00f1a, beb\u00e9s, etc., algo que, aunque suene fuerte, no tiene para cuando terminar, pese a que las autoridades siempre dicen estar preocupadas por la salud de las chilenas y chilenos. Junto con ser un derecho consagrado en la Carta Fundamental como es la Constituci\u00f3n Pol\u00edtica, donde garantiza el\u00a0derecho\u00a0a la protecci\u00f3n de la\u00a0salud. El Estado protege el libre e igualitario acceso a las acciones de promoci\u00f3n, protecci\u00f3n y recuperaci\u00f3n de la\u00a0salud\u00a0y de rehabilitaci\u00f3n del individuo. Cap\u00edtulo III, art\u00edculo 19-9.<\/p>\n<p style=\"text-align: justify;\">Usted se preguntar\u00e1 a qu\u00e9 viene toda esta introducci\u00f3n, pues bien, nada m\u00e1s ni nada menos que una vez m\u00e1s estamos promocionando una actividad de beneficio para una joven mujer que necesita lo antes posible operarse de un c\u00e1ncer a la tiroides. Para ella, este viernes se va a realizar una venta de pescado frito que incluye tambi\u00e9n delivery, por si alguien no puede ir a retirar al Colegio de Profesores de calle Carlos Condell.<\/p>\n<p style=\"text-align: justify;\">En esta ocasi\u00f3n se trata de <strong>Antoinette Bruna<\/strong>, \u2018Anto\u2019 o \u2018Ton\u00e9\u2019 como la conocen sus amigos y cercanos. Una mujer apasionada por el rock desde su infancia.<\/p>\n<p style=\"text-align: justify;\"><strong>Beto Molina<\/strong>, su ex pareja, coment\u00f3 que este viernes van a realizar la venta de pescado frito en dependencias del Colegio de Profesores, entidad a la que agradece por prestar el espacio. <em>\u00abVa a tener pescadito con ensalada, arroz, eso cuesta dos lucas (dos mil pesos), se puede retirar en el Colegio de Profesores o lo vamos a dejar nosotros con delivery a la casa o donde nos digan\u00bb,<\/em> dijo.<\/p>\n<p style=\"text-align: justify;\">En cuanto a la cantidad que deben reunir, dijo que la suma parte en unos dos millones de pesos.<\/p>\n<p style=\"text-align: justify;\">\n<p style=\"text-align: justify;\"><span style=\"color: #c80000;\"><strong>ROCKERA<\/strong><\/span><\/p>\n<p style=\"text-align: justify;\">El a\u00f1o 2001, tras su llegada a la ciudad de San Felipe, Antoinette se ambient\u00f3 con sus pares y crearon la banda <strong>\u2018Bizarro\u2019<\/strong> que por muchos a\u00f1os son\u00f3 en el <em>underground<\/em> sanfelipe\u00f1o. A la fecha la exvocalista de dicha banda, a\u00f1os despu\u00e9s, form\u00f3 un dueto en canto popular, haciendo presentaciones en bares, actividades culturales y micros entre otras.<\/p>\n<p style=\"text-align: justify;\">Actualmente a sus 38 a\u00f1os, fue diagnosticada de c\u00e1ncer a la tiroides, tras varios ex\u00e1menes realizados en Santiago. En este momento el \u00faltimo paso es la operaci\u00f3n urgente por el grado que \u00e9ste se encuentra. Es por eso que llamamos a todos a colaborar voluntariamente con esta <strong>\u2018campa\u00f1a virtual del sobre solidario\u2019<\/strong>, transfiriendo a su cuenta Rut <strong>14.105.083-4<\/strong> y llamamos tambi\u00e9n para que transmitan todas sus buenas vibras y energ\u00eda a una servidora de la m\u00fasica y el rock. Esta campa\u00f1a es por todo el mes de octubre. As\u00ed se\u00f1ala un posteo sobre esta iniciativa virtual.<\/p>\n<p style=\"text-align: justify;\">Reiter\u00f3 que este viernes a la hora de almuerzo, es decir desde las 12:00 horas, comienza la venta de pescado frito con arroz y ensalada. Pueden ir a comprar o solicitar delivery al celular +\u00ad56 9 5466 9866 fono pedidos.<\/p>\n<p style=\"text-align: justify;\">Est\u00e1 cubierta por el GES, pero hay mucha demora, unos seis meses m\u00e1s. Por eso quieren adelantar la operaci\u00f3n, por el grado en que se encuentra la enfermedad.<\/p>\n<p style=\"text-align: justify;\">\n<p style=\"text-align: justify;\"><span style=\"color: #c80000;\"><strong>C\u00c1NCER DE TIROIDES<\/strong><\/span><\/p>\n<p style=\"text-align: justify;\">El c\u00e1ncer de tiroides es un tipo de c\u00e1ncer que se origina en la gl\u00e1ndula tiroides.\u00a0El c\u00e1ncer se origina cuando las c\u00e9lulas comienzan a crecer sin control. La gl\u00e1ndula tiroides produce hormonas que ayudan a regular su metabolismo, la frecuencia card\u00edaca, la presi\u00f3n arterial y la temperatura corporal.<\/p>\n<figure id=\"attachment_103102\" aria-describedby=\"caption-attachment-103102\" style=\"width: 699px\" class=\"wp-caption alignnone\"><img data-recalc-dims=\"1\" loading=\"lazy\" decoding=\"async\" class=\"size-full wp-image-103102\" src=\"https:\/\/i0.wp.com\/eltrabajo.cl\/portal\/wp-content\/uploads\/2020\/09\/antoinette-bruna-2.jpg?resize=640%2C749&#038;ssl=1\" alt=\"La joven y rockera Antoinette Bruna, durante muchos a\u00f1os vocalista de la banda \u2018Bizarro\u2019 de San Felipe.\" width=\"640\" height=\"749\" srcset=\"https:\/\/i0.wp.com\/eltrabajo.cl\/portal\/wp-content\/uploads\/2020\/09\/antoinette-bruna-2.jpg?w=699&amp;ssl=1 699w, https:\/\/i0.wp.com\/eltrabajo.cl\/portal\/wp-content\/uploads\/2020\/09\/antoinette-bruna-2.jpg?resize=256%2C300&amp;ssl=1 256w, https:\/\/i0.wp.com\/eltrabajo.cl\/portal\/wp-content\/uploads\/2020\/09\/antoinette-bruna-2.jpg?resize=128%2C150&amp;ssl=1 128w, https:\/\/i0.wp.com\/eltrabajo.cl\/portal\/wp-content\/uploads\/2020\/09\/antoinette-bruna-2.jpg?resize=696%2C814&amp;ssl=1 696w\" sizes=\"auto, (max-width: 640px) 100vw, 640px\" \/><figcaption id=\"caption-attachment-103102\" class=\"wp-caption-text\">La joven y rockera Antoinette Bruna, durante muchos a\u00f1os vocalista de la banda \u2018Bizarro\u2019 de San Felipe.<\/figcaption><\/figure>\n<figure id=\"attachment_103103\" aria-describedby=\"caption-attachment-103103\" style=\"width: 699px\" class=\"wp-caption alignnone\"><img data-recalc-dims=\"1\" loading=\"lazy\" decoding=\"async\" class=\"size-full wp-image-103103\" src=\"https:\/\/i0.wp.com\/eltrabajo.cl\/portal\/wp-content\/uploads\/2020\/09\/antoinette-bruna-3.jpg?resize=640%2C854&#038;ssl=1\" alt=\"La joven y rockera Antoinette Bruna, durante muchos a\u00f1os vocalista de la banda \u2018Bizarro\u2019 de San Felipe.\" width=\"640\" height=\"854\" srcset=\"https:\/\/i0.wp.com\/eltrabajo.cl\/portal\/wp-content\/uploads\/2020\/09\/antoinette-bruna-3.jpg?w=699&amp;ssl=1 699w, https:\/\/i0.wp.com\/eltrabajo.cl\/portal\/wp-content\/uploads\/2020\/09\/antoinette-bruna-3.jpg?resize=225%2C300&amp;ssl=1 225w, https:\/\/i0.wp.com\/eltrabajo.cl\/portal\/wp-content\/uploads\/2020\/09\/antoinette-bruna-3.jpg?resize=112%2C150&amp;ssl=1 112w, https:\/\/i0.wp.com\/eltrabajo.cl\/portal\/wp-content\/uploads\/2020\/09\/antoinette-bruna-3.jpg?resize=696%2C929&amp;ssl=1 696w\" sizes=\"auto, (max-width: 640px) 100vw, 640px\" \/><figcaption id=\"caption-attachment-103103\" class=\"wp-caption-text\">La joven y rockera Antoinette Bruna, durante muchos a\u00f1os vocalista de la banda \u2018Bizarro\u2019 de San Felipe.<\/figcaption><\/figure>\n<figure id=\"attachment_103104\" aria-describedby=\"caption-attachment-103104\" style=\"width: 699px\" class=\"wp-caption alignnone\"><img data-recalc-dims=\"1\" loading=\"lazy\" decoding=\"async\" class=\"size-full wp-image-103104\" src=\"https:\/\/i0.wp.com\/eltrabajo.cl\/portal\/wp-content\/uploads\/2020\/09\/antoinette-bruna.jpg?resize=640%2C749&#038;ssl=1\" alt=\"En la imagen el afiche donde est\u00e1n todos los datos de esta campa\u00f1a a beneficio de \u2018Anto\u2019.\" width=\"640\" height=\"749\" srcset=\"https:\/\/i0.wp.com\/eltrabajo.cl\/portal\/wp-content\/uploads\/2020\/09\/antoinette-bruna.jpg?w=699&amp;ssl=1 699w, https:\/\/i0.wp.com\/eltrabajo.cl\/portal\/wp-content\/uploads\/2020\/09\/antoinette-bruna.jpg?resize=256%2C300&amp;ssl=1 256w, https:\/\/i0.wp.com\/eltrabajo.cl\/portal\/wp-content\/uploads\/2020\/09\/antoinette-bruna.jpg?resize=128%2C150&amp;ssl=1 128w, https:\/\/i0.wp.com\/eltrabajo.cl\/portal\/wp-content\/uploads\/2020\/09\/antoinette-bruna.jpg?resize=696%2C814&amp;ssl=1 696w\" sizes=\"auto, (max-width: 640px) 100vw, 640px\" \/><figcaption id=\"caption-attachment-103104\" class=\"wp-caption-text\">En la imagen el afiche donde est\u00e1n todos los datos de esta campa\u00f1a a beneficio de \u2018Anto\u2019.<\/figcaption><\/figure>\n","protected":false},"excerpt":{"rendered":"<p>Vender\u00e1n pescado frito este viernes: Joven mujer necesita urgente operarse de c\u00e1ncer a la tiroides. Como medio de comunicaci\u00f3n hemos perdido la cuenta de cuantas publicaciones se han realizado en torno a&#8230;<\/p>\n","protected":false},"author":482,"featured_media":103101,"comment_status":"closed","ping_status":"open","sticky":false,"template":"","format":"standard","meta":{"advanced_seo_description":"","jetpack_seo_html_title":"","jetpack_seo_noindex":false,"_jetpack_memberships_contains_paid_content":false,"footnotes":""},"categories":[15],"tags":[],"class_list":["post-103100","post","type-post","status-publish","format-standard","has-post-thumbnail","hentry","category-comunidad"],"jetpack_featured_media_url":"https:\/\/i0.wp.com\/eltrabajo.cl\/portal\/wp-content\/uploads\/2020\/09\/antoinette-bruna-copia.jpg?fit=700%2C449&ssl=1","jetpack_sharing_enabled":true,"jetpack_likes_enabled":true,"jetpack-related-posts":[],"_links":{"self":[{"href":"https:\/\/eltrabajo.cl\/portal\/wp-json\/wp\/v2\/posts\/103100","targetHints":{"allow":["GET"]}}],"collection":[{"href":"https:\/\/eltrabajo.cl\/portal\/wp-json\/wp\/v2\/posts"}],"about":[{"href":"https:\/\/eltrabajo.cl\/portal\/wp-json\/wp\/v2\/types\/post"}],"author":[{"embeddable":true,"href":"https:\/\/eltrabajo.cl\/portal\/wp-json\/wp\/v2\/users\/482"}],"replies":[{"embeddable":true,"href":"https:\/\/eltrabajo.cl\/portal\/wp-json\/wp\/v2\/comments?post=103100"}],"version-history":[{"count":0,"href":"https:\/\/eltrabajo.cl\/portal\/wp-json\/wp\/v2\/posts\/103100\/revisions"}],"wp:featuredmedia":[{"embeddable":true,"href":"https:\/\/eltrabajo.cl\/portal\/wp-json\/wp\/v2\/media\/103101"}],"wp:attachment":[{"href":"https:\/\/eltrabajo.cl\/portal\/wp-json\/wp\/v2\/media?parent=103100"}],"wp:term":[{"taxonomy":"category","embeddable":true,"href":"https:\/\/eltrabajo.cl\/portal\/wp-json\/wp\/v2\/categories?post=103100"},{"taxonomy":"post_tag","embeddable":true,"href":"https:\/\/eltrabajo.cl\/portal\/wp-json\/wp\/v2\/tags?post=103100"}],"curies":[{"name":"wp","href":"https:\/\/api.w.org\/{rel}","templated":true}]}}