{"id":103106,"date":"2020-09-30T08:00:23","date_gmt":"2020-09-30T11:00:23","guid":{"rendered":"https:\/\/www.eltrabajo.cl\/portal\/?p=103106"},"modified":"2020-09-29T21:12:11","modified_gmt":"2020-09-30T00:12:11","slug":"detienen-a-un-sujeto-acusado-de-haber-agredido-a-su-hija-adolescente","status":"publish","type":"post","link":"https:\/\/eltrabajo.cl\/portal\/detienen-a-un-sujeto-acusado-de-haber-agredido-a-su-hija-adolescente\/","title":{"rendered":"Detienen a un sujeto acusado de haber agredido a su hija adolescente"},"content":{"rendered":"<p style=\"text-align: justify;\">Un sujeto de 34 a\u00f1os de edad fue detenido por Carabineros de Putaendo, acusado de haber agredido a su hija de 16 a\u00f1os, quien presentaba heridas en su rostro y cuello.<\/p>\n<p style=\"text-align: justify;\">La informaci\u00f3n fue entregada por el teniente <strong>Marcelo Gonz\u00e1lez<\/strong>, se\u00f1alando que esta agresi\u00f3n ocurri\u00f3 el d\u00eda lunes 28 de septiembre, <em>\u00abcuando a eso de las 09:00 horas Carabineros de Putaendo es requerido en el sector de la Villa San Jos\u00e9 de la Dehesa para verificar un procedimiento de violencia intrafamiliar. Una vez en el lugar Carabineros se entrevista con una menor de 16 a\u00f1os, que manifiesta que minutos antes, en circunstancias que se investigan, fue agredida por su pap\u00e1 al interior de su domicilio, la cual adem\u00e1s manten\u00eda lesiones visibles en su rostro y cuello. Con estos antecedentes y al estar en presencia de la persona imputada, es decir del pap\u00e1 de la menor y eventual autor de las lesiones, Carabineros procede a la detenci\u00f3n de \u00e9ste, siendo trasladado en forma inmediata a la tenencia de Carabineros de Putaendo\u00bb,<\/em> dijo.<\/p>\n<p style=\"text-align: justify;\">Mientras tanto la v\u00edctima fue trasladada hasta el Hospital San Antonio de Putaendo, donde el m\u00e9dico de turno le diagnostic\u00f3 lesiones de car\u00e1cter leve.<\/p>\n<p style=\"text-align: justify;\">Con todos los antecedentes expuestos anteriormente y luego de tomar conocimiento de los hechos, el fiscal de turno instruy\u00f3 que el detenido pasara a control de detenci\u00f3n, <em>\u00ablo cual ocurri\u00f3 a eso de las 13:00 horas aproximadamente, se realiz\u00f3 este control de detenci\u00f3n en dependencias del Juzgado de Garant\u00eda de Putaendo\u00bb, <\/em>sostuvo el teniente Marcelo Gonz\u00e1lez.<\/p>\n<p style=\"text-align: justify;\">El imputado luego del control de detenci\u00f3n qued\u00f3 formalizado por agresi\u00f3n en el contexto de violencia intrafamiliar, quedando en libertad con medidas cautelares como prohibici\u00f3n de acercarse a la v\u00edctima, en este caso su hija de 16 a\u00f1os, y abandonar el hogar com\u00fan.<\/p>\n<p style=\"text-align: justify;\">El imputado fue identificado con las iniciales <strong>C.R.R.A.<\/strong> de 34 a\u00f1os.<\/p>\n<figure id=\"attachment_103107\" aria-describedby=\"caption-attachment-103107\" style=\"width: 698px\" class=\"wp-caption alignnone\"><img data-recalc-dims=\"1\" loading=\"lazy\" decoding=\"async\" class=\"size-full wp-image-103107\" src=\"https:\/\/i0.wp.com\/eltrabajo.cl\/portal\/wp-content\/uploads\/2020\/09\/TENENCIA-PUTAENDO-22-octubre-2015.jpg?resize=640%2C422&#038;ssl=1\" alt=\"El padre de la menor y eventual autor de las lesiones, fue detenido y trasladado a la tenencia de Carabineros de Putaendo.\" width=\"640\" height=\"422\" srcset=\"https:\/\/i0.wp.com\/eltrabajo.cl\/portal\/wp-content\/uploads\/2020\/09\/TENENCIA-PUTAENDO-22-octubre-2015.jpg?w=698&amp;ssl=1 698w, https:\/\/i0.wp.com\/eltrabajo.cl\/portal\/wp-content\/uploads\/2020\/09\/TENENCIA-PUTAENDO-22-octubre-2015.jpg?resize=300%2C198&amp;ssl=1 300w, https:\/\/i0.wp.com\/eltrabajo.cl\/portal\/wp-content\/uploads\/2020\/09\/TENENCIA-PUTAENDO-22-octubre-2015.jpg?resize=200%2C132&amp;ssl=1 200w, https:\/\/i0.wp.com\/eltrabajo.cl\/portal\/wp-content\/uploads\/2020\/09\/TENENCIA-PUTAENDO-22-octubre-2015.jpg?resize=696%2C459&amp;ssl=1 696w\" sizes=\"auto, (max-width: 640px) 100vw, 640px\" \/><figcaption id=\"caption-attachment-103107\" class=\"wp-caption-text\">El padre de la menor y eventual autor de las lesiones, fue detenido y trasladado a la tenencia de Carabineros de Putaendo.<\/figcaption><\/figure>\n","protected":false},"excerpt":{"rendered":"<p>Un sujeto de 34 a\u00f1os de edad fue detenido por Carabineros de Putaendo, acusado de haber agredido a su hija de 16 a\u00f1os, quien presentaba heridas en su rostro y cuello. La&#8230;<\/p>\n","protected":false},"author":482,"featured_media":103107,"comment_status":"closed","ping_status":"open","sticky":false,"template":"","format":"standard","meta":{"advanced_seo_description":"","jetpack_seo_html_title":"","jetpack_seo_noindex":false,"_jetpack_memberships_contains_paid_content":false,"footnotes":""},"categories":[21],"tags":[],"class_list":["post-103106","post","type-post","status-publish","format-standard","has-post-thumbnail","hentry","category-policial"],"jetpack_featured_media_url":"https:\/\/i0.wp.com\/eltrabajo.cl\/portal\/wp-content\/uploads\/2020\/09\/TENENCIA-PUTAENDO-22-octubre-2015.jpg?fit=698%2C460&ssl=1","jetpack_sharing_enabled":true,"jetpack_likes_enabled":true,"jetpack-related-posts":[],"_links":{"self":[{"href":"https:\/\/eltrabajo.cl\/portal\/wp-json\/wp\/v2\/posts\/103106","targetHints":{"allow":["GET"]}}],"collection":[{"href":"https:\/\/eltrabajo.cl\/portal\/wp-json\/wp\/v2\/posts"}],"about":[{"href":"https:\/\/eltrabajo.cl\/portal\/wp-json\/wp\/v2\/types\/post"}],"author":[{"embeddable":true,"href":"https:\/\/eltrabajo.cl\/portal\/wp-json\/wp\/v2\/users\/482"}],"replies":[{"embeddable":true,"href":"https:\/\/eltrabajo.cl\/portal\/wp-json\/wp\/v2\/comments?post=103106"}],"version-history":[{"count":0,"href":"https:\/\/eltrabajo.cl\/portal\/wp-json\/wp\/v2\/posts\/103106\/revisions"}],"wp:featuredmedia":[{"embeddable":true,"href":"https:\/\/eltrabajo.cl\/portal\/wp-json\/wp\/v2\/media\/103107"}],"wp:attachment":[{"href":"https:\/\/eltrabajo.cl\/portal\/wp-json\/wp\/v2\/media?parent=103106"}],"wp:term":[{"taxonomy":"category","embeddable":true,"href":"https:\/\/eltrabajo.cl\/portal\/wp-json\/wp\/v2\/categories?post=103106"},{"taxonomy":"post_tag","embeddable":true,"href":"https:\/\/eltrabajo.cl\/portal\/wp-json\/wp\/v2\/tags?post=103106"}],"curies":[{"name":"wp","href":"https:\/\/api.w.org\/{rel}","templated":true}]}}