{"id":103132,"date":"2020-10-01T21:38:32","date_gmt":"2020-10-02T00:38:32","guid":{"rendered":"https:\/\/www.eltrabajo.cl\/portal\/?p=103132"},"modified":"2020-10-01T21:38:32","modified_gmt":"2020-10-02T00:38:32","slug":"priscila-pizarro-prepara-jugadoras-sanfelipenas-para-la-seleccion-chilena-infantil","status":"publish","type":"post","link":"https:\/\/eltrabajo.cl\/portal\/priscila-pizarro-prepara-jugadoras-sanfelipenas-para-la-seleccion-chilena-infantil\/","title":{"rendered":"Priscila Pizarro prepara jugadoras sanfelipe\u00f1as para la selecci\u00f3n chilena infantil"},"content":{"rendered":"<p style=\"text-align: justify;\">La preparadora f\u00edsica y ex seleccionada nacional de b\u00e1squetbol, <strong>Priscila Pizarro<\/strong>, est\u00e1 por estos d\u00edas preparando a tres jugadoras sanfelipe\u00f1as para que en el futuro cercano puedan realizar pruebas que de resultar exitosas las lleven a ser consideradas en la selecci\u00f3n chilena femenina infantil. <em>\u00abLas entreno en la parte t\u00e9cnica y f\u00edsica para que est\u00e9n bien preparadas y tengan su oportunidad en la selecci\u00f3n\u00bb,<\/em> explic\u00f3 la joven profesional a <strong>El Trabajo Deportivo<\/strong>.<\/p>\n<p style=\"text-align: justify;\">El trabajo que encabeza la entrenadora y en el que tambi\u00e9n participan otros menores de edad, empez\u00f3 hace una semana y ella se muestra confiada en que las ni\u00f1as que est\u00e1n bajo su mando t\u00e9cnico podr\u00e1n hacerse un espacio en la <strong>\u2018Rojita de todos\u2019<\/strong>. <em>\u00abAc\u00e1 hay talento, por lo que veo que tendr\u00e1n su oportunidad. Esto es talento joven que en San Felipe hay de sobra\u00bb,<\/em> concluy\u00f3 Priscila Pizarro.<\/p>\n<figure id=\"attachment_103133\" aria-describedby=\"caption-attachment-103133\" style=\"width: 698px\" class=\"wp-caption alignnone\"><img data-recalc-dims=\"1\" loading=\"lazy\" decoding=\"async\" class=\"size-full wp-image-103133\" src=\"https:\/\/i0.wp.com\/eltrabajo.cl\/portal\/wp-content\/uploads\/2020\/10\/entrenamiento.jpg?resize=640%2C360&#038;ssl=1\" alt=\"Los entrenamientos tienen lugar en la Multicancha de la Villa San Camilo.\" width=\"640\" height=\"360\" srcset=\"https:\/\/i0.wp.com\/eltrabajo.cl\/portal\/wp-content\/uploads\/2020\/10\/entrenamiento.jpg?w=698&amp;ssl=1 698w, https:\/\/i0.wp.com\/eltrabajo.cl\/portal\/wp-content\/uploads\/2020\/10\/entrenamiento.jpg?resize=300%2C169&amp;ssl=1 300w, https:\/\/i0.wp.com\/eltrabajo.cl\/portal\/wp-content\/uploads\/2020\/10\/entrenamiento.jpg?resize=200%2C113&amp;ssl=1 200w, https:\/\/i0.wp.com\/eltrabajo.cl\/portal\/wp-content\/uploads\/2020\/10\/entrenamiento.jpg?resize=696%2C392&amp;ssl=1 696w\" sizes=\"auto, (max-width: 640px) 100vw, 640px\" \/><figcaption id=\"caption-attachment-103133\" class=\"wp-caption-text\">Los entrenamientos tienen lugar en la Multicancha de la Villa San Camilo.<\/figcaption><\/figure>\n","protected":false},"excerpt":{"rendered":"<p>La preparadora f\u00edsica y ex seleccionada nacional de b\u00e1squetbol, Priscila Pizarro, est\u00e1 por estos d\u00edas preparando a tres jugadoras sanfelipe\u00f1as para que en el futuro cercano puedan realizar pruebas que de resultar&#8230;<\/p>\n","protected":false},"author":482,"featured_media":103133,"comment_status":"closed","ping_status":"open","sticky":false,"template":"","format":"standard","meta":{"advanced_seo_description":"","jetpack_seo_html_title":"","jetpack_seo_noindex":false,"_jetpack_memberships_contains_paid_content":false,"footnotes":""},"categories":[19],"tags":[],"class_list":["post-103132","post","type-post","status-publish","format-standard","has-post-thumbnail","hentry","category-deportes"],"jetpack_featured_media_url":"https:\/\/i0.wp.com\/eltrabajo.cl\/portal\/wp-content\/uploads\/2020\/10\/entrenamiento.jpg?fit=698%2C393&ssl=1","jetpack_sharing_enabled":true,"jetpack_likes_enabled":true,"jetpack-related-posts":[],"_links":{"self":[{"href":"https:\/\/eltrabajo.cl\/portal\/wp-json\/wp\/v2\/posts\/103132","targetHints":{"allow":["GET"]}}],"collection":[{"href":"https:\/\/eltrabajo.cl\/portal\/wp-json\/wp\/v2\/posts"}],"about":[{"href":"https:\/\/eltrabajo.cl\/portal\/wp-json\/wp\/v2\/types\/post"}],"author":[{"embeddable":true,"href":"https:\/\/eltrabajo.cl\/portal\/wp-json\/wp\/v2\/users\/482"}],"replies":[{"embeddable":true,"href":"https:\/\/eltrabajo.cl\/portal\/wp-json\/wp\/v2\/comments?post=103132"}],"version-history":[{"count":0,"href":"https:\/\/eltrabajo.cl\/portal\/wp-json\/wp\/v2\/posts\/103132\/revisions"}],"wp:featuredmedia":[{"embeddable":true,"href":"https:\/\/eltrabajo.cl\/portal\/wp-json\/wp\/v2\/media\/103133"}],"wp:attachment":[{"href":"https:\/\/eltrabajo.cl\/portal\/wp-json\/wp\/v2\/media?parent=103132"}],"wp:term":[{"taxonomy":"category","embeddable":true,"href":"https:\/\/eltrabajo.cl\/portal\/wp-json\/wp\/v2\/categories?post=103132"},{"taxonomy":"post_tag","embeddable":true,"href":"https:\/\/eltrabajo.cl\/portal\/wp-json\/wp\/v2\/tags?post=103132"}],"curies":[{"name":"wp","href":"https:\/\/api.w.org\/{rel}","templated":true}]}}