{"id":103185,"date":"2020-10-06T07:45:01","date_gmt":"2020-10-06T10:45:01","guid":{"rendered":"https:\/\/www.eltrabajo.cl\/portal\/?p=103185"},"modified":"2020-10-05T20:46:55","modified_gmt":"2020-10-05T23:46:55","slug":"union-san-felipe-se-impone-1-a-0-a-san-marcos-y-sigue-puntero","status":"publish","type":"post","link":"https:\/\/eltrabajo.cl\/portal\/union-san-felipe-se-impone-1-a-0-a-san-marcos-y-sigue-puntero\/","title":{"rendered":"Uni\u00f3n San Felipe se impone 1 a 0 a San Marcos y sigue puntero"},"content":{"rendered":"<p style=\"text-align: justify;\">En sus inicios, la primera mitad del pleito fue distinto a otros que se han jugado en el c\u00e9sped sint\u00e9tico del reducto quillotano, a ra\u00edz que San Marcos propuso algo distinto a otros rivales, al ser durante el primer cuarto de hora un equipo frontal, que prefiri\u00f3 no refugiarse en su propia zona, lo que caus\u00f3 algo de sorpresa en un Uni\u00f3n San Felipe que, sin jugar mal, no se ve\u00eda tan claro en su accionar.<\/p>\n<p style=\"text-align: justify;\">Pasados los 15 minutos la escuadra comandada t\u00e9cnicamente por <strong>Erwin Dur\u00e1n<\/strong> comenz\u00f3 a imponer sus condiciones. Clave fue el despliegue y la intensidad en la marca que puso el volante central <strong>Leandro Fioravantti<\/strong> al cortar los circuitos nortinos. Con los arique\u00f1os partidos en su accionar, comenzaron a aparecer los hombres m\u00e1s desequilibrantes de los aconcag\u00fcinos.<\/p>\n<p style=\"text-align: justify;\">Fue el minuto 27\u2019 cuando el Un\u00ed Un\u00ed logr\u00f3 hacer diferencias, cuando un infernal desborde de <strong>Gonzalo \u00c1lvarez<\/strong> permiti\u00f3 que \u00e9ste habilitara a <strong>Julio Castro<\/strong>, quien casi sin oposici\u00f3n envi\u00f3 el bal\u00f3n al fondo del arco sante\u00f1o. El resto del tiempo de la primera fracci\u00f3n transcurri\u00f3 sin mayores novedades al no registrarse llegadas de riesgo sobre las porter\u00edas.<\/p>\n<p style=\"text-align: justify;\">En la segunda etapa apareci\u00f3 una versi\u00f3n albirroja distinta a la de otras ocasiones. Con un San Marcos desatado en ofensiva para encontrar el empate, los de Dur\u00e1n decidieron que lo mejor ser\u00eda \u2018aguantar\u2019 para no correr riesgos innecesarios que despu\u00e9s pudieran lamentarse.<\/p>\n<p style=\"text-align: justify;\">Lejos de lo vistoso de otras actuaciones, lo de ayer es muy destacable porque el equipo en su totalidad no dud\u00f3 un instante en ponerse el overol para quedarse con una victoria sumamente importante que le permite a Uni\u00f3n San Felipe seguir una fecha m\u00e1s como puntero del campeonato; lugar que comparte con \u00d1ublense que ayer tuvo muchas dificultades para vencer a Cobreloa.<\/p>\n<p style=\"text-align: justify;\">\n<p style=\"text-align: justify;\"><strong>Ficha T\u00e9cnica<\/strong><\/p>\n<p style=\"text-align: justify;\">Fecha 13\u00aa<\/p>\n<p style=\"text-align: justify;\">Torneo Primera Divisi\u00f3n B<\/p>\n<p style=\"text-align: justify;\">Estadio Lucio Fari\u00f1a de Quillota<\/p>\n<p style=\"text-align: justify;\">\u00c1rbitro: Miguel Araos<\/p>\n<p style=\"text-align: justify;\">Uni\u00f3n San Felipe (1): Andr\u00e9s Fern\u00e1ndez; Mat\u00edas Torres, Jes\u00fas Pino, V\u00edctor Morales, Gonzalo Villegas; Leandro Fioravanti (Orme\u00f1o), Juan M\u00e9ndez, Gonzalo \u00c1lvarez, Jimmy Cisterna (Lagos), Alejandro Az\u00f3car (Palacios); Julio Castro (Vargas). DT: Erwin Dur\u00e1n.<\/p>\n<p style=\"text-align: justify;\">San Marcos (0): Brayan Manosalva; Crist\u00f3bal Kalise, Crist\u00f3bal Guerra, Robert Gonz\u00e1lez, Ignacio Avil\u00e9s, Eduardo Vilches, Jorge Fa\u00fandez (Mendoza), Nicol\u00e1s Mill\u00e1n (Godoy), Federico Millacet, Nahuel Donadell (Isla), Bairon Monroy. DT: Hern\u00e1n Pe\u00f1a.<\/p>\n<p style=\"text-align: justify;\">Gol<\/p>\n<p style=\"text-align: justify;\">1-0, 27\u2019 Julio Castro (USF)<\/p>\n<p style=\"text-align: justify;\">\n<p style=\"text-align: justify;\">Resultados fecha 13\u00aa<\/p>\n<p style=\"text-align: justify;\">Uni\u00f3n San Felipe 1 \u2013 San Marcos 0; Valdivia 4 \u2013 Copiap\u00f3 2; Santa Cruz 0 \u2013 Magallanes 3; Temuco 0 \u2013 San Luis 1; Puerto Montt 1 \u2013 Barnechea 1; Melipilla 1 \u2013 Santiago Morning 1; \u00d1ublense 3 \u2013 Cobreloa 2.<\/p>\n<p style=\"text-align: justify;\">\n<p style=\"text-align: justify;\"><strong>Tabla de Posiciones<\/strong><\/p>\n<p style=\"text-align: justify;\">Lugar\u00a0\u00a0\u00a0\u00a0\u00a0 Ptos.<\/p>\n<p style=\"text-align: justify;\">Uni\u00f3n San Felipe\u00a0\u00a0\u00a0 23<\/p>\n<p style=\"text-align: justify;\">\u00d1ublense 23<\/p>\n<p style=\"text-align: justify;\">Rangers\u00a0\u00a0 19<\/p>\n<p style=\"text-align: justify;\">Melipilla 19<\/p>\n<p style=\"text-align: justify;\">Valdivia\u00a0 19<\/p>\n<p style=\"text-align: justify;\">Magallanes\u00a0\u00a0\u00a0\u00a0\u00a0\u00a0\u00a0\u00a0\u00a0\u00a0\u00a0\u00a0 18<\/p>\n<p style=\"text-align: justify;\">San Luis\u00a0 17<\/p>\n<p style=\"text-align: justify;\">Puerto Montt\u00a0\u00a0\u00a0\u00a0\u00a0\u00a0\u00a0\u00a0\u00a0 16<\/p>\n<p style=\"text-align: justify;\">Cobreloa 15<\/p>\n<p style=\"text-align: justify;\">Temuco\u00a0\u00a0 14<\/p>\n<p style=\"text-align: justify;\">San Marcos\u00a0\u00a0\u00a0\u00a0\u00a0\u00a0\u00a0\u00a0\u00a0\u00a0\u00a0 14<\/p>\n<p style=\"text-align: justify;\">Copiap\u00f3\u00a0 13<\/p>\n<p style=\"text-align: justify;\">Santa Cruz\u00a0\u00a0\u00a0\u00a0\u00a0\u00a0\u00a0\u00a0\u00a0\u00a0\u00a0\u00a0\u00a0 12<\/p>\n<p style=\"text-align: justify;\">Barnechea\u00a0\u00a0\u00a0\u00a0\u00a0\u00a0\u00a0\u00a0\u00a0\u00a0\u00a0\u00a0\u00a0\u00a0 10<\/p>\n<p style=\"text-align: justify;\">Santiago Morning \u00a0 \u00a09<\/p>\n<figure id=\"attachment_103186\" aria-describedby=\"caption-attachment-103186\" style=\"width: 699px\" class=\"wp-caption alignnone\"><img data-recalc-dims=\"1\" loading=\"lazy\" decoding=\"async\" class=\"size-full wp-image-103186\" src=\"https:\/\/i0.wp.com\/eltrabajo.cl\/portal\/wp-content\/uploads\/2020\/10\/uni-alvarez.jpg?resize=640%2C427&#038;ssl=1\" alt=\"La figura del equipo albirrojo Gonzalo \u00c1lvarez, se apresta a recepcionar el bal\u00f3n para encarar a la zaga sante\u00f1a. (Foto: Jaime G\u00f3mez).\" width=\"640\" height=\"427\" srcset=\"https:\/\/i0.wp.com\/eltrabajo.cl\/portal\/wp-content\/uploads\/2020\/10\/uni-alvarez.jpg?w=699&amp;ssl=1 699w, https:\/\/i0.wp.com\/eltrabajo.cl\/portal\/wp-content\/uploads\/2020\/10\/uni-alvarez.jpg?resize=300%2C200&amp;ssl=1 300w, https:\/\/i0.wp.com\/eltrabajo.cl\/portal\/wp-content\/uploads\/2020\/10\/uni-alvarez.jpg?resize=200%2C133&amp;ssl=1 200w, https:\/\/i0.wp.com\/eltrabajo.cl\/portal\/wp-content\/uploads\/2020\/10\/uni-alvarez.jpg?resize=696%2C464&amp;ssl=1 696w\" sizes=\"auto, (max-width: 640px) 100vw, 640px\" \/><figcaption id=\"caption-attachment-103186\" class=\"wp-caption-text\">La figura del equipo albirrojo Gonzalo \u00c1lvarez, se apresta a recepcionar el bal\u00f3n para encarar a la zaga sante\u00f1a. (Foto: Jaime G\u00f3mez).<\/figcaption><\/figure>\n<figure id=\"attachment_103187\" aria-describedby=\"caption-attachment-103187\" style=\"width: 699px\" class=\"wp-caption alignnone\"><img data-recalc-dims=\"1\" loading=\"lazy\" decoding=\"async\" class=\"size-full wp-image-103187\" src=\"https:\/\/i0.wp.com\/eltrabajo.cl\/portal\/wp-content\/uploads\/2020\/10\/uni-castro.jpg?resize=640%2C427&#038;ssl=1\" alt=\"El delantero Julio Castro anot\u00f3 el \u00fanico gol del encuentro jugado ayer en Quillota. (Foto: Jaime G\u00f3mez).\" width=\"640\" height=\"427\" srcset=\"https:\/\/i0.wp.com\/eltrabajo.cl\/portal\/wp-content\/uploads\/2020\/10\/uni-castro.jpg?w=699&amp;ssl=1 699w, https:\/\/i0.wp.com\/eltrabajo.cl\/portal\/wp-content\/uploads\/2020\/10\/uni-castro.jpg?resize=300%2C200&amp;ssl=1 300w, https:\/\/i0.wp.com\/eltrabajo.cl\/portal\/wp-content\/uploads\/2020\/10\/uni-castro.jpg?resize=200%2C133&amp;ssl=1 200w, https:\/\/i0.wp.com\/eltrabajo.cl\/portal\/wp-content\/uploads\/2020\/10\/uni-castro.jpg?resize=696%2C464&amp;ssl=1 696w\" sizes=\"auto, (max-width: 640px) 100vw, 640px\" \/><figcaption id=\"caption-attachment-103187\" class=\"wp-caption-text\">El delantero Julio Castro anot\u00f3 el \u00fanico gol del encuentro jugado ayer en Quillota. (Foto: Jaime G\u00f3mez).<\/figcaption><\/figure>\n","protected":false},"excerpt":{"rendered":"<p>En sus inicios, la primera mitad del pleito fue distinto a otros que se han jugado en el c\u00e9sped sint\u00e9tico del reducto quillotano, a ra\u00edz que San Marcos propuso algo distinto a&#8230;<\/p>\n","protected":false},"author":482,"featured_media":103187,"comment_status":"closed","ping_status":"open","sticky":false,"template":"","format":"standard","meta":{"advanced_seo_description":"","jetpack_seo_html_title":"","jetpack_seo_noindex":false,"_jetpack_memberships_contains_paid_content":false,"footnotes":""},"categories":[19],"tags":[],"class_list":["post-103185","post","type-post","status-publish","format-standard","has-post-thumbnail","hentry","category-deportes"],"jetpack_featured_media_url":"https:\/\/i0.wp.com\/eltrabajo.cl\/portal\/wp-content\/uploads\/2020\/10\/uni-castro.jpg?fit=699%2C466&ssl=1","jetpack_sharing_enabled":true,"jetpack_likes_enabled":true,"jetpack-related-posts":[],"_links":{"self":[{"href":"https:\/\/eltrabajo.cl\/portal\/wp-json\/wp\/v2\/posts\/103185","targetHints":{"allow":["GET"]}}],"collection":[{"href":"https:\/\/eltrabajo.cl\/portal\/wp-json\/wp\/v2\/posts"}],"about":[{"href":"https:\/\/eltrabajo.cl\/portal\/wp-json\/wp\/v2\/types\/post"}],"author":[{"embeddable":true,"href":"https:\/\/eltrabajo.cl\/portal\/wp-json\/wp\/v2\/users\/482"}],"replies":[{"embeddable":true,"href":"https:\/\/eltrabajo.cl\/portal\/wp-json\/wp\/v2\/comments?post=103185"}],"version-history":[{"count":0,"href":"https:\/\/eltrabajo.cl\/portal\/wp-json\/wp\/v2\/posts\/103185\/revisions"}],"wp:featuredmedia":[{"embeddable":true,"href":"https:\/\/eltrabajo.cl\/portal\/wp-json\/wp\/v2\/media\/103187"}],"wp:attachment":[{"href":"https:\/\/eltrabajo.cl\/portal\/wp-json\/wp\/v2\/media?parent=103185"}],"wp:term":[{"taxonomy":"category","embeddable":true,"href":"https:\/\/eltrabajo.cl\/portal\/wp-json\/wp\/v2\/categories?post=103185"},{"taxonomy":"post_tag","embeddable":true,"href":"https:\/\/eltrabajo.cl\/portal\/wp-json\/wp\/v2\/tags?post=103185"}],"curies":[{"name":"wp","href":"https:\/\/api.w.org\/{rel}","templated":true}]}}