{"id":103204,"date":"2020-10-06T20:23:01","date_gmt":"2020-10-06T23:23:01","guid":{"rendered":"https:\/\/www.eltrabajo.cl\/portal\/?p=103204"},"modified":"2020-10-06T20:23:01","modified_gmt":"2020-10-06T23:23:01","slug":"el-estadio-municipal-paso-la-prueba-y-el-uni-volvera-a-jugar-de-local-en-ese-recinto","status":"publish","type":"post","link":"https:\/\/eltrabajo.cl\/portal\/el-estadio-municipal-paso-la-prueba-y-el-uni-volvera-a-jugar-de-local-en-ese-recinto\/","title":{"rendered":"El estadio Municipal pas\u00f3 la prueba y el Un\u00ed volver\u00e1 a jugar de local en ese recinto"},"content":{"rendered":"<p style=\"text-align: justify;\">Tras una visita inspectiva realizada hoy que fue encabezada por el Seremi de Salud, <strong>Francisco \u00c1lvarez Rom\u00e1n<\/strong>, se determin\u00f3 que el estadio Municipal de San Felipe cumple a cabalidad con los requisitos para que el Un\u00ed Un\u00ed pueda volver a jugar de local ah\u00ed.<\/p>\n<p style=\"text-align: justify;\">El recorrido en el que el gerente general de Uni\u00f3n San Felipe, <strong>Eduardo Olivares<\/strong>, daba a conocer a los visitantes que el club y el coloso de la Avenida Maip\u00fa no ten\u00edan mayores problemas para cumplir con el Protocolo Sanitario, se prolong\u00f3 por poco m\u00e1s de una hora.\u00a0 Una vez concluida la inspecci\u00f3n, el\u00a0 Seremi Francisco \u00c1lvarez declar\u00f3: <em>\u00abEsperamos que todo funcione bien; hemos visitado las instalaciones y todo est\u00e1 \u00f3ptimo. El estadio aprueba, as\u00ed que solo esperar que se cursen las autorizaciones respectivas\u00bb<\/em>.<\/p>\n<p style=\"text-align: justify;\">Por su parte el directivo Eduardo Olivares, no ocult\u00f3 su satisfacci\u00f3n por el hecho que el Un\u00ed Un\u00ed recupera su local\u00eda. <em>\u00abEste es un recinto c\u00f3modo que cumple con todo, as\u00ed que ahora solo hay que estar tranquilos a la espera de las resoluciones administrativas para poder jugar como locales el pr\u00f3ximo martes 13 con Magallanes. Estamos contentos porque esto no solo es bueno para el club, sino que toda la ciudad que quiere ver a su equipo en su estadio\u00bb,<\/em> expres\u00f3 el gerente de los albirrojos.<\/p>\n<figure id=\"attachment_103205\" aria-describedby=\"caption-attachment-103205\" style=\"width: 700px\" class=\"wp-caption alignnone\"><img data-recalc-dims=\"1\" loading=\"lazy\" decoding=\"async\" class=\"size-full wp-image-103205\" src=\"https:\/\/i0.wp.com\/eltrabajo.cl\/portal\/wp-content\/uploads\/2020\/10\/visita-estadio-2.jpg?resize=640%2C480&#038;ssl=1\" alt=\"En la inspecci\u00f3n del recinto de la Avenida Maip\u00fa estuvieron presentes distintas autoridades sanitarias y deportivas.\" width=\"640\" height=\"480\" srcset=\"https:\/\/i0.wp.com\/eltrabajo.cl\/portal\/wp-content\/uploads\/2020\/10\/visita-estadio-2.jpg?w=700&amp;ssl=1 700w, https:\/\/i0.wp.com\/eltrabajo.cl\/portal\/wp-content\/uploads\/2020\/10\/visita-estadio-2.jpg?resize=300%2C225&amp;ssl=1 300w, https:\/\/i0.wp.com\/eltrabajo.cl\/portal\/wp-content\/uploads\/2020\/10\/visita-estadio-2.jpg?resize=200%2C150&amp;ssl=1 200w, https:\/\/i0.wp.com\/eltrabajo.cl\/portal\/wp-content\/uploads\/2020\/10\/visita-estadio-2.jpg?resize=696%2C522&amp;ssl=1 696w\" sizes=\"auto, (max-width: 640px) 100vw, 640px\" \/><figcaption id=\"caption-attachment-103205\" class=\"wp-caption-text\">En la inspecci\u00f3n del recinto de la Avenida Maip\u00fa estuvieron presentes distintas autoridades sanitarias y deportivas.<\/figcaption><\/figure>\n<figure id=\"attachment_103206\" aria-describedby=\"caption-attachment-103206\" style=\"width: 699px\" class=\"wp-caption alignnone\"><img data-recalc-dims=\"1\" loading=\"lazy\" decoding=\"async\" class=\"size-full wp-image-103206\" src=\"https:\/\/i0.wp.com\/eltrabajo.cl\/portal\/wp-content\/uploads\/2020\/10\/visita-estadio.jpg?resize=640%2C481&#038;ssl=1\" alt=\"En la inspecci\u00f3n del recinto de la Avenida Maip\u00fa estuvieron presentes distintas autoridades sanitarias y deportivas.\" width=\"640\" height=\"481\" srcset=\"https:\/\/i0.wp.com\/eltrabajo.cl\/portal\/wp-content\/uploads\/2020\/10\/visita-estadio.jpg?w=699&amp;ssl=1 699w, https:\/\/i0.wp.com\/eltrabajo.cl\/portal\/wp-content\/uploads\/2020\/10\/visita-estadio.jpg?resize=300%2C225&amp;ssl=1 300w, https:\/\/i0.wp.com\/eltrabajo.cl\/portal\/wp-content\/uploads\/2020\/10\/visita-estadio.jpg?resize=200%2C150&amp;ssl=1 200w, https:\/\/i0.wp.com\/eltrabajo.cl\/portal\/wp-content\/uploads\/2020\/10\/visita-estadio.jpg?resize=696%2C523&amp;ssl=1 696w\" sizes=\"auto, (max-width: 640px) 100vw, 640px\" \/><figcaption id=\"caption-attachment-103206\" class=\"wp-caption-text\">En la inspecci\u00f3n del recinto de la Avenida Maip\u00fa estuvieron presentes distintas autoridades sanitarias y deportivas.<\/figcaption><\/figure>\n","protected":false},"excerpt":{"rendered":"<p>Tras una visita inspectiva realizada hoy que fue encabezada por el Seremi de Salud, Francisco \u00c1lvarez Rom\u00e1n, se determin\u00f3 que el estadio Municipal de San Felipe cumple a cabalidad con los requisitos&#8230;<\/p>\n","protected":false},"author":482,"featured_media":103206,"comment_status":"closed","ping_status":"open","sticky":false,"template":"","format":"standard","meta":{"advanced_seo_description":"","jetpack_seo_html_title":"","jetpack_seo_noindex":false,"_jetpack_memberships_contains_paid_content":false,"footnotes":""},"categories":[19],"tags":[],"class_list":["post-103204","post","type-post","status-publish","format-standard","has-post-thumbnail","hentry","category-deportes"],"jetpack_featured_media_url":"https:\/\/i0.wp.com\/eltrabajo.cl\/portal\/wp-content\/uploads\/2020\/10\/visita-estadio.jpg?fit=699%2C525&ssl=1","jetpack_sharing_enabled":true,"jetpack_likes_enabled":true,"jetpack-related-posts":[],"_links":{"self":[{"href":"https:\/\/eltrabajo.cl\/portal\/wp-json\/wp\/v2\/posts\/103204","targetHints":{"allow":["GET"]}}],"collection":[{"href":"https:\/\/eltrabajo.cl\/portal\/wp-json\/wp\/v2\/posts"}],"about":[{"href":"https:\/\/eltrabajo.cl\/portal\/wp-json\/wp\/v2\/types\/post"}],"author":[{"embeddable":true,"href":"https:\/\/eltrabajo.cl\/portal\/wp-json\/wp\/v2\/users\/482"}],"replies":[{"embeddable":true,"href":"https:\/\/eltrabajo.cl\/portal\/wp-json\/wp\/v2\/comments?post=103204"}],"version-history":[{"count":0,"href":"https:\/\/eltrabajo.cl\/portal\/wp-json\/wp\/v2\/posts\/103204\/revisions"}],"wp:featuredmedia":[{"embeddable":true,"href":"https:\/\/eltrabajo.cl\/portal\/wp-json\/wp\/v2\/media\/103206"}],"wp:attachment":[{"href":"https:\/\/eltrabajo.cl\/portal\/wp-json\/wp\/v2\/media?parent=103204"}],"wp:term":[{"taxonomy":"category","embeddable":true,"href":"https:\/\/eltrabajo.cl\/portal\/wp-json\/wp\/v2\/categories?post=103204"},{"taxonomy":"post_tag","embeddable":true,"href":"https:\/\/eltrabajo.cl\/portal\/wp-json\/wp\/v2\/tags?post=103204"}],"curies":[{"name":"wp","href":"https:\/\/api.w.org\/{rel}","templated":true}]}}