{"id":103274,"date":"2020-10-08T08:00:47","date_gmt":"2020-10-08T11:00:47","guid":{"rendered":"https:\/\/www.eltrabajo.cl\/portal\/?p=103274"},"modified":"2020-10-07T21:26:46","modified_gmt":"2020-10-08T00:26:46","slug":"familia-de-baleado-en-peaje-las-vegas-se-querella-por-homicidio-contra-carabinero-que-disparo","status":"publish","type":"post","link":"https:\/\/eltrabajo.cl\/portal\/familia-de-baleado-en-peaje-las-vegas-se-querella-por-homicidio-contra-carabinero-que-disparo\/","title":{"rendered":"Familia de baleado en Peaje Las Vegas se querella por homicidio contra carabinero que dispar\u00f3"},"content":{"rendered":"<p style=\"text-align: justify;\">Le llueve sobre mojado a Carabineros de San Felipe, porque a los dos funcionarios formalizados por apremios ileg\u00edtimos, ahora se suma una querella presentada el d\u00eda 25 de septiembre por homicidio y obstrucci\u00f3n en representaci\u00f3n de familiares de <strong>Danilo C\u00e1rdenas<\/strong>, quien muri\u00f3 luego de recibir impactos de bala por parte de personal policial en el peaje Las Vegas a principios del mes de marzo de este a\u00f1o.<\/p>\n<p style=\"text-align: justify;\">La querella est\u00e1 patrocinada por el abogado <strong>Mario Fuentes<\/strong> en representaci\u00f3n de la familia del fallecido, quien dijo que se trata de hechos ocurridos el d\u00eda 3 de marzo alrededor de las 23:40 horas en el peaje de Las Vegas comuna de Llay Llay: <em>\u00abEsta persona tuvo un impacto con un auto patrulla que estaba ah\u00ed estacionado y producto de ese impacto se bajan de ese veh\u00edculo los dos funcionarios, y a prop\u00f3sito de esa situaci\u00f3n \u00e9l es herido a bala dos veces; primero en una pierna y luego en el abdomen. Los impactos de balas son sin provocar ning\u00fan tipo de amenaza por parte de mi representado. Esas balas le causaron la muerte y hay hechos bastantes graves que detonaron la presentaci\u00f3n de una querella que ya present\u00e9 el 25 de septiembre, porque resulta ser que lleg\u00f3 la ambulancia y la ambulancia, en vez de llevarse al herido a bala, se llev\u00f3 a un funcionario de Carabineros que no estaba herido, que supuestamente ten\u00eda lesiones mucho menores producto del impacto, y resulta que al ofendido, en este caso la v\u00edctima, en vez de subirla a la ambulancia la subieron al carro de Carabineros para llev\u00e1rsela al cuartel, ni siquiera al hospital. Claro, naturalmente al ingreso al hospital esta persona falleci\u00f3 por una falla m\u00faltiple\u00bb,<\/em> se\u00f1al\u00f3 Fuentes.<\/p>\n<p style=\"text-align: justify;\">Enfatiza que justamente el certificado indica que las heridas de impacto de bala provocaron la muerte, por eso ellos creen que hay responsabilidades de los funcionarios policiales; no de uno, refiri\u00e9ndose al que dispar\u00f3 el arma, <em>\u00absino creemos que hay m\u00e1s responsables, es por ello que el 25 de septiembre presentamos una querella criminal por el delito de homicidio contra quien resulte responsable, porque creemos que hay una omisi\u00f3n en el hecho de no haber llevado inmediatamente al hospital. Adem\u00e1s por los impactos de bala, lo que creemos es que hay un uso desmedido de la fuerza del punto de vista de los reglamentos que tiene Carabineros para el uso del arma\u00bb,<\/em> dice Fuentes.<\/p>\n<p style=\"text-align: justify;\">Agrega que tambi\u00e9n presentaron una querella por obstrucci\u00f3n a la investigaci\u00f3n, <em>\u00abporque lamentablemente se salt\u00f3 un protocolo importante, se hab\u00eda solicitado que la autopsia se hiciera en base a un procedimiento espec\u00edfico que demanda, que est\u00e1 establecido en tratados internacionales de derechos humanos, y el Servicio M\u00e9dico Legal no acat\u00f3 la instrucci\u00f3n de la fiscal\u00eda y no aplic\u00f3 el procedimiento, culpando de aquello que no se les hab\u00eda dado las instrucciones, en circunstancias que en la investigaci\u00f3n consta que la instrucci\u00f3n se le entreg\u00f3 por lo tanto agregamos esta querella por entorpecer el proceso de investigaci\u00f3n que podr\u00eda afectar gravemente los resultados de \u00e9sta\u00bb,<\/em> se\u00f1ala el abogado Mario Fuentes.<\/p>\n<p style=\"text-align: justify;\">&#8211; <strong>\u00bfCu\u00e1l era el problema de la autopsia?<\/strong><\/p>\n<p style=\"text-align: justify;\">&#8211; Mire, el d\u00eda 4 de marzo, el d\u00eda de los hechos, desde la fiscal\u00eda se le solicit\u00f3 al Servicio M\u00e9dico Legal se hiciera una autopsia conforme al procedimiento o llamado protocolo de Minnesota. Resulta ser que el SML no aplic\u00f3 el protocolo que se le hab\u00eda solicitado. Se consult\u00f3 al SML mediante ley de transparencia por qu\u00e9 no hab\u00edan practicado el protocolo, y ellos indican que no porque la fiscal\u00eda no se los solicit\u00f3, y eso es absolutamente falso, yo corrobor\u00e9 y existe una solicitud expresa de la fiscal\u00eda.<\/p>\n<p style=\"text-align: justify;\">&#8211; <strong>Abogado, \u00bfno lleg\u00f3 tarde esa solicitud?, porque algo se hablaba de los tiempos ese d\u00eda, \u00bfo lleg\u00f3 en su momento?<\/strong><\/p>\n<p style=\"text-align: justify;\">&#8211; Lo que pasa es que la respuesta oficial del SML (Servicio M\u00e9dico Legal), ni siquiera es que lleg\u00f3 tarde\u2026 es que no existe solicitud.<\/p>\n<p style=\"text-align: justify;\">&#8211; <strong>\u00bfPero la solicitud al Ministerio P\u00fablico de aplicar el protocolo de Minnesota lleg\u00f3 tarde al Servicio M\u00e9dico Legal o no?<\/strong><\/p>\n<p style=\"text-align: justify;\">&#8211; Fue expedida la solicitud, no tengo certeza de una hora especifica porque la hora tambi\u00e9n hace diferencia, pero el problema que la respuesta oficial del SML no es en relaci\u00f3n a que lleg\u00f3 tarde o temprano, sino que simplemente no lleg\u00f3\u2026 No existe entonces eso naturalmente, ojo que la respuesta del SML es en agosto, o sea bastantes meses despu\u00e9s. Nosotros creemos que hay una negligencia inexcusable por parte del SML en ese sentido y que naturalmente va a afectar los resultados de la investigaci\u00f3n y adem\u00e1s que la fiscal\u00eda s\u00ed evacu\u00f3 la solicitud.<\/p>\n<p style=\"text-align: justify;\">&#8211; <strong>Abogado, si pudiera explicar el protocolo de Minnesota.<\/strong><\/p>\n<p style=\"text-align: justify;\">&#8211; El protocolo de Minnesota est\u00e1 establecido en convenios internacionales y en t\u00e9rminos muy sencillos establece que las autopsias que se realizan, en este caso el SML, se preocupen especialmente de verificar en este caso la v\u00edctima que estaba bajo el resguardo de agentes de la polic\u00eda haya sido adem\u00e1s de haber causado la muerte, si ha sufrido adem\u00e1s algunas lesiones producto de algunas torturas que podr\u00eda haber sufrido en el intertanto, y adem\u00e1s conocer si es que la muerte se produjo bajo la responsabilidad de los agentes de la polic\u00eda. Recordemos que \u00e9l muere estando en custodia de la polic\u00eda, por eso se aplica este protocolo, no es una autopsia sencilla, sino es que va a determinar espec\u00edficamente el actuar de los agentes de la justicia en calidad de custodios de la v\u00edctima tienen o no responsabilidad en los hechos y si adem\u00e1s hay torturas u otros delitos.<\/p>\n<p style=\"text-align: justify;\">&#8211; <strong>\u00bfQu\u00e9 se persigue con esta querella?<\/strong><\/p>\n<p style=\"text-align: justify;\">&#8211; Lo que se persigue naturalmente es una sentencia condenatoria contra quienes resulten responsables, principalmente en el delito de homicidio y naturalmente tambi\u00e9n en obstrucci\u00f3n en la investigaci\u00f3n; o sea, nosotros queremos que junto con quien percut\u00f3 el arma, que naturalmente es responsable por ese mismo hecho, tambi\u00e9n se aplique una sentencia condenatoria a quienes tambi\u00e9n participaron de los hechos agravando la situaci\u00f3n de la v\u00edctima, porque la pregunta que uno se podr\u00eda hacer es si despu\u00e9s de los dos impactos la v\u00edctima la hubiesen llevado de inmediato al hospital, si el resultado hubiese sido el mismo a diferencia de c\u00f3mo se procedi\u00f3,\u00a0 porque como se procedi\u00f3 a la v\u00edctima no se le llev\u00f3 al hospital inmediatamente; de hecho es m\u00e1s, ni siquiera se subi\u00f3 a la ambulancia, lo subieron al carro policial y lo condujeron directamente al cuartel donde estuvo minutos valiosos antes de ingresar al hospital, o sea la pregunta clave es: \u00bfHabr\u00eda cambiado el resultado si lo hubiesen llevado directamente al hospital?, claro que habr\u00eda cambiado, los resultados ser\u00edan distintos y eso sumado obviamente al uso desmedido de la fuerza.<\/p>\n<p style=\"text-align: justify;\">&#8211; <strong>\u00bfLa querella fue declarada admisible?<\/strong><\/p>\n<p style=\"text-align: justify;\">&#8211; S\u00ed, ya se est\u00e1 tramitando, nosotros vamos a solicitar una serie de diligencias investigativas, de parte de todas maneras la fiscal\u00eda ya llevaba una investigaci\u00f3n producto de estos hechos desde el d\u00eda mismos de los hechos, yo revis\u00e9 la carpeta investigativa.<\/p>\n<p style=\"text-align: justify;\">&#8211; <strong>\u00bfEn que estaba la investigaci\u00f3n?<\/strong><\/p>\n<p style=\"text-align: justify;\">&#8211; Est\u00e1 en una etapa de investigaci\u00f3n sin formalizaci\u00f3n a\u00fan, no se ha formalizado a nadie por lo tanto est\u00e1 en una etapa de investigaci\u00f3n.<\/p>\n<p style=\"text-align: justify;\">&#8211; <strong>\u00bfPor qu\u00e9 no se ha formalizado a nadie?<\/strong><\/p>\n<p style=\"text-align: justify;\">&#8211; Mire esa es una facultad propia del Ministerio P\u00fablico y muchas veces obedece a decisiones de medios de prueba, de m\u00e9ritos en cuanto a la necesidad de avanzar m\u00e1s en la etapa de investigaci\u00f3n. Por ejemplo, hay diligencias que vamos a solicitar ahora que son claves para poder esclarecer a\u00fan m\u00e1s los hechos, y una vez esclarecidas, una vez ejecutada esas diligencias investigativas, van a permitir naturalmente a fiscal\u00eda llegar a arribar a la formalizaci\u00f3n de una investigaci\u00f3n.<\/p>\n<p style=\"text-align: justify;\">&#8211; <strong>\u00bfTienen alguna prueba que vayan a acompa\u00f1ar?, porque ese d\u00eda hab\u00eda varios videos circulando de los hechos, teniendo en cuenta que ustedes pasan a ser intervinientes y pueden solicitar diligencias al persecutor.<\/strong><\/p>\n<p style=\"text-align: justify;\">&#8211; Exacto, tenemos unos videos que mis representados, en este caso los padres de la v\u00edctima, me han hecho llegar a m\u00ed y yo los voy a aportar a la fiscal\u00eda como un aporte de pruebas correspondientes al margen de las diligencias investigativas que vamos a solicitar.<\/p>\n<p style=\"text-align: justify;\">Pidi\u00f3 hacer menci\u00f3n a algo muy especial en honor a la v\u00edctima, en el sentido que cuando pasaron los hechos se dijo <em>\u00abque la v\u00edctima ten\u00eda antecedentes penales y eso es falso, absolutamente falso. No estoy cien por ciento seguro, me parece hab\u00e9rselo escuchado a alguien de Carabineros decirlo en la prensa.<\/em><\/p>\n<p style=\"text-align: justify;\">Al respecto recordar que fue el coronel <strong>Jorge Chab\u00e1n<\/strong>, prefecto de Carabineros de Aconcagua cuando presentaba sus credenciales al Gobernador Claudio Rodr\u00edguez Cataldo.<\/p>\n<p style=\"text-align: justify;\">Al final volvi\u00f3 a indicar que est\u00e1n trabajando para lograr una sentencia condenatoria.<\/p>\n<figure id=\"attachment_103275\" aria-describedby=\"caption-attachment-103275\" style=\"width: 699px\" class=\"wp-caption alignnone\"><img data-recalc-dims=\"1\" loading=\"lazy\" decoding=\"async\" class=\"size-full wp-image-103275\" src=\"https:\/\/i0.wp.com\/eltrabajo.cl\/portal\/wp-content\/uploads\/2020\/10\/Mario-Fuentes-abogado-de-la-familia-de-Danilo-Cardenas..jpg?resize=640%2C390&#038;ssl=1\" alt=\"La querella est\u00e1 patrocinada por el abogado Mario Fuentes en representaci\u00f3n de la familia del fallecido.\" width=\"640\" height=\"390\" srcset=\"https:\/\/i0.wp.com\/eltrabajo.cl\/portal\/wp-content\/uploads\/2020\/10\/Mario-Fuentes-abogado-de-la-familia-de-Danilo-Cardenas..jpg?w=699&amp;ssl=1 699w, https:\/\/i0.wp.com\/eltrabajo.cl\/portal\/wp-content\/uploads\/2020\/10\/Mario-Fuentes-abogado-de-la-familia-de-Danilo-Cardenas..jpg?resize=300%2C183&amp;ssl=1 300w, https:\/\/i0.wp.com\/eltrabajo.cl\/portal\/wp-content\/uploads\/2020\/10\/Mario-Fuentes-abogado-de-la-familia-de-Danilo-Cardenas..jpg?resize=200%2C122&amp;ssl=1 200w, https:\/\/i0.wp.com\/eltrabajo.cl\/portal\/wp-content\/uploads\/2020\/10\/Mario-Fuentes-abogado-de-la-familia-de-Danilo-Cardenas..jpg?resize=696%2C424&amp;ssl=1 696w\" sizes=\"auto, (max-width: 640px) 100vw, 640px\" \/><figcaption id=\"caption-attachment-103275\" class=\"wp-caption-text\">La querella est\u00e1 patrocinada por el abogado Mario Fuentes en representaci\u00f3n de la familia del fallecido.<\/figcaption><\/figure>\n","protected":false},"excerpt":{"rendered":"<p>Le llueve sobre mojado a Carabineros de San Felipe, porque a los dos funcionarios formalizados por apremios ileg\u00edtimos, ahora se suma una querella presentada el d\u00eda 25 de septiembre por homicidio y&#8230;<\/p>\n","protected":false},"author":482,"featured_media":103275,"comment_status":"closed","ping_status":"open","sticky":false,"template":"","format":"standard","meta":{"advanced_seo_description":"","jetpack_seo_html_title":"","jetpack_seo_noindex":false,"_jetpack_memberships_contains_paid_content":false,"footnotes":""},"categories":[97],"tags":[],"class_list":["post-103274","post","type-post","status-publish","format-standard","has-post-thumbnail","hentry","category-tribunales"],"jetpack_featured_media_url":"https:\/\/i0.wp.com\/eltrabajo.cl\/portal\/wp-content\/uploads\/2020\/10\/Mario-Fuentes-abogado-de-la-familia-de-Danilo-Cardenas..jpg?fit=699%2C426&ssl=1","jetpack_sharing_enabled":true,"jetpack_likes_enabled":true,"jetpack-related-posts":[],"_links":{"self":[{"href":"https:\/\/eltrabajo.cl\/portal\/wp-json\/wp\/v2\/posts\/103274","targetHints":{"allow":["GET"]}}],"collection":[{"href":"https:\/\/eltrabajo.cl\/portal\/wp-json\/wp\/v2\/posts"}],"about":[{"href":"https:\/\/eltrabajo.cl\/portal\/wp-json\/wp\/v2\/types\/post"}],"author":[{"embeddable":true,"href":"https:\/\/eltrabajo.cl\/portal\/wp-json\/wp\/v2\/users\/482"}],"replies":[{"embeddable":true,"href":"https:\/\/eltrabajo.cl\/portal\/wp-json\/wp\/v2\/comments?post=103274"}],"version-history":[{"count":0,"href":"https:\/\/eltrabajo.cl\/portal\/wp-json\/wp\/v2\/posts\/103274\/revisions"}],"wp:featuredmedia":[{"embeddable":true,"href":"https:\/\/eltrabajo.cl\/portal\/wp-json\/wp\/v2\/media\/103275"}],"wp:attachment":[{"href":"https:\/\/eltrabajo.cl\/portal\/wp-json\/wp\/v2\/media?parent=103274"}],"wp:term":[{"taxonomy":"category","embeddable":true,"href":"https:\/\/eltrabajo.cl\/portal\/wp-json\/wp\/v2\/categories?post=103274"},{"taxonomy":"post_tag","embeddable":true,"href":"https:\/\/eltrabajo.cl\/portal\/wp-json\/wp\/v2\/tags?post=103274"}],"curies":[{"name":"wp","href":"https:\/\/api.w.org\/{rel}","templated":true}]}}