{"id":103283,"date":"2020-10-09T07:40:02","date_gmt":"2020-10-09T10:40:02","guid":{"rendered":"https:\/\/www.eltrabajo.cl\/portal\/?p=103283"},"modified":"2020-10-08T20:34:35","modified_gmt":"2020-10-08T23:34:35","slug":"ante-el-sub-colista-union-san-felipe-buscara-seguir-sumando-para-seguir-arriba","status":"publish","type":"post","link":"https:\/\/eltrabajo.cl\/portal\/ante-el-sub-colista-union-san-felipe-buscara-seguir-sumando-para-seguir-arriba\/","title":{"rendered":"Ante el sub colista Uni\u00f3n San Felipe buscar\u00e1 seguir sumando para seguir arriba"},"content":{"rendered":"<p style=\"text-align: justify;\">En el que ser\u00e1 su pen\u00faltimo desaf\u00edo de la primera rueda del torneo oficial de la Primera B, a las 13 horas de hoy Uni\u00f3n San Felipe intentar\u00e1 seguir al tope de la tabla en su desaf\u00edo ante Barnechea, en el partido que se jugar\u00e1 en el estadio San Carlos de Apoquindo, recinto en el que se ver\u00e1n las caras dos equipos con presentes muy distintos. <em>\u00abIndependiente del momento de cada equipo, nosotros seguiremos en la l\u00ednea que nos ha llevado a tener los resultados actuales, as\u00ed que ver\u00e1n al Uni\u00f3n San Felipe de siempre\u00bb,<\/em> dijo en la previa al pleito de hoy el t\u00e9cnico <strong>Erwin Dur\u00e1n<\/strong>.<\/p>\n<p style=\"text-align: justify;\">De no mediar lesiones o cambios de \u00faltima hora, la m\u00e1s probable formaci\u00f3n albirroja ser\u00e1 con: Andr\u00e9s Fern\u00e1ndez; Mat\u00edas Torres, Jes\u00fas Pino, V\u00edctor Morales, Gonzalo Villegas; Leandro Fioravanti, Tom\u00e1s Lanzini (M\u00e9ndez) Gonzalo \u00c1lvarez, Jimmy Cisterna, Alejandro Az\u00f3car; Julio Palacios.<\/p>\n<p style=\"text-align: justify;\">El juego entre capitalinos y aconcag\u00fcinos que pondr\u00e1 t\u00e9rmino a la d\u00e9cimo tercera fecha del campeonato, ser\u00e1 dirigido por el juez Benjam\u00edn Saravia.<\/p>\n<p style=\"text-align: justify;\"><strong>Tabla de Posiciones<\/strong><\/p>\n<p style=\"text-align: justify;\">Lugar\u00a0\u00a0\u00a0\u00a0\u00a0 Ptos.<\/p>\n<p style=\"text-align: justify;\"><strong>Uni\u00f3n San Felipe 23<\/strong><\/p>\n<p style=\"text-align: justify;\">\u00d1ublense 23<\/p>\n<p style=\"text-align: justify;\">Rangers 19<\/p>\n<p style=\"text-align: justify;\">Melipilla 19<\/p>\n<p style=\"text-align: justify;\">Valdivia 19<\/p>\n<p style=\"text-align: justify;\">Magallanes 18<\/p>\n<p style=\"text-align: justify;\">San Luis 17<\/p>\n<p style=\"text-align: justify;\">Puerto Montt 16<\/p>\n<p style=\"text-align: justify;\">Cobreloa 15<\/p>\n<p style=\"text-align: justify;\">Temuco 14<\/p>\n<p style=\"text-align: justify;\">San Marcos 14<\/p>\n<p style=\"text-align: justify;\">Copiap\u00f3 13<\/p>\n<p style=\"text-align: justify;\">Santa Cruz 12<\/p>\n<p style=\"text-align: justify;\">Barnechea 10<\/p>\n<p style=\"text-align: justify;\">Santiago Morning 9<\/p>\n<figure id=\"attachment_103284\" aria-describedby=\"caption-attachment-103284\" style=\"width: 698px\" class=\"wp-caption alignnone\"><img data-recalc-dims=\"1\" loading=\"lazy\" decoding=\"async\" class=\"size-full wp-image-103284\" src=\"https:\/\/i0.wp.com\/eltrabajo.cl\/portal\/wp-content\/uploads\/2020\/10\/uni-uni.jpg?resize=640%2C437&#038;ssl=1\" alt=\"PURA ALEGR\u00cdA.- El conjunto sanfelipe\u00f1o llega al duelo de hoy precedido de cuatro triunfos en l\u00ednea.\" width=\"640\" height=\"437\" srcset=\"https:\/\/i0.wp.com\/eltrabajo.cl\/portal\/wp-content\/uploads\/2020\/10\/uni-uni.jpg?w=698&amp;ssl=1 698w, https:\/\/i0.wp.com\/eltrabajo.cl\/portal\/wp-content\/uploads\/2020\/10\/uni-uni.jpg?resize=300%2C205&amp;ssl=1 300w, https:\/\/i0.wp.com\/eltrabajo.cl\/portal\/wp-content\/uploads\/2020\/10\/uni-uni.jpg?resize=200%2C137&amp;ssl=1 200w, https:\/\/i0.wp.com\/eltrabajo.cl\/portal\/wp-content\/uploads\/2020\/10\/uni-uni.jpg?resize=218%2C150&amp;ssl=1 218w, https:\/\/i0.wp.com\/eltrabajo.cl\/portal\/wp-content\/uploads\/2020\/10\/uni-uni.jpg?resize=696%2C476&amp;ssl=1 696w\" sizes=\"auto, (max-width: 640px) 100vw, 640px\" \/><figcaption id=\"caption-attachment-103284\" class=\"wp-caption-text\">PURA ALEGR\u00cdA.- El conjunto sanfelipe\u00f1o llega al duelo de hoy precedido de cuatro triunfos en l\u00ednea.<\/figcaption><\/figure>\n","protected":false},"excerpt":{"rendered":"<p>En el que ser\u00e1 su pen\u00faltimo desaf\u00edo de la primera rueda del torneo oficial de la Primera B, a las 13 horas de hoy Uni\u00f3n San Felipe intentar\u00e1 seguir al tope de&#8230;<\/p>\n","protected":false},"author":482,"featured_media":103284,"comment_status":"closed","ping_status":"open","sticky":false,"template":"","format":"standard","meta":{"advanced_seo_description":"","jetpack_seo_html_title":"","jetpack_seo_noindex":false,"_jetpack_memberships_contains_paid_content":false,"footnotes":""},"categories":[19],"tags":[],"class_list":["post-103283","post","type-post","status-publish","format-standard","has-post-thumbnail","hentry","category-deportes"],"jetpack_featured_media_url":"https:\/\/i0.wp.com\/eltrabajo.cl\/portal\/wp-content\/uploads\/2020\/10\/uni-uni.jpg?fit=698%2C477&ssl=1","jetpack_sharing_enabled":true,"jetpack_likes_enabled":true,"jetpack-related-posts":[],"_links":{"self":[{"href":"https:\/\/eltrabajo.cl\/portal\/wp-json\/wp\/v2\/posts\/103283","targetHints":{"allow":["GET"]}}],"collection":[{"href":"https:\/\/eltrabajo.cl\/portal\/wp-json\/wp\/v2\/posts"}],"about":[{"href":"https:\/\/eltrabajo.cl\/portal\/wp-json\/wp\/v2\/types\/post"}],"author":[{"embeddable":true,"href":"https:\/\/eltrabajo.cl\/portal\/wp-json\/wp\/v2\/users\/482"}],"replies":[{"embeddable":true,"href":"https:\/\/eltrabajo.cl\/portal\/wp-json\/wp\/v2\/comments?post=103283"}],"version-history":[{"count":0,"href":"https:\/\/eltrabajo.cl\/portal\/wp-json\/wp\/v2\/posts\/103283\/revisions"}],"wp:featuredmedia":[{"embeddable":true,"href":"https:\/\/eltrabajo.cl\/portal\/wp-json\/wp\/v2\/media\/103284"}],"wp:attachment":[{"href":"https:\/\/eltrabajo.cl\/portal\/wp-json\/wp\/v2\/media?parent=103283"}],"wp:term":[{"taxonomy":"category","embeddable":true,"href":"https:\/\/eltrabajo.cl\/portal\/wp-json\/wp\/v2\/categories?post=103283"},{"taxonomy":"post_tag","embeddable":true,"href":"https:\/\/eltrabajo.cl\/portal\/wp-json\/wp\/v2\/tags?post=103283"}],"curies":[{"name":"wp","href":"https:\/\/api.w.org\/{rel}","templated":true}]}}