{"id":103309,"date":"2020-10-12T19:47:03","date_gmt":"2020-10-12T22:47:03","guid":{"rendered":"https:\/\/www.eltrabajo.cl\/portal\/?p=103309"},"modified":"2020-10-12T19:47:03","modified_gmt":"2020-10-12T22:47:03","slug":"en-su-retorno-al-municipal-el-uni-uni-esta-obligado-a-ganar-para-seguir-arriba","status":"publish","type":"post","link":"https:\/\/eltrabajo.cl\/portal\/en-su-retorno-al-municipal-el-uni-uni-esta-obligado-a-ganar-para-seguir-arriba\/","title":{"rendered":"En su retorno al Municipal el Un\u00ed Un\u00ed est\u00e1 obligado a ganar para seguir arriba"},"content":{"rendered":"<p style=\"text-align: left;\"><span style=\"color: #c80000;\"><strong>A partir de las trece horas de ma\u00f1ana martes enfrenta a Magallanes<\/strong><\/span><\/p>\n<p style=\"text-align: justify;\">Con la urgente obligaci\u00f3n de volver al triunfo para dejar atr\u00e1s la p\u00e9sima imagen que dej\u00f3 el viernes \u00faltimo ante Barnechea, y de paso poder seguir en la parte alta de la tabla, Uni\u00f3n San Felipe afrontar\u00e1 el duelo de ma\u00f1ana frente a Magallanes.<\/p>\n<p style=\"text-align: justify;\">El duelo contra el conjunto carabelero tendr\u00e1 como atractivo extra el que despu\u00e9s de mucho tiempo el Un\u00ed Un\u00ed volver\u00e1 a ser local en el Estadio Municipal, recinto que reci\u00e9n la semana pasada recibi\u00f3 la autorizaci\u00f3n por parte de la autoridad sanitaria para albergar partidos de f\u00fatbol profesional.<\/p>\n<p style=\"text-align: justify;\">Dentro del grupo que comanda el profesor <strong>Erwin Dur\u00e1n<\/strong> existe total claridad respecto a que deber\u00e1n mejorar mucho respecto al \u00faltimo duelo si quieren quedarse con los 3 puntos frente a Magallanes, ya que este equipo viene bien adem\u00e1s de ser hist\u00f3ricamente un rival duro para los albirrojos, al tener dentro de sus filas jugadores con buen pie adem\u00e1s de experimentados.<\/p>\n<p style=\"text-align: justify;\">La m\u00e1s probable alineaci\u00f3n sanfelipe\u00f1a ser\u00eda con: <strong>Andr\u00e9s Fern\u00e1ndez<\/strong> en el arco; <strong>Mat\u00edas Torres<\/strong>, <strong>Jes\u00fas Pino<\/strong>, <strong>V\u00edctor Morales<\/strong> (Rojas), <strong>Gonzalo Villegas<\/strong>; <strong>Tom\u00e1s Lanzini<\/strong>, <strong>Leandro Fioravanti<\/strong>, <strong>Gonzalo \u00c1lvarez<\/strong>, <strong>Jimmy Cisterna<\/strong>, <strong>Pablo Vergara<\/strong> y <strong>Julio Castro<\/strong>.<\/p>\n<p style=\"text-align: justify;\">La hora de inicio del pleito que pondr\u00e1 fin a la primera rueda del campeonato B del f\u00fatbol chileno ser\u00e1 a la 13:00 horas, y el hombre encargado de impartir justicia ser\u00e1 el colegiado Mat\u00edas Quila.<\/p>\n<p style=\"text-align: justify;\">\n<p style=\"text-align: justify;\"><span style=\"color: #c80000;\"><strong>P\u00c9SIMA PRESENTACI\u00d3N<\/strong><\/span><\/p>\n<p style=\"text-align: justify;\">En el que sin lugar a dudas se puede calificar como el peor partido que ha jugado en toda la primera parte del certamen, el Un\u00ed Un\u00ed fue vencido por la cuenta m\u00ednima por el d\u00e9bil equipo de Barnechea, en el duelo disputado durante la jornada del viernes pasado en el Estadio San Carlos de Apoquindo.<\/p>\n<p style=\"text-align: justify;\">La ca\u00edda ante el cuadro \u2018huaicochero\u2019 fue un verdadero balde de agua fr\u00eda en las huestes aconcag\u00fcinas porque el traspi\u00e9 se produjo ante un rival menos que discreto, que no reun\u00eda las condiciones futbol\u00edsticas para ganar, salvo algunos \u2018nombres\u2019 que en su momento fueron medianamente destacados en el balompi\u00e9 rentado nacional.<\/p>\n<p style=\"text-align: justify;\">Lo que pas\u00f3 en la casa de la Universidad Cat\u00f3lica es algo muy preocupante a ra\u00edz que se vio a un conjunto sanfelipe\u00f1o carente de ideas en la elaboraci\u00f3n y muy desordenado en su accionar, tema no menor porque ya en el pleito con San Marcos hab\u00eda pasado algo similar; pero como en esa ocasi\u00f3n fue un triunfo, nadie puso reparos en ese importante detalle.<\/p>\n<p style=\"text-align: justify;\">La mala actuaci\u00f3n albirroja fue coronada por un autogol del juvenil <strong>Mat\u00edas Torres<\/strong>, quien en el minuto 65 no pudo evitar recibir un rebote de un bal\u00f3n que se hab\u00eda estrellado en el horizontal del p\u00f3rtico custodiado por <strong>Andr\u00e9s Fern\u00e1ndez<\/strong>.<\/p>\n<figure id=\"attachment_103310\" aria-describedby=\"caption-attachment-103310\" style=\"width: 700px\" class=\"wp-caption alignnone\"><img data-recalc-dims=\"1\" loading=\"lazy\" decoding=\"async\" class=\"size-full wp-image-103310\" src=\"https:\/\/i0.wp.com\/eltrabajo.cl\/portal\/wp-content\/uploads\/2020\/10\/uni-uni-1.jpg?resize=640%2C420&#038;ssl=1\" alt=\"El cuadro albirrojo deber\u00e1 imponerse a Magallanes para poder terminar arriba la primera rueda del torneo. \" width=\"640\" height=\"420\" srcset=\"https:\/\/i0.wp.com\/eltrabajo.cl\/portal\/wp-content\/uploads\/2020\/10\/uni-uni-1.jpg?w=700&amp;ssl=1 700w, https:\/\/i0.wp.com\/eltrabajo.cl\/portal\/wp-content\/uploads\/2020\/10\/uni-uni-1.jpg?resize=300%2C197&amp;ssl=1 300w, https:\/\/i0.wp.com\/eltrabajo.cl\/portal\/wp-content\/uploads\/2020\/10\/uni-uni-1.jpg?resize=200%2C131&amp;ssl=1 200w, https:\/\/i0.wp.com\/eltrabajo.cl\/portal\/wp-content\/uploads\/2020\/10\/uni-uni-1.jpg?resize=696%2C456&amp;ssl=1 696w\" sizes=\"auto, (max-width: 640px) 100vw, 640px\" \/><figcaption id=\"caption-attachment-103310\" class=\"wp-caption-text\">El cuadro albirrojo deber\u00e1 imponerse a Magallanes para poder terminar arriba la primera rueda del torneo.<\/figcaption><\/figure>\n<figure id=\"attachment_103311\" aria-describedby=\"caption-attachment-103311\" style=\"width: 699px\" class=\"wp-caption alignnone\"><img data-recalc-dims=\"1\" loading=\"lazy\" decoding=\"async\" class=\"size-full wp-image-103311\" src=\"https:\/\/i0.wp.com\/eltrabajo.cl\/portal\/wp-content\/uploads\/2020\/10\/barnechea-uni-uni.jpg?resize=640%2C729&#038;ssl=1\" alt=\"Uni\u00f3n San Felipe jug\u00f3 un p\u00e9simo partido ante el discreto cuadro de Barnechea.\" width=\"640\" height=\"729\" srcset=\"https:\/\/i0.wp.com\/eltrabajo.cl\/portal\/wp-content\/uploads\/2020\/10\/barnechea-uni-uni.jpg?w=699&amp;ssl=1 699w, https:\/\/i0.wp.com\/eltrabajo.cl\/portal\/wp-content\/uploads\/2020\/10\/barnechea-uni-uni.jpg?resize=263%2C300&amp;ssl=1 263w, https:\/\/i0.wp.com\/eltrabajo.cl\/portal\/wp-content\/uploads\/2020\/10\/barnechea-uni-uni.jpg?resize=132%2C150&amp;ssl=1 132w, https:\/\/i0.wp.com\/eltrabajo.cl\/portal\/wp-content\/uploads\/2020\/10\/barnechea-uni-uni.jpg?resize=696%2C793&amp;ssl=1 696w\" sizes=\"auto, (max-width: 640px) 100vw, 640px\" \/><figcaption id=\"caption-attachment-103311\" class=\"wp-caption-text\">Uni\u00f3n San Felipe jug\u00f3 un p\u00e9simo partido ante el discreto cuadro de Barnechea.<\/figcaption><\/figure>\n","protected":false},"excerpt":{"rendered":"<p>A partir de las trece horas de ma\u00f1ana martes enfrenta a Magallanes Con la urgente obligaci\u00f3n de volver al triunfo para dejar atr\u00e1s la p\u00e9sima imagen que dej\u00f3 el viernes \u00faltimo ante&#8230;<\/p>\n","protected":false},"author":482,"featured_media":103310,"comment_status":"closed","ping_status":"open","sticky":false,"template":"","format":"standard","meta":{"advanced_seo_description":"","jetpack_seo_html_title":"","jetpack_seo_noindex":false,"_jetpack_memberships_contains_paid_content":false,"footnotes":""},"categories":[19],"tags":[],"class_list":["post-103309","post","type-post","status-publish","format-standard","has-post-thumbnail","hentry","category-deportes"],"jetpack_featured_media_url":"https:\/\/i0.wp.com\/eltrabajo.cl\/portal\/wp-content\/uploads\/2020\/10\/uni-uni-1.jpg?fit=700%2C459&ssl=1","jetpack_sharing_enabled":true,"jetpack_likes_enabled":true,"jetpack-related-posts":[],"_links":{"self":[{"href":"https:\/\/eltrabajo.cl\/portal\/wp-json\/wp\/v2\/posts\/103309","targetHints":{"allow":["GET"]}}],"collection":[{"href":"https:\/\/eltrabajo.cl\/portal\/wp-json\/wp\/v2\/posts"}],"about":[{"href":"https:\/\/eltrabajo.cl\/portal\/wp-json\/wp\/v2\/types\/post"}],"author":[{"embeddable":true,"href":"https:\/\/eltrabajo.cl\/portal\/wp-json\/wp\/v2\/users\/482"}],"replies":[{"embeddable":true,"href":"https:\/\/eltrabajo.cl\/portal\/wp-json\/wp\/v2\/comments?post=103309"}],"version-history":[{"count":0,"href":"https:\/\/eltrabajo.cl\/portal\/wp-json\/wp\/v2\/posts\/103309\/revisions"}],"wp:featuredmedia":[{"embeddable":true,"href":"https:\/\/eltrabajo.cl\/portal\/wp-json\/wp\/v2\/media\/103310"}],"wp:attachment":[{"href":"https:\/\/eltrabajo.cl\/portal\/wp-json\/wp\/v2\/media?parent=103309"}],"wp:term":[{"taxonomy":"category","embeddable":true,"href":"https:\/\/eltrabajo.cl\/portal\/wp-json\/wp\/v2\/categories?post=103309"},{"taxonomy":"post_tag","embeddable":true,"href":"https:\/\/eltrabajo.cl\/portal\/wp-json\/wp\/v2\/tags?post=103309"}],"curies":[{"name":"wp","href":"https:\/\/api.w.org\/{rel}","templated":true}]}}