{"id":103384,"date":"2020-10-15T07:45:29","date_gmt":"2020-10-15T10:45:29","guid":{"rendered":"https:\/\/www.eltrabajo.cl\/portal\/?p=103384"},"modified":"2020-10-14T20:34:26","modified_gmt":"2020-10-14T23:34:26","slug":"tecnico-de-union-san-felipe-conforme-con-la-primera-rueda-del-equipo","status":"publish","type":"post","link":"https:\/\/eltrabajo.cl\/portal\/tecnico-de-union-san-felipe-conforme-con-la-primera-rueda-del-equipo\/","title":{"rendered":"T\u00e9cnico de Uni\u00f3n San Felipe conforme con la primera rueda del equipo"},"content":{"rendered":"<p style=\"text-align: justify;\">Con la derrota ante Magallanes, el Un\u00ed Un\u00ed cerr\u00f3 su participaci\u00f3n en la primera rueda del torneo de plata del f\u00fatbol chileno. Para el entrenador <strong>Erwin Dur\u00e1n<\/strong>, culminar en la quinta posici\u00f3n es algo positivo porque se est\u00e1 cumpliendo con los objetivos. <em>\u00abLa meta principal es estar en zona de liguilla; eso lo estamos logrando. Ahora como grupo nos gustar\u00eda ir por m\u00e1s ya que tenemos la convicci\u00f3n total que contamos con el plantel y las condiciones para luchar por m\u00e1s\u00bb,<\/em> coment\u00f3.<\/p>\n<p style=\"text-align: justify;\">Sobre la ca\u00edda frente al cuadro carabelero, el profesor Dur\u00e1n se refiri\u00f3: <em>\u00abLa derrota fue lamentable, no hicimos un partido correcto, por m\u00e1s que hayamos dispuesto de algunas ocasiones de gol. Talvez estamos en el momento justo de replantearnos algunas cosas, y para eso nos vendr\u00e1 muy bien el receso\u00bb.<\/em><\/p>\n<p style=\"text-align: justify;\">Tema no menor y donde se pondr\u00e1 mucha atenci\u00f3n ser\u00e1 en el aspecto f\u00edsico, cosa que el entrenador reconoci\u00f3. <em>\u00abEst\u00e1bamos desgastados y en este tiempo podremos recuperar a varios (jugadores) para tener el grupo completo, lo cual ser\u00e1 muy bueno ya que est\u00e1bamos deca\u00eddos en lo f\u00edsico. Quince d\u00edas sin competencia claramente nos servir\u00e1n para cargar fuerzas y poder volver con todo\u00bb.<\/em><\/p>\n<p style=\"text-align: justify;\">El martes pasado Uni\u00f3n San Felipe volvi\u00f3 a ser local en el estadio Municipal, y el retorno no fue feliz, por lo que la tarea para la segunda rueda ser\u00e1 solo una. <em>\u00abFue lamentable que en el regreso a nuestra cancha perdi\u00e9ramos, pero en la segunda rueda tendremos ocho encuentros aqu\u00ed y la tarea ser\u00e1 hacernos muy fuertes, porque de local la misi\u00f3n ser\u00e1 siempre sumar de a tres\u00bb,<\/em> finaliz\u00f3.<\/p>\n<figure id=\"attachment_103385\" aria-describedby=\"caption-attachment-103385\" style=\"width: 699px\" class=\"wp-caption alignnone\"><img data-recalc-dims=\"1\" loading=\"lazy\" decoding=\"async\" class=\"size-full wp-image-103385\" src=\"https:\/\/i0.wp.com\/eltrabajo.cl\/portal\/wp-content\/uploads\/2020\/10\/duran.jpg?resize=640%2C427&#038;ssl=1\" alt=\"El entrenador califica de positiva la campa\u00f1a de su escuadra.\" width=\"640\" height=\"427\" srcset=\"https:\/\/i0.wp.com\/eltrabajo.cl\/portal\/wp-content\/uploads\/2020\/10\/duran.jpg?w=699&amp;ssl=1 699w, https:\/\/i0.wp.com\/eltrabajo.cl\/portal\/wp-content\/uploads\/2020\/10\/duran.jpg?resize=300%2C200&amp;ssl=1 300w, https:\/\/i0.wp.com\/eltrabajo.cl\/portal\/wp-content\/uploads\/2020\/10\/duran.jpg?resize=200%2C133&amp;ssl=1 200w, https:\/\/i0.wp.com\/eltrabajo.cl\/portal\/wp-content\/uploads\/2020\/10\/duran.jpg?resize=696%2C464&amp;ssl=1 696w\" sizes=\"auto, (max-width: 640px) 100vw, 640px\" \/><figcaption id=\"caption-attachment-103385\" class=\"wp-caption-text\">El entrenador califica de positiva la campa\u00f1a de su escuadra.<\/figcaption><\/figure>\n<figure id=\"attachment_103386\" aria-describedby=\"caption-attachment-103386\" style=\"width: 698px\" class=\"wp-caption alignnone\"><img data-recalc-dims=\"1\" loading=\"lazy\" decoding=\"async\" class=\"size-full wp-image-103386\" src=\"https:\/\/i0.wp.com\/eltrabajo.cl\/portal\/wp-content\/uploads\/2020\/10\/uni-uni-2.jpg?resize=640%2C463&#038;ssl=1\" alt=\"Uni\u00f3n San Felipe finaliz\u00f3 la primera rueda del torneo en la quinta posici\u00f3n.\" width=\"640\" height=\"463\" srcset=\"https:\/\/i0.wp.com\/eltrabajo.cl\/portal\/wp-content\/uploads\/2020\/10\/uni-uni-2.jpg?w=698&amp;ssl=1 698w, https:\/\/i0.wp.com\/eltrabajo.cl\/portal\/wp-content\/uploads\/2020\/10\/uni-uni-2.jpg?resize=300%2C217&amp;ssl=1 300w, https:\/\/i0.wp.com\/eltrabajo.cl\/portal\/wp-content\/uploads\/2020\/10\/uni-uni-2.jpg?resize=200%2C145&amp;ssl=1 200w, https:\/\/i0.wp.com\/eltrabajo.cl\/portal\/wp-content\/uploads\/2020\/10\/uni-uni-2.jpg?resize=696%2C504&amp;ssl=1 696w, https:\/\/i0.wp.com\/eltrabajo.cl\/portal\/wp-content\/uploads\/2020\/10\/uni-uni-2.jpg?resize=324%2C235&amp;ssl=1 324w\" sizes=\"auto, (max-width: 640px) 100vw, 640px\" \/><figcaption id=\"caption-attachment-103386\" class=\"wp-caption-text\">Uni\u00f3n San Felipe finaliz\u00f3 la primera rueda del torneo en la quinta posici\u00f3n.<\/figcaption><\/figure>\n","protected":false},"excerpt":{"rendered":"<p>Con la derrota ante Magallanes, el Un\u00ed Un\u00ed cerr\u00f3 su participaci\u00f3n en la primera rueda del torneo de plata del f\u00fatbol chileno. Para el entrenador Erwin Dur\u00e1n, culminar en la quinta posici\u00f3n&#8230;<\/p>\n","protected":false},"author":482,"featured_media":103385,"comment_status":"closed","ping_status":"open","sticky":false,"template":"","format":"standard","meta":{"advanced_seo_description":"","jetpack_seo_html_title":"","jetpack_seo_noindex":false,"_jetpack_memberships_contains_paid_content":false,"footnotes":""},"categories":[19],"tags":[],"class_list":["post-103384","post","type-post","status-publish","format-standard","has-post-thumbnail","hentry","category-deportes"],"jetpack_featured_media_url":"https:\/\/i0.wp.com\/eltrabajo.cl\/portal\/wp-content\/uploads\/2020\/10\/duran.jpg?fit=699%2C466&ssl=1","jetpack_sharing_enabled":true,"jetpack_likes_enabled":true,"jetpack-related-posts":[],"_links":{"self":[{"href":"https:\/\/eltrabajo.cl\/portal\/wp-json\/wp\/v2\/posts\/103384","targetHints":{"allow":["GET"]}}],"collection":[{"href":"https:\/\/eltrabajo.cl\/portal\/wp-json\/wp\/v2\/posts"}],"about":[{"href":"https:\/\/eltrabajo.cl\/portal\/wp-json\/wp\/v2\/types\/post"}],"author":[{"embeddable":true,"href":"https:\/\/eltrabajo.cl\/portal\/wp-json\/wp\/v2\/users\/482"}],"replies":[{"embeddable":true,"href":"https:\/\/eltrabajo.cl\/portal\/wp-json\/wp\/v2\/comments?post=103384"}],"version-history":[{"count":0,"href":"https:\/\/eltrabajo.cl\/portal\/wp-json\/wp\/v2\/posts\/103384\/revisions"}],"wp:featuredmedia":[{"embeddable":true,"href":"https:\/\/eltrabajo.cl\/portal\/wp-json\/wp\/v2\/media\/103385"}],"wp:attachment":[{"href":"https:\/\/eltrabajo.cl\/portal\/wp-json\/wp\/v2\/media?parent=103384"}],"wp:term":[{"taxonomy":"category","embeddable":true,"href":"https:\/\/eltrabajo.cl\/portal\/wp-json\/wp\/v2\/categories?post=103384"},{"taxonomy":"post_tag","embeddable":true,"href":"https:\/\/eltrabajo.cl\/portal\/wp-json\/wp\/v2\/tags?post=103384"}],"curies":[{"name":"wp","href":"https:\/\/api.w.org\/{rel}","templated":true}]}}